{"id":100,"date":"2011-07-14T20:26:53","date_gmt":"2011-07-14T20:26:53","guid":{"rendered":""},"modified":"2012-11-21T04:22:32","modified_gmt":"2012-11-21T03:22:32","slug":"la-crisis-se-ceba-con-todos","status":"publish","type":"post","link":"https:\/\/elblogdejoseblasfernandez.com\/?p=100","title":{"rendered":"La crisis se ceba con todos"},"content":{"rendered":"<p style=\"text-align: justify;\">Nuestra revista siempre ha sido un veh\u00edculo portador de innovaciones, avances tecnol\u00f3gicos, mejoras del estado del bienestar y, en especial, un relanzamiento de las relaciones jur\u00eddico-laborales en el mundo del trabajo. Por ello, los Graduados Sociales, siempre al \u201cquite\u201d de trabajar en un mundo mejor, con proyectos profesionales que han llenado nuestros deseos de superarnos, hoy tiene que dar un mensaje de luces y sombras, donde por un lado hemos alcanzado, con nuestro esfuerzo, logros profesionales y donde, por ejemplo, nuestra figura procesal ha sido reconocida por el Legislador para que junto a otros profesionales llevemos a cabo la confecci\u00f3n y firma del Recurso de Suplicaci\u00f3n.<br \/>\nEs decir, un logro que ya era a\u00f1ejo en su petici\u00f3n, pero sin embargo, era una realidad que ven\u00edamos haciendo y que, como el tiempo todo lo pone en su sitio, ya est\u00e1 impreso en el BOE con el consiguiente reconocimiento del mundo jur\u00eddico en favor de nosotros. En consecuencia, hemos mejorado nuestro proyecto profesional y vocacional con estas parcelas que ya se atisban de efecto multiplicador en el campo de la Seguridad Social, Jurisdicci\u00f3n Mercantil, Contencioso-Administrativo e incluso como mediadores en conflictos civiles y mercantiles y un largo etc\u00e9tera que nos har\u00e1 a\u00fan m\u00e1s necesarios en este complejo parque de las relaciones jur\u00eddicas.<\/p>\n<p style=\"text-align: justify;\">Sin embargo, nuestro avance indiscutible tiene unas sombras que se llama crisis, la cual se ceba con todos los aut\u00f3nomos y con millones de trabajadores que est\u00e1n viendo d\u00eda a d\u00eda c\u00f3mo las empresas se est\u00e1n derrumbando y enterr\u00e1ndose bajo las cenizas del volc\u00e1n sin que nadie medie a favor de ellos.<br \/>\nEn Espa\u00f1a, el n\u00famero de empresas han pasado de 3.474.257 en Diciembre de 2009 a 3.220.541 en el mismo mes del 2010. Es decir, 253.716 empresas menos que traducido su descenso es un 7,3% menos. Y de estas 253.716 empresas, 155.979 eran regentadas por un aut\u00f3nomo sin asalariados, por lo que la concentraci\u00f3n de empresas perdidas es de un 61,5% y esto a\u00fan no ha parado.<\/p>\n<p style=\"text-align: justify;\">Entre los aut\u00f3nomos que han perdido su trabajo y han desaparecido del mercado laboral, tambi\u00e9n estamos los profesionales.<br \/>\nNuestros despachos tambi\u00e9n sufren la crisis y lo que muchas veces hemos hecho con nuestro pr\u00f3jimo empleador de tener que acudir a su \u201cvelatorio laboral\u201d, hoy tambi\u00e9n lo estamos haciendo con nosotros mismos. Y lo peor es que miles de j\u00f3venes, entre los que se encuentran las mujeres, no encuentran su primer empleo, por lo que estamos ante un salto cuantitativo generacional en la continuidad de todas las profesiones, pues lo que tuvo que haber sido una entrega del veterano al principiante, hoy se convierte en un cierre del veterano para no abrir m\u00e1s sus puertas y dejar al principiante sin oficio ni beneficio.<\/p>\n<p style=\"text-align: justify;\">Nuestro pa\u00eds tiene que buscar medidas claras y contundentes para la salida de la crisis. Hace falta una reforma laboral seria, una reforma de la Seguridad Social de acorde con el futuro inmediato y una reforma fiscal que propicie la creaci\u00f3n de puestos de trabajo. Dej\u00e9monos de subvenciones que dan lugar a mucho fraude encubierto y dej\u00e9monos de aparente formaci\u00f3n para j\u00f3venes que s\u00f3lo queda en un triste certificado donde como dijo un pensador, \u201cla sociedad actual pasa de comer en comedores de varios tenedores a comer s\u00f3lo en contenedores\u201d y esa triste realidad ya asoma nuestra cultura, por lo que el despilfarro, el descontrol y el apesebramiento son asignaturas suspendidas que tenemos que cambiar por una metodolog\u00eda moderna y llena de proyectos innovadores. Europa nos necesita, pero de manera competitiva y no para que seamos una r\u00e9mora y parezcamos un Marruecos con una capa de barniz.<\/p>\n","protected":false},"excerpt":{"rendered":"<p>Nuestra revista siempre ha sido un veh\u00edculo portador de innovaciones, avances tecnol\u00f3gicos, mejoras del estado del bienestar y, en especial, un relanzamiento de las relaciones jur\u00eddico-laborales en el mundo del trabajo. Por ello, los Graduados Sociales, siempre al \u201cquite\u201d de trabajar en un mundo mejor, con proyectos profesionales que han llenado nuestros deseos de superarnos, [&hellip;]<\/p>\n","protected":false},"author":1,"featured_media":0,"comment_status":"open","ping_status":"open","sticky":false,"template":"","format":"standard","meta":{"footnotes":""},"categories":[6],"tags":[],"class_list":["post-100","post","type-post","status-publish","format-standard","hentry","category-actualidad"],"_links":{"self":[{"href":"https:\/\/elblogdejoseblasfernandez.com\/index.php?rest_route=\/wp\/v2\/posts\/100","targetHints":{"allow":["GET"]}}],"collection":[{"href":"https:\/\/elblogdejoseblasfernandez.com\/index.php?rest_route=\/wp\/v2\/posts"}],"about":[{"href":"https:\/\/elblogdejoseblasfernandez.com\/index.php?rest_route=\/wp\/v2\/types\/post"}],"author":[{"embeddable":true,"href":"https:\/\/elblogdejoseblasfernandez.com\/index.php?rest_route=\/wp\/v2\/users\/1"}],"replies":[{"embeddable":true,"href":"https:\/\/elblogdejoseblasfernandez.com\/index.php?rest_route=%2Fwp%2Fv2%2Fcomments&post=100"}],"version-history":[{"count":2,"href":"https:\/\/elblogdejoseblasfernandez.com\/index.php?rest_route=\/wp\/v2\/posts\/100\/revisions"}],"predecessor-version":[{"id":515,"href":"https:\/\/elblogdejoseblasfernandez.com\/index.php?rest_route=\/wp\/v2\/posts\/100\/revisions\/515"}],"wp:attachment":[{"href":"https:\/\/elblogdejoseblasfernandez.com\/index.php?rest_route=%2Fwp%2Fv2%2Fmedia&parent=100"}],"wp:term":[{"taxonomy":"category","embeddable":true,"href":"https:\/\/elblogdejoseblasfernandez.com\/index.php?rest_route=%2Fwp%2Fv2%2Fcategories&post=100"},{"taxonomy":"post_tag","embeddable":true,"href":"https:\/\/elblogdejoseblasfernandez.com\/index.php?rest_route=%2Fwp%2Fv2%2Ftags&post=100"}],"curies":[{"name":"wp","href":"https:\/\/api.w.org\/{rel}","templated":true}]}}