{"id":101,"date":"2011-08-12T11:30:16","date_gmt":"2011-08-12T11:30:16","guid":{"rendered":""},"modified":"2012-11-21T04:20:32","modified_gmt":"2012-11-21T03:20:32","slug":"perdonenme-la-licencia","status":"publish","type":"post","link":"https:\/\/elblogdejoseblasfernandez.com\/?p=101","title":{"rendered":"Perd\u00f3nenme la licencia"},"content":{"rendered":"<p style=\"text-align: justify;\">Hemos asistido a la toma de posesi\u00f3n y renovaci\u00f3n de las nuevas corporaciones locales, en las que como de todos es sabido, se ha reflejado el sentir de la sociedad por una forma de hacer pol\u00edtica.<\/p>\n<p style=\"text-align: justify;\">Nunca el Partido Popular hab\u00eda logrado estos resultados, que como esperamos se confirmar\u00e1n en unos meses con la materializaci\u00f3n del realismo pol\u00edtico en el gobierno de la naci\u00f3n y en nuestra Comunidad Aut\u00f3noma.<\/p>\n<p style=\"text-align: justify;\">Llegado este ansiado momento, cuando el partido recoge, los a mi entender, merecidos frutos, perd\u00f3nenme la licencia de manifestar mi humilde satisfacci\u00f3n, la de un modesto trabajador no \u201cprofesional\u201d de la gesti\u00f3n p\u00fablica, que ciertamente no es un nuevo allegado, que no se ha encontrado con el camino hecho, sino que por el contrario, mejor o peor, a\u00fan cuando \u00e9ramos pocos, se lo ha tenido que labrar durante muchos a\u00f1os no exentos de dificultades, acompa\u00f1ado, eso s\u00ed, de excelentes personas que han sabido anteponer los intereses generales a los suyos propios y habiendo conocido y trabajado con mujeres y hombres llenos de altos valores y que ha sido y es todo un lujo haber compartido tantas experiencias.<\/p>\n<p style=\"text-align: justify;\">Ahora y m\u00e1s a\u00fan en los pr\u00f3ximos meses, en los que el Partido Popular tendr\u00e1 que asumir nuevas e importantes responsabilidades, extendi\u00e9ndose por el mapa nacional como nunca antes, es para m\u00ed una doble satisfacci\u00f3n, por una parte , ver el crecimiento de este partido y su incorporaci\u00f3n a \u00e9l de nuevos y j\u00f3venes valores, nueva savia tan necesaria para llevar a buen puerto nuestros proyectos y el nuevo modelo que el pa\u00eds demanda para salir de esta situaci\u00f3n de crisis econ\u00f3mica que por ahora no nos deja ver su final.<br \/>\nY por otra parte, no es menor la satisfacci\u00f3n de haber trabajado durante tanto tiempo, primero durante los largos a\u00f1os de la oposici\u00f3n, tan f\u00e1cilmente olvidados, pero que constituyeron la base y que hicieron posible que esta alternativa ahora entendida, permaneciera viva. Largu\u00edsimos a\u00f1os de oposici\u00f3n, cuando en nuestra propia ciudad, el partido socialista parec\u00eda invencible, aunque a muchos j\u00f3venes esto les resulte dif\u00edcil de entender y algunos de los menos j\u00f3venes parecen haberlo olvidado. Seguidos de a\u00f1os de ilusionante gesti\u00f3n, a pesar de no jugar con la carta m\u00e1s bonita de la baraja, pero en los que entre todos, se ha mantenido con gran dignidad una ciudad en cuyo futuro no todos cre\u00edan con una alcaldesa como es Teofila Mart\u00ednez, donde muchos junto a su labor no s\u00f3lo hemos sabido trabajar, sino que hemos disfrutado de todo un lujo pol\u00edtico y carisma como ella posee.<\/p>\n<p style=\"text-align: justify;\">Ahora se abre una nueva etapa, no s\u00f3lo a nivel municipal, sino regional, nacional e incluso mundial, con los retos y los cambios a los que tendr\u00e1 que hacer frente la humanidad antes de lo que muchos piensan y en los que junto al nuevo \u00edmpetu de la juventud, la experiencia, aquella basada en el trabajo, seguir\u00e1 siendo un grado, no as\u00ed la fundamentada en la especulaci\u00f3n, el oportunismo y en los intereses personales. Con la autoridad de los a\u00f1os y la dedicaci\u00f3n prestada, perm\u00edtanme una \u00faltima licencia dicha como todo lo anterior, con mi mejor intenci\u00f3n y esp\u00edritu constructivo, con humildad y agradecimiento y con el ruego de su mejor interpretaci\u00f3n que es la de dar mi m\u00e1s cordial bienvenida a los que se han ido uniendo a nuestro proyecto, algunos incluso durante a\u00f1os, con otras simpat\u00edas, pero que se han unido para sumar, para remar en la misma direcci\u00f3n y mis m\u00e1s cordial bienvenida, en especial, a los m\u00e1s j\u00f3venes que han a\u00f1adido savia fresca. Bienvenidos a nuestros proyectos, pero teniendo siempre presente que los que durante tantos a\u00f1os hemos trabajado y resistido a las flaquezas de otros tiempos, seguimos estando aqu\u00ed, vigilantes de nuestros valores y que mantendremos de por vida, porque a pesar de lo que a veces nos vemos obligados a soportar, no todos estamos en el mismo saco, valores muy simples y por los que siempre hemos estado, estamos y estaremos, valores que no son otros que el trabajo y la lealtad demostrada.<\/p>\n","protected":false},"excerpt":{"rendered":"<p>Hemos asistido a la toma de posesi\u00f3n y renovaci\u00f3n de las nuevas corporaciones locales, en las que como de todos es sabido, se ha reflejado el sentir de la sociedad por una forma de hacer pol\u00edtica. Nunca el Partido Popular hab\u00eda logrado estos resultados, que como esperamos se confirmar\u00e1n en unos meses con la materializaci\u00f3n [&hellip;]<\/p>\n","protected":false},"author":1,"featured_media":0,"comment_status":"open","ping_status":"open","sticky":false,"template":"","format":"standard","meta":{"footnotes":""},"categories":[6,5,4],"tags":[],"class_list":["post-101","post","type-post","status-publish","format-standard","hentry","category-actualidad","category-parlamentario","category-vida-publica"],"_links":{"self":[{"href":"https:\/\/elblogdejoseblasfernandez.com\/index.php?rest_route=\/wp\/v2\/posts\/101","targetHints":{"allow":["GET"]}}],"collection":[{"href":"https:\/\/elblogdejoseblasfernandez.com\/index.php?rest_route=\/wp\/v2\/posts"}],"about":[{"href":"https:\/\/elblogdejoseblasfernandez.com\/index.php?rest_route=\/wp\/v2\/types\/post"}],"author":[{"embeddable":true,"href":"https:\/\/elblogdejoseblasfernandez.com\/index.php?rest_route=\/wp\/v2\/users\/1"}],"replies":[{"embeddable":true,"href":"https:\/\/elblogdejoseblasfernandez.com\/index.php?rest_route=%2Fwp%2Fv2%2Fcomments&post=101"}],"version-history":[{"count":4,"href":"https:\/\/elblogdejoseblasfernandez.com\/index.php?rest_route=\/wp\/v2\/posts\/101\/revisions"}],"predecessor-version":[{"id":509,"href":"https:\/\/elblogdejoseblasfernandez.com\/index.php?rest_route=\/wp\/v2\/posts\/101\/revisions\/509"}],"wp:attachment":[{"href":"https:\/\/elblogdejoseblasfernandez.com\/index.php?rest_route=%2Fwp%2Fv2%2Fmedia&parent=101"}],"wp:term":[{"taxonomy":"category","embeddable":true,"href":"https:\/\/elblogdejoseblasfernandez.com\/index.php?rest_route=%2Fwp%2Fv2%2Fcategories&post=101"},{"taxonomy":"post_tag","embeddable":true,"href":"https:\/\/elblogdejoseblasfernandez.com\/index.php?rest_route=%2Fwp%2Fv2%2Ftags&post=101"}],"curies":[{"name":"wp","href":"https:\/\/api.w.org\/{rel}","templated":true}]}}