{"id":103,"date":"2011-10-25T10:42:00","date_gmt":"2011-10-25T10:42:00","guid":{"rendered":""},"modified":"2012-11-21T04:22:08","modified_gmt":"2012-11-21T03:22:08","slug":"la-seguridad-social-disminuye-su-superavit","status":"publish","type":"post","link":"https:\/\/elblogdejoseblasfernandez.com\/?p=103","title":{"rendered":"La Seguridad Social disminuye su super\u00e1vit"},"content":{"rendered":"<p style=\"text-align: justify;\">Afortunadamente nuestra Seguridad Social es la \u00fanica Administraci\u00f3n espa\u00f1ola que a\u00fan no ha pisado los n\u00fameros rojos y ojal\u00e1 nunca tengamos que \u201cacariciarlos\u201d porque mala se\u00f1al ser\u00eda si esto ocurriese.<\/p>\n<p style=\"text-align: justify;\">No intento ser pesimista ni agorero, pues hasta el pasado Agosto la Seguridad Social ingres\u00f3 4.575 millones de euros m\u00e1s de los que gast\u00f3. Es decir, casi un 0,43% del PIB, lo que dicho as\u00ed tenemos que congratularnos y alegrarnos de algo que en definitiva beneficiar\u00e1 al sistema p\u00fablico de pensiones. Pero, entramos en una preocupaci\u00f3n seria y es que el super\u00e1vit del pasado a\u00f1o que fue de un 0,7% (cifras dadas por el Ministerio de Trabajo) se ha reducido a m\u00e1s de la mitad. Este frenazo y bajada del super\u00e1vit acompa\u00f1ado del debacle del d\u00e9ficit que sostiene la Administraci\u00f3n central y tanto cierre de empresas y falta de cotizaciones hace que sin ser alarmista, pero s\u00ed precavido, tengamos que tener en cuenta lo que se nos puede avecinar.<\/p>\n<p style=\"text-align: justify;\">Tiene que existir un claro control de las cuentas p\u00fablicas y sobretodo no permitir que el d\u00e9ficit del Estado se acumule de la manera que viene acaeciendo, pues podemos, de seguir as\u00ed, en cinco a\u00f1os tener un gran susto en una administraci\u00f3n como es la Seguridad Social que es de todos y para todos.<\/p>\n<p style=\"text-align: justify;\">Faltan cotizaciones y ello s\u00f3lo se suple con una creaci\u00f3n seria de empleo, pues si se han tomado medidas para reciclar el mercado laboral con contratos temporales, puede que sea un efecto para una mayor creaci\u00f3n de empleo, pero si estas medidas no son bien encajadas y siguen desapareciendo pymes y aut\u00f3nomos, el desenlace no puede ser peor, pues es curioso ver c\u00f3mo se ha desacelerado la recaudaci\u00f3n por el IVA, muy significativo en la facturaci\u00f3n y en el gasto de los espa\u00f1oles, pero hay que frenar la p\u00e9rdida de gastos en el FOGASA y los servicios p\u00fablicos de empleo, pues sin ello el objetivo de mantener un super\u00e1vit digno en la Seguridad Social es imposible.<\/p>\n<p style=\"text-align: justify;\">Estamos en Europa y muchas de las medidas nos las han impuesto desde Alemania. Entre ellas la jubilaci\u00f3n a los 67 a\u00f1os, situaci\u00f3n necesaria para poder hace un servicio p\u00fablico de pensiones digno y para todos, pero no olvidemos que tenemos las pensiones m\u00e1ximas topadas y quienes las disfrutan ya tienen p\u00e9rdida en su poder adquisitivo, algo que est\u00e1 aumentando por d\u00edas, por lo que, o cambiamos seriamente el mercado laboral y cotizamos para todos, o de lo contrario y, por desgracia, las prestaciones de jubilaci\u00f3n no ser\u00e1n para todos.<\/p>\n","protected":false},"excerpt":{"rendered":"<p>Afortunadamente nuestra Seguridad Social es la \u00fanica Administraci\u00f3n espa\u00f1ola que a\u00fan no ha pisado los n\u00fameros rojos y ojal\u00e1 nunca tengamos que \u201cacariciarlos\u201d porque mala se\u00f1al ser\u00eda si esto ocurriese. No intento ser pesimista ni agorero, pues hasta el pasado Agosto la Seguridad Social ingres\u00f3 4.575 millones de euros m\u00e1s de los que gast\u00f3. Es [&hellip;]<\/p>\n","protected":false},"author":1,"featured_media":0,"comment_status":"open","ping_status":"open","sticky":false,"template":"","format":"standard","meta":{"footnotes":""},"categories":[6],"tags":[],"class_list":["post-103","post","type-post","status-publish","format-standard","hentry","category-actualidad"],"_links":{"self":[{"href":"https:\/\/elblogdejoseblasfernandez.com\/index.php?rest_route=\/wp\/v2\/posts\/103","targetHints":{"allow":["GET"]}}],"collection":[{"href":"https:\/\/elblogdejoseblasfernandez.com\/index.php?rest_route=\/wp\/v2\/posts"}],"about":[{"href":"https:\/\/elblogdejoseblasfernandez.com\/index.php?rest_route=\/wp\/v2\/types\/post"}],"author":[{"embeddable":true,"href":"https:\/\/elblogdejoseblasfernandez.com\/index.php?rest_route=\/wp\/v2\/users\/1"}],"replies":[{"embeddable":true,"href":"https:\/\/elblogdejoseblasfernandez.com\/index.php?rest_route=%2Fwp%2Fv2%2Fcomments&post=103"}],"version-history":[{"count":3,"href":"https:\/\/elblogdejoseblasfernandez.com\/index.php?rest_route=\/wp\/v2\/posts\/103\/revisions"}],"predecessor-version":[{"id":514,"href":"https:\/\/elblogdejoseblasfernandez.com\/index.php?rest_route=\/wp\/v2\/posts\/103\/revisions\/514"}],"wp:attachment":[{"href":"https:\/\/elblogdejoseblasfernandez.com\/index.php?rest_route=%2Fwp%2Fv2%2Fmedia&parent=103"}],"wp:term":[{"taxonomy":"category","embeddable":true,"href":"https:\/\/elblogdejoseblasfernandez.com\/index.php?rest_route=%2Fwp%2Fv2%2Fcategories&post=103"},{"taxonomy":"post_tag","embeddable":true,"href":"https:\/\/elblogdejoseblasfernandez.com\/index.php?rest_route=%2Fwp%2Fv2%2Ftags&post=103"}],"curies":[{"name":"wp","href":"https:\/\/api.w.org\/{rel}","templated":true}]}}