{"id":104,"date":"2011-11-24T17:40:15","date_gmt":"2011-11-24T17:40:15","guid":{"rendered":""},"modified":"2012-11-21T04:19:18","modified_gmt":"2012-11-21T03:19:18","slug":"la-economia-ha-roto-en-espana-parametros-impensables","status":"publish","type":"post","link":"https:\/\/elblogdejoseblasfernandez.com\/?p=104","title":{"rendered":"La econom\u00eda ha roto en Espa\u00f1a par\u00e1metros impensables"},"content":{"rendered":"<p style=\"text-align: justify;\">Nuestro Colectivo ha sido el mejor term\u00f3metro para medir la situaci\u00f3n de las pymes y micropymes de nuestro tejido empresarial.\u00a0Los Graduados Sociales hemos visto en nuestros despachos c\u00f3mo miles de trabajadores han pasado a los servicios p\u00fablicos de empleo como consecuencia de la desaparici\u00f3n de sus puestos de trabajo y c\u00f3mo hemos estado acompa\u00f1ando a empresas y trabajadores a engordar en tama\u00f1o, nada deseable, las listas de procesos judiciales existentes, tanto en la jurisdicci\u00f3n del orden social, como en la mercantil. Nuestro pa\u00eds llamado Espa\u00f1a ha llegado a los cinco millones de parados, sin contar con otros miles de trabajadores que bajo el paraguas de la formaci\u00f3n tambi\u00e9n han pasado a engrosar esas listas que han producido la quiebra de la econom\u00eda. En nuestra provincia de C\u00e1diz han cerrado m\u00e1s de doce mil empresas, hemos visto c\u00f3mo el problema de la financiaci\u00f3n y de la reforma laboral no han dado resultado, por lo que las medidas tomadas no han sido las deseadas y, por tanto, estamos en una encrucijada sin precedentes que ha roto par\u00e1metros impensables.<\/p>\n<p style=\"text-align: justify;\">Nuestro colectivo tambi\u00e9n ha sufrido en sus filas el cierre de despachos y hemos acudido muchos de nosotros a cambiar o simultanear otra profesi\u00f3n porque el mundo en el que nos desenvolvemos nos ha hundido en un profundo socav\u00f3n. En estos momentos, existe un duro mercado de trabajo donde j\u00f3venes y mujeres han sido los m\u00e1s afectados por la crisis, pero nuestros emprendedores que son al final, nuestros clientes, han compartido con nosotros la triste realidad de ver c\u00f3mo entre la deslocalizaci\u00f3n y la falta de comprensi\u00f3n de las entidades financieras, los aut\u00f3nomos y pymes han perdido su condici\u00f3n m\u00e1s se\u00f1era, cual es la ilusi\u00f3n, el trabajo y el mercado en toda su dimensi\u00f3n.<\/p>\n<p style=\"text-align: justify;\">Este a\u00f1o ha sido muy duro para todos nosotros, pues si bien hemos conseguido logros profesionales y la reciente reforma de la Ley de Procedimiento Laboral nos va a dar mayores competencias, no cabe duda que la desolaci\u00f3n de vivir junto a personas que lo pasan mal, nos ha hecho m\u00e1s recios en nuestra forma de actuar y, a la vez, m\u00e1s comprensivos por la falta de rigor que esta crisis mundial ha provocado.<\/p>\n<p style=\"text-align: justify;\">No quiero ser pesimista, pues la realidad es palpable, pero contra eso, deberemos seguir unidos y defendiendo nuestra profesi\u00f3n para poder volver a ser esa figura indispensable del mundo laboral. Y digo algo m\u00e1s, deberemos ser conscientes de que a\u00fan cuando se nos avecinan tiempos tambi\u00e9n dif\u00edciles, no podemos tirar la toalla y esconder la cabeza como el avestruz esperando que alguien nos solucione el gran problema que hoy Espa\u00f1a padece.<\/p>\n<p style=\"text-align: justify;\">Termina el a\u00f1o y quiero felicitarte por el trabajo bien hecho, por tu colaboraci\u00f3n con las administraciones p\u00fablicas, con empresas y trabajadores, as\u00ed como por el reciclaje profesional que has mantenido pese a las adversidades y c\u00f3mo en todo este entramado del mundo laboral nuestra profesi\u00f3n de Graduado Social ha salido a flote porque quienes se fijaron en nosotros y nos llamaron para que les ayudasemos han tenido una respuesta acertada, comprensiva y llena de valores de quienes llevamos a gala ser portadores de la Justicia Social.<\/p>\n<p style=\"text-align: justify;\">Los que somos veteranos y llevamos muchos a\u00f1os de ejercicio profesional, sabemos que estas crisis siempre tienen un final y, por tanto, preparemosnos para afrontar e interpretar toda una abundante normativa que los Legisladores est\u00e1n preparando pr\u00f3ximamente y seguro que con nuestro asesoramiento y nuestra vocaci\u00f3n de profesionales seguiremos siendo necesarios para esta Espa\u00f1a en la que todos somos indispensables.<\/p>\n","protected":false},"excerpt":{"rendered":"<p>Nuestro Colectivo ha sido el mejor term\u00f3metro para medir la situaci\u00f3n de las pymes y micropymes de nuestro tejido empresarial.\u00a0Los Graduados Sociales hemos visto en nuestros despachos c\u00f3mo miles de trabajadores han pasado a los servicios p\u00fablicos de empleo como consecuencia de la desaparici\u00f3n de sus puestos de trabajo y c\u00f3mo hemos estado acompa\u00f1ando a [&hellip;]<\/p>\n","protected":false},"author":1,"featured_media":0,"comment_status":"open","ping_status":"open","sticky":false,"template":"","format":"standard","meta":{"footnotes":""},"categories":[6],"tags":[],"class_list":["post-104","post","type-post","status-publish","format-standard","hentry","category-actualidad"],"_links":{"self":[{"href":"https:\/\/elblogdejoseblasfernandez.com\/index.php?rest_route=\/wp\/v2\/posts\/104","targetHints":{"allow":["GET"]}}],"collection":[{"href":"https:\/\/elblogdejoseblasfernandez.com\/index.php?rest_route=\/wp\/v2\/posts"}],"about":[{"href":"https:\/\/elblogdejoseblasfernandez.com\/index.php?rest_route=\/wp\/v2\/types\/post"}],"author":[{"embeddable":true,"href":"https:\/\/elblogdejoseblasfernandez.com\/index.php?rest_route=\/wp\/v2\/users\/1"}],"replies":[{"embeddable":true,"href":"https:\/\/elblogdejoseblasfernandez.com\/index.php?rest_route=%2Fwp%2Fv2%2Fcomments&post=104"}],"version-history":[{"count":2,"href":"https:\/\/elblogdejoseblasfernandez.com\/index.php?rest_route=\/wp\/v2\/posts\/104\/revisions"}],"predecessor-version":[{"id":507,"href":"https:\/\/elblogdejoseblasfernandez.com\/index.php?rest_route=\/wp\/v2\/posts\/104\/revisions\/507"}],"wp:attachment":[{"href":"https:\/\/elblogdejoseblasfernandez.com\/index.php?rest_route=%2Fwp%2Fv2%2Fmedia&parent=104"}],"wp:term":[{"taxonomy":"category","embeddable":true,"href":"https:\/\/elblogdejoseblasfernandez.com\/index.php?rest_route=%2Fwp%2Fv2%2Fcategories&post=104"},{"taxonomy":"post_tag","embeddable":true,"href":"https:\/\/elblogdejoseblasfernandez.com\/index.php?rest_route=%2Fwp%2Fv2%2Ftags&post=104"}],"curies":[{"name":"wp","href":"https:\/\/api.w.org\/{rel}","templated":true}]}}