{"id":1174,"date":"2014-03-10T18:19:26","date_gmt":"2014-03-10T17:19:26","guid":{"rendered":"http:\/\/elblogdejoseblasfernandez.com\/?p=1174"},"modified":"2014-03-10T18:19:26","modified_gmt":"2014-03-10T17:19:26","slug":"la-decana-de-la-facultad-de-ciencias-del-trabajo-visita-el-colegio-de-graduados-sociales-de-cadiz","status":"publish","type":"post","link":"https:\/\/elblogdejoseblasfernandez.com\/?p=1174","title":{"rendered":"LA DECANA DE LA FACULTAD DE CIENCIAS DEL TRABAJO  VISITA EL COLEGIO DE GRADUADOS SOCIALES DE C\u00c1DIZ"},"content":{"rendered":"<p style=\"text-align: justify;\">\u00a0\u00a0\u00a0\u00a0\u00a0\u00a0\u00a0\u00a0 La Decana de la Facultad de Ciencias del Trabajo, <strong>Eva Garrido<\/strong> <strong>P\u00e9rez,\u00a0<\/strong>\u00a0visit\u00f3 la sede del Colegio de Graduados Sociales\u00a0 el pasado 5 de este mes de Marzo y \u00a0con la que mantuve \u00a0una reuni\u00f3n para\u00a0 recopilar los distintos convenios de\u00a0 colaboraci\u00f3n que \u00a0se tienen suscritos entre el Colegio que presido y la propia Facultad, tom\u00e1ndose\u00a0 determinados acuerdos para estrechar a\u00fan m\u00e1s todav\u00eda\u00a0 los lazos de uni\u00f3n que entre\u00a0 dicha Facultad y el Colegio ya se vienen teniendo.<\/p>\n<p style=\"text-align: justify;\">\u00a0\u00a0\u00a0\u00a0\u00a0\u00a0\u00a0\u00a0\u00a0 Por mi parte, como Presidente, \u00a0\u00a0le\u00a0 encomend\u00e9 el estudio \u00a0de un convenio\u00a0 para desarrollar la figura del Mediador\u00a0 en asuntos civiles y mercantiles para dar cumplimiento al Real Decreto 980\/2013, de 13 de Diciembre, por el que se desarrollan determinados aspectos de la Ley 5\/2012, de 6 de Julio, de mediaci\u00f3n en asuntos civiles y mercantiles, con el fin de que\u00a0 el colectivo \u00a0de Graduados Sociales pueda formarse\u00a0 y apueste\u00a0 por la calidad de la mediaci\u00f3n tal y como establece el Ministerio de Justicia.<\/p>\n<p style=\"text-align: justify;\">\n<p style=\"text-align: justify;\">\u00a0\u00a0\u00a0\u00a0\u00a0\u00a0\u00a0\u00a0\u00a0 Entre otros asuntos, tratamos tambi\u00e9n sobre\u00a0 la formaci\u00f3n \u00a0de alumnos en los Despachos profesionales para que\u00a0 obtengan un nivel de excelencia\u00a0 a la hora de terminar los estudios de Grado y\u00a0 conocer de cerca el desarrollo de la profesi\u00f3n liberal del Graduado Social\u00a0 como especialista en Derecho Laboral y de Seguridad Social.<\/p>\n<p style=\"text-align: justify;\">\u00a0\u00a0\u00a0\u00a0\u00a0\u00a0\u00a0\u00a0\u00a0 De igual modo, la Decana solicit\u00f3 que en las jornadas que el Colegio establec\u00eda para sus colegiados, se siguiera manteniendo un\u00a0 cupo para los alumnos de la Facultad en todo el\u00a0 \u00e1mbito territorial del Colegio, agradeciendo\u00a0 el premio\u00a0 que\u00a0 otorga el mismo \u00a0al mejor expediente acad\u00e9mico de cada curso, consistente en\u00a0 que la cuota de incorporaci\u00f3n al Colegio es gratuita para dicho\/a alumno\/a.<\/p>\n<p style=\"text-align: justify;\">\u00a0<\/p>\n","protected":false},"excerpt":{"rendered":"<p>\u00a0\u00a0\u00a0\u00a0\u00a0\u00a0\u00a0\u00a0 La Decana de la Facultad de Ciencias del Trabajo, Eva Garrido P\u00e9rez,\u00a0\u00a0visit\u00f3 la sede del Colegio de Graduados Sociales\u00a0 el pasado 5 de este mes de Marzo y \u00a0con la que mantuve \u00a0una reuni\u00f3n para\u00a0 recopilar los distintos convenios de\u00a0 colaboraci\u00f3n que \u00a0se tienen suscritos entre el Colegio que presido y la propia Facultad, [&hellip;]<\/p>\n","protected":false},"author":1,"featured_media":0,"comment_status":"open","ping_status":"open","sticky":false,"template":"","format":"standard","meta":{"footnotes":""},"categories":[3],"tags":[],"class_list":["post-1174","post","type-post","status-publish","format-standard","hentry","category-vida-profesional"],"_links":{"self":[{"href":"https:\/\/elblogdejoseblasfernandez.com\/index.php?rest_route=\/wp\/v2\/posts\/1174","targetHints":{"allow":["GET"]}}],"collection":[{"href":"https:\/\/elblogdejoseblasfernandez.com\/index.php?rest_route=\/wp\/v2\/posts"}],"about":[{"href":"https:\/\/elblogdejoseblasfernandez.com\/index.php?rest_route=\/wp\/v2\/types\/post"}],"author":[{"embeddable":true,"href":"https:\/\/elblogdejoseblasfernandez.com\/index.php?rest_route=\/wp\/v2\/users\/1"}],"replies":[{"embeddable":true,"href":"https:\/\/elblogdejoseblasfernandez.com\/index.php?rest_route=%2Fwp%2Fv2%2Fcomments&post=1174"}],"version-history":[{"count":2,"href":"https:\/\/elblogdejoseblasfernandez.com\/index.php?rest_route=\/wp\/v2\/posts\/1174\/revisions"}],"predecessor-version":[{"id":1179,"href":"https:\/\/elblogdejoseblasfernandez.com\/index.php?rest_route=\/wp\/v2\/posts\/1174\/revisions\/1179"}],"wp:attachment":[{"href":"https:\/\/elblogdejoseblasfernandez.com\/index.php?rest_route=%2Fwp%2Fv2%2Fmedia&parent=1174"}],"wp:term":[{"taxonomy":"category","embeddable":true,"href":"https:\/\/elblogdejoseblasfernandez.com\/index.php?rest_route=%2Fwp%2Fv2%2Fcategories&post=1174"},{"taxonomy":"post_tag","embeddable":true,"href":"https:\/\/elblogdejoseblasfernandez.com\/index.php?rest_route=%2Fwp%2Fv2%2Ftags&post=1174"}],"curies":[{"name":"wp","href":"https:\/\/api.w.org\/{rel}","templated":true}]}}