{"id":1180,"date":"2014-03-11T10:50:39","date_gmt":"2014-03-11T09:50:39","guid":{"rendered":"http:\/\/elblogdejoseblasfernandez.com\/?p=1180"},"modified":"2014-03-11T10:50:39","modified_gmt":"2014-03-11T09:50:39","slug":"consultorio-juridico-del-colegio-de-graduados-sociales-de-cadiz-de-fecha-09-03-2014","status":"publish","type":"post","link":"https:\/\/elblogdejoseblasfernandez.com\/?p=1180","title":{"rendered":"CONSULTORIO JUR\u00cdDICO DEL COLEGIO DE GRADUADOS SOCIALES DE CADIZ, DE FECHA 09-03-2014"},"content":{"rendered":"<p style=\"text-align: justify;\">El pasado domingo, 9 de Marzo, y como va a ser habitual, el Colegio de Graduados Sociales de C\u00e1diz volvi\u00f3 a publicar el Consultorio Jur\u00eddico a trav\u00e9s del cual los ciudadanos pueden realizar sus consultas\u00a0 sobre temas laborales, de Seguridad Social y Fiscal, siendo contestadas\u00a0\u00a0 por meste medio. Seguidamente\u00a0\u00a0 indico el enlace al que pueden acceder a este\u00a0Consultorio del pasado 9 de Marzo, el cual adem\u00e1s de en el Diario de C\u00e1diz, sali\u00f3 publicado en el Diario de Jerez y Europa Sur.<\/p>\n<p style=\"text-align: justify;\"><a href=\"http:\/\/elblogdejoseblasfernandez.com\/wp-content\/uploads\/2014\/03\/diario_de_cadiz_2f9a9f.pdf\">diario_de_cadiz_2f9a9f<\/a><\/p>\n<p style=\"text-align: justify;\">\u00a0<\/p>\n","protected":false},"excerpt":{"rendered":"<p>El pasado domingo, 9 de Marzo, y como va a ser habitual, el Colegio de Graduados Sociales de C\u00e1diz volvi\u00f3 a publicar el Consultorio Jur\u00eddico a trav\u00e9s del cual los ciudadanos pueden realizar sus consultas\u00a0 sobre temas laborales, de Seguridad Social y Fiscal, siendo contestadas\u00a0\u00a0 por meste medio. Seguidamente\u00a0\u00a0 indico el enlace al que pueden [&hellip;]<\/p>\n","protected":false},"author":1,"featured_media":0,"comment_status":"open","ping_status":"open","sticky":false,"template":"","format":"standard","meta":{"footnotes":""},"categories":[3],"tags":[],"class_list":["post-1180","post","type-post","status-publish","format-standard","hentry","category-vida-profesional"],"_links":{"self":[{"href":"https:\/\/elblogdejoseblasfernandez.com\/index.php?rest_route=\/wp\/v2\/posts\/1180","targetHints":{"allow":["GET"]}}],"collection":[{"href":"https:\/\/elblogdejoseblasfernandez.com\/index.php?rest_route=\/wp\/v2\/posts"}],"about":[{"href":"https:\/\/elblogdejoseblasfernandez.com\/index.php?rest_route=\/wp\/v2\/types\/post"}],"author":[{"embeddable":true,"href":"https:\/\/elblogdejoseblasfernandez.com\/index.php?rest_route=\/wp\/v2\/users\/1"}],"replies":[{"embeddable":true,"href":"https:\/\/elblogdejoseblasfernandez.com\/index.php?rest_route=%2Fwp%2Fv2%2Fcomments&post=1180"}],"version-history":[{"count":1,"href":"https:\/\/elblogdejoseblasfernandez.com\/index.php?rest_route=\/wp\/v2\/posts\/1180\/revisions"}],"predecessor-version":[{"id":1182,"href":"https:\/\/elblogdejoseblasfernandez.com\/index.php?rest_route=\/wp\/v2\/posts\/1180\/revisions\/1182"}],"wp:attachment":[{"href":"https:\/\/elblogdejoseblasfernandez.com\/index.php?rest_route=%2Fwp%2Fv2%2Fmedia&parent=1180"}],"wp:term":[{"taxonomy":"category","embeddable":true,"href":"https:\/\/elblogdejoseblasfernandez.com\/index.php?rest_route=%2Fwp%2Fv2%2Fcategories&post=1180"},{"taxonomy":"post_tag","embeddable":true,"href":"https:\/\/elblogdejoseblasfernandez.com\/index.php?rest_route=%2Fwp%2Fv2%2Ftags&post=1180"}],"curies":[{"name":"wp","href":"https:\/\/api.w.org\/{rel}","templated":true}]}}