{"id":1189,"date":"2014-03-21T20:58:39","date_gmt":"2014-03-21T19:58:39","guid":{"rendered":"http:\/\/elblogdejoseblasfernandez.com\/?p=1189"},"modified":"2014-03-21T20:58:39","modified_gmt":"2014-03-21T19:58:39","slug":"el-presidente-del-tribunal-constitucional-en-cadiz","status":"publish","type":"post","link":"https:\/\/elblogdejoseblasfernandez.com\/?p=1189","title":{"rendered":"EL PRESIDENTE DEL TRIBUNAL CONSTITUCIONAL EN C\u00c1DIZ."},"content":{"rendered":"<p style=\"text-align: justify;\" align=\"center\">\u00a0\u00a0\u00a0\u00a0\u00a0\u00a0\u00a0\u00a0 Hoy, 21 del cte, mes de Marzo y para el acto de descubrimiento de una lapida en conmemoraci\u00f3n de un Pleno Jurisdiccional celebrado en C\u00e1diz con motivo del Bicentenario, el Presidente del Tribunal Constitucional, <strong>Francisco P\u00e9rez de los Cobos Orihuel,<\/strong> acompa\u00f1ado de la Vice-Presidenta, <strong>Adela Asua Batarrita<\/strong> y del ExPresidente del referido Tribunal, <strong>Pascual Sala S\u00e1nchez<\/strong>,\u00a0 estuvo\u00a0 en la capital gaditana para\u00a0 presidir los actos de tal efem\u00e9rides.<\/p>\n<p style=\"text-align: justify;\">\u00a0\u00a0\u00a0\u00a0\u00a0\u00a0\u00a0\u00a0 El nuevo Presidente del Tribunal Constitucional, el cual procede de\u00a0 la Universidad donde es Catedr\u00e1tico de Derecho del Trabajo y Seguridad Social, es un excelente jurista con el que\u00a0 he departido todo el d\u00eda, ya que como buen conocedor de las materias socio-laborales y de Seguridad Social, tengo que decir que\u00a0 sus amplios conocimientos\u00a0 le har\u00e1n\u00a0 un gran Magistrado y Presidente del m\u00e1s alto Tribunal de Espa\u00f1a.<\/p>\n<p style=\"text-align: justify;\">\n<p style=\"text-align: justify;\">\u00a0\u00a0\u00a0\u00a0\u00a0\u00a0\u00a0\u00a0 Desde luego, estar con personas del nivel de P\u00e9rez de los Cobos te hace\u00a0 reconocer que en nuestro pa\u00eds existen grandes juristas\u00a0 y que la parcela que es mi vocaci\u00f3n, es decir, la del Derecho del Trabajo es de las m\u00e1s importantes que hoy se debaten en todas las parcelas. <\/p>\n<p style=\"text-align: justify;\">\u00a0\u00a0\u00a0\u00a0\u00a0\u00a0\u00a0\u00a0 L\u00e1stima que los Juzgados de lo Social est\u00e9n repletos de Magistrados\u00a0 sin conocimiento de la materia y un gran n\u00famero del cuarto turno, lo que demuestra que habr\u00eda que hacer una buena reforma en esta Jurisdicci\u00f3n del Orden Social y, concretamente en la primera instancia.<\/p>\n<p style=\"text-align: justify;\">\n","protected":false},"excerpt":{"rendered":"<p>\u00a0\u00a0\u00a0\u00a0\u00a0\u00a0\u00a0\u00a0 Hoy, 21 del cte, mes de Marzo y para el acto de descubrimiento de una lapida en conmemoraci\u00f3n de un Pleno Jurisdiccional celebrado en C\u00e1diz con motivo del Bicentenario, el Presidente del Tribunal Constitucional, Francisco P\u00e9rez de los Cobos Orihuel, acompa\u00f1ado de la Vice-Presidenta, Adela Asua Batarrita y del ExPresidente del referido Tribunal, Pascual [&hellip;]<\/p>\n","protected":false},"author":1,"featured_media":0,"comment_status":"open","ping_status":"open","sticky":false,"template":"","format":"standard","meta":{"footnotes":""},"categories":[3],"tags":[],"class_list":["post-1189","post","type-post","status-publish","format-standard","hentry","category-vida-profesional"],"_links":{"self":[{"href":"https:\/\/elblogdejoseblasfernandez.com\/index.php?rest_route=\/wp\/v2\/posts\/1189","targetHints":{"allow":["GET"]}}],"collection":[{"href":"https:\/\/elblogdejoseblasfernandez.com\/index.php?rest_route=\/wp\/v2\/posts"}],"about":[{"href":"https:\/\/elblogdejoseblasfernandez.com\/index.php?rest_route=\/wp\/v2\/types\/post"}],"author":[{"embeddable":true,"href":"https:\/\/elblogdejoseblasfernandez.com\/index.php?rest_route=\/wp\/v2\/users\/1"}],"replies":[{"embeddable":true,"href":"https:\/\/elblogdejoseblasfernandez.com\/index.php?rest_route=%2Fwp%2Fv2%2Fcomments&post=1189"}],"version-history":[{"count":1,"href":"https:\/\/elblogdejoseblasfernandez.com\/index.php?rest_route=\/wp\/v2\/posts\/1189\/revisions"}],"predecessor-version":[{"id":1194,"href":"https:\/\/elblogdejoseblasfernandez.com\/index.php?rest_route=\/wp\/v2\/posts\/1189\/revisions\/1194"}],"wp:attachment":[{"href":"https:\/\/elblogdejoseblasfernandez.com\/index.php?rest_route=%2Fwp%2Fv2%2Fmedia&parent=1189"}],"wp:term":[{"taxonomy":"category","embeddable":true,"href":"https:\/\/elblogdejoseblasfernandez.com\/index.php?rest_route=%2Fwp%2Fv2%2Fcategories&post=1189"},{"taxonomy":"post_tag","embeddable":true,"href":"https:\/\/elblogdejoseblasfernandez.com\/index.php?rest_route=%2Fwp%2Fv2%2Ftags&post=1189"}],"curies":[{"name":"wp","href":"https:\/\/api.w.org\/{rel}","templated":true}]}}