{"id":1196,"date":"2014-04-01T13:51:49","date_gmt":"2014-04-01T11:51:49","guid":{"rendered":"http:\/\/elblogdejoseblasfernandez.com\/?p=1196"},"modified":"2014-04-01T13:51:49","modified_gmt":"2014-04-01T11:51:49","slug":"que-orgullo-es-ser-cofrade","status":"publish","type":"post","link":"https:\/\/elblogdejoseblasfernandez.com\/?p=1196","title":{"rendered":"\u00a1QUE ORGULLO ES SER COFRADE!"},"content":{"rendered":"<p style=\"text-align: justify;\">\u00a0\u00a0\u00a0\u00a0\u00a0\u00a0\u00a0\u00a0 En los tiempos que corremos\u00a0 y donde la cr\u00edtica destructiva es abundante\u00a0 por algunos sectores de la sociedad civil, parece como si el ser cofrade y comprometerte\u00a0 fuera un acto de unos pocos a extinguir, \u00a0cuando\u00a0 los que\u00a0 tenemos en nuestro ADN el incienso\u00a0 del cofrade estamos plenamente encendidos, \u00a0porque cada Semana Santa nos\u00a0 reencontramos con nuestra memoria individual y colectiva de participar en la Semana Grande que tiene nuestra ciudad.<\/p>\n<p style=\"text-align: justify;\">\u00a0\u00a0\u00a0\u00a0\u00a0\u00a0\u00a0\u00a0\u00a0 Los cofrades no tienen por qu\u00e9 tener miedo a nada. Tenemos que aceptar el encargo de ser\u00a0 esas personas que rompemos el silencio y que luego nos comprometemos con todo aquello que rodea nuestro sentir cristiano. Por eso,\u00a0 cada a\u00f1o ponemos nueva ilusi\u00f3n\u00a0 para que desde el Domingo de Pasi\u00f3n hasta el de Resurecci\u00f3n, cultivemos de forma sencilla los valores que nos ense\u00f1aron nuestros progenitores y viendo \u00a0a nuestros Cristos y V\u00edrgenes desfilar por nuestras calles tengamos el convencimiento no s\u00f3lo de vivir una Pasi\u00f3n, sino de comprometernos con nuestro ejemplo para que esta bendita locura (como algunos lo llaman), de participar en una cofrad\u00eda, sea el arrebato para que podamos ver de \u00a0cerca el sentirnos realizados\u00a0 con nuestros Titulares y nuestras hermandades.<\/p>\n<p style=\"text-align: justify;\">\n<p style=\"text-align: justify;\">\u00a0\u00a0\u00a0\u00a0\u00a0\u00a0\u00a0\u00a0\u00a0 Yo experimente desde peque\u00f1o mi Semana Santa\u00a0 con mi Cristo de la Piedad y mi Virgen de Las L\u00e1grimas. Serv\u00ed como buen hermano, portando cirio, insignia; o sirviendo a mi cofrad\u00eda en compa\u00f1\u00eda de grandes cofrades del Martes Santo y de mi devocional feligres\u00eda, sinti\u00e9ndonos todos hermanos en la mirada de nuestra Virgen de Las L\u00e1grimas. Han sido muchos los a\u00f1os que he impregnado de mi particular incienso a quienes me han rodeado. Me eduqu\u00e9 en el seno cofrade de la Compa\u00f1\u00eda de Jes\u00fas. All\u00ed aprend\u00ed la disciplina de la Legi\u00f3n de Loyola y me dej\u00e9 transmitir por \u00a0todo un caudal de devoci\u00f3n donde me contagiaron\u00a0 de esta bendita cofrad\u00eda quienes\u00a0 me pusieron\u00a0 a trabajar y a vivirla todo el d\u00eda y teniendo como referente\u00a0 el horizonte de la vida cofrade\u00a0 y ello, en amor a este C\u00e1diz en el que nac\u00ed\u00a0\u00a0y para el que he vivido y vivir\u00e9 siempre;\u00a0 porque no ceso de quererlo en cada rinc\u00f3n, en cada esquina, en cada plaza, en la evocaci\u00f3n\u00a0 que cualquier s\u00edmbolo de esta ciudad me transmite y en el amor a la Semana Santa que admiro y quiero, pues para eso me form\u00e9\u00a0\u00a0en ella. Posiblemente\u00a0 nos vean a los cofrades entre el arte y la liturgia, lo divino y lo sacro, lo pagano y lo cristiano, la vida y la\u00a0 muerte, la m\u00fasica y el silencio, pero todo eso tiene un componente importante como es tambi\u00e9n el entregarnos por los dem\u00e1s, el involucrar a los j\u00f3venes cofrades y\u00a0 pese a la plasticidad de la Semana Santa, \u00a0ver en esas im\u00e1genes\u00a0 el ejemplo\u00a0 de lo que es la vida, de c\u00f3mo una madre\u00a0 lucha por un hijo y c\u00f3mo un hijo se entrega por un inter\u00e9s general para salvar\u00a0 a tanta gente que se encuentra ap\u00e1tica y \u00a0sin horizontes.<\/p>\n<p style=\"text-align: justify;\">\u00a0\u00a0\u00a0\u00a0\u00a0\u00a0\u00a0\u00a0\u00a0 Los cofrades tienen bolsas de caridad, pagan recibos de luz y agua, emprenden con C\u00e1ritas proyectos importantes, al encargar la cera o las flores\u00a0 dan trabajo a mucha gente. Los tambores y la m\u00fasica tambi\u00e9n participan\u00a0 y se ven realizados con un salario, personas que confeccionan t\u00fanicas, capirotes, bordados, orfebrer\u00eda y un largo etc\u00e9tera que gracias a las cofrad\u00edas tambi\u00e9n pueden llevarse a la boca un salario digno aunque sea por una semana. Es decir, tiene el cofrade un contexto de valores espirituales y terrenales que aunque incomprendidos encajan perfectamente en la sociedad del siglo XXI.<\/p>\n<p style=\"text-align: justify;\">\n<p style=\"text-align: justify;\">\u00a0\u00a0\u00a0\u00a0\u00a0\u00a0\u00a0\u00a0\u00a0 Desde mi blog deseo a todas las cofrad\u00edas gaditanas lo mejor para el 2014. A\u00fan vibra en mis venas\u00a0 el sentir\u00a0 de aquel preg\u00f3n del Bicentenario, donde lo hice comprometido y comprometiendo, pues para eso tuve la suerte de ser pregonero en el 2012 y por eso quiero seguir viviendo de aquel preg\u00f3n del siglo XXI.<\/p>\n<p style=\"text-align: justify;\">\u00a0\u00a0\u00a0\u00a0\u00a0\u00a0\u00a0\u00a0 Con mis mejores deseos para el mundo cofrade de C\u00e1diz, os envio un fuerte abrazo.<\/p>\n","protected":false},"excerpt":{"rendered":"<p>\u00a0\u00a0\u00a0\u00a0\u00a0\u00a0\u00a0\u00a0 En los tiempos que corremos\u00a0 y donde la cr\u00edtica destructiva es abundante\u00a0 por algunos sectores de la sociedad civil, parece como si el ser cofrade y comprometerte\u00a0 fuera un acto de unos pocos a extinguir, \u00a0cuando\u00a0 los que\u00a0 tenemos en nuestro ADN el incienso\u00a0 del cofrade estamos plenamente encendidos, \u00a0porque cada Semana Santa nos\u00a0 [&hellip;]<\/p>\n","protected":false},"author":1,"featured_media":0,"comment_status":"open","ping_status":"open","sticky":false,"template":"","format":"standard","meta":{"footnotes":""},"categories":[12],"tags":[],"class_list":["post-1196","post","type-post","status-publish","format-standard","hentry","category-vida-privada"],"_links":{"self":[{"href":"https:\/\/elblogdejoseblasfernandez.com\/index.php?rest_route=\/wp\/v2\/posts\/1196","targetHints":{"allow":["GET"]}}],"collection":[{"href":"https:\/\/elblogdejoseblasfernandez.com\/index.php?rest_route=\/wp\/v2\/posts"}],"about":[{"href":"https:\/\/elblogdejoseblasfernandez.com\/index.php?rest_route=\/wp\/v2\/types\/post"}],"author":[{"embeddable":true,"href":"https:\/\/elblogdejoseblasfernandez.com\/index.php?rest_route=\/wp\/v2\/users\/1"}],"replies":[{"embeddable":true,"href":"https:\/\/elblogdejoseblasfernandez.com\/index.php?rest_route=%2Fwp%2Fv2%2Fcomments&post=1196"}],"version-history":[{"count":1,"href":"https:\/\/elblogdejoseblasfernandez.com\/index.php?rest_route=\/wp\/v2\/posts\/1196\/revisions"}],"predecessor-version":[{"id":1200,"href":"https:\/\/elblogdejoseblasfernandez.com\/index.php?rest_route=\/wp\/v2\/posts\/1196\/revisions\/1200"}],"wp:attachment":[{"href":"https:\/\/elblogdejoseblasfernandez.com\/index.php?rest_route=%2Fwp%2Fv2%2Fmedia&parent=1196"}],"wp:term":[{"taxonomy":"category","embeddable":true,"href":"https:\/\/elblogdejoseblasfernandez.com\/index.php?rest_route=%2Fwp%2Fv2%2Fcategories&post=1196"},{"taxonomy":"post_tag","embeddable":true,"href":"https:\/\/elblogdejoseblasfernandez.com\/index.php?rest_route=%2Fwp%2Fv2%2Ftags&post=1196"}],"curies":[{"name":"wp","href":"https:\/\/api.w.org\/{rel}","templated":true}]}}