{"id":1201,"date":"2014-04-01T20:42:20","date_gmt":"2014-04-01T18:42:20","guid":{"rendered":"http:\/\/elblogdejoseblasfernandez.com\/?p=1201"},"modified":"2014-04-01T20:42:20","modified_gmt":"2014-04-01T18:42:20","slug":"el-centro","status":"publish","type":"post","link":"https:\/\/elblogdejoseblasfernandez.com\/?p=1201","title":{"rendered":"EL CENTRO"},"content":{"rendered":"<p style=\"text-align: justify;\">\u00a0\u00a0\u00a0\u00a0 Debe ser por aquello de que los cuerpos encuentran su natural equilibrio si se ci\u00f1en a su centro de gravedad, o puede que sea la tendencia a sentirnos siempre en medio de todo. Lo cierto es que el centro acaba por tener la presencia o el recuerdo y el rastro de todo lo que nos ocurre. Este a\u00f1o \u2013tambi\u00e9n- la primavera hizo su estallido principal en el centro de nuestra mirada. Mientras Adolfo Su\u00e1rez instaba el \u00faltimo consenso, esta vez en torno a su figura, su personalidad y su obra pol\u00edtica, tambi\u00e9n en el centro geogr\u00e1fico y pol\u00edtico de este pa\u00eds, que es Madrid, la protesta demandante de dignidad circul\u00f3 por sus calles con una muy numerosa participaci\u00f3n y un ep\u00edlogo lleno de violencia. Bueno, las marchas o marcha de la dignidad circularon en cierto orden -sin servicio de orden- y un n\u00famero indeterminado de participantes corri\u00f3 con la cuenta de los destrozos y las agresiones a los postres. El estribillo repetido por muchos separa una de otra actividad y, desde luego, los protagonistas de la agresiva despedida fueron solo el diez por ciento de los manifestantes, m\u00e1s o menos. Muchos, de todos modos, dos o tres mil \u2013dicen-, m\u00e1s de los esperados. El objetivo: destrozar el centro. Una combinaci\u00f3n de acci\u00f3n f\u00edsica agresiva y violenta imposible de justificar y una carga pol\u00edtica llena de simbolismo. Mostrar la protesta y ejercer la violencia contra el mobiliario urbano de Madrid capital -centro pol\u00edtico del pa\u00eds-, emprenderla contra la polic\u00eda -centro de la defensa y salvaguarda de la legalidad y el orden institucional-, tildar de ileg\u00edtimos a los miembros de las Cortes Generales \u00a0\u2013centro de la soberan\u00eda nacional- o el Gobierno \u2013fruto de ese ejercicio democr\u00e1tico de soberan\u00eda- y descalificar la Constituci\u00f3n \u2013centro del acuerdo, m\u00e1xima expresi\u00f3n de la voluntad popular y Ley de leyes-. O sea, esta reivindicada dignidad quiere ocupar el agujero en que sus integrantes han querido \u2013quieren- convertir el centro, que es nuestro modelo constitucional de convivencia. Sustituir las urnas por la mano alzada, el debate de los parlamentos por las asambleas callejeras, el orden y el concierto occidentales por el atronador populismo de un grueso vocer\u00edo colectivo que disponga y administre al estilo de la actual Venezuela. Fuera parlamentos, gobiernos, se\u00f1ores de negro o gris, fuera techos de d\u00e9ficit o pago de deudas, muchos fuera y osada ignorancia, a ratos voluntaria y por momentos inevitable. Sin duda los comunicados, el empuje y la direcci\u00f3n final de los marchantes de la dignidad han desconcertado a algunos moderados de izquierda que les recibieron con un cierto y preventivo agrado que ha acabado por resultar injustificado.<\/p>\n<p style=\"text-align: justify;\">\u00a0\u00a0\u00a0\u00a0 Durante a\u00f1os el centro signific\u00f3 el espacio m\u00e1s deseado. Adolfo Su\u00e1rez, desde la Uni\u00f3n de Centro Democr\u00e1tico, gan\u00f3 las primeras elecciones y tambi\u00e9n las siguientes. El PSOE, de la mano de Felipe Gonz\u00e1lez, hizo lo propio \u2013gan\u00f3- alz\u00e1ndose como el gran partido de centro izquierda nacional. Alianza Popular se refund\u00f3 en el Partido Popular en un confesado proyecto de centro derecha, decidido a transitar hasta el centro pol\u00edtico, ganando en 1996. Zapatero tambi\u00e9n se acerc\u00f3 al centro con fugacidad en su victoria de 2004 (\u201ctalante\u201d le llamaba). Todos lo han hecho o intentado y cuando han dejado de la mano ese espacio imaginario central, invariablemente, han perdido las elecciones, ya estuvieran en el gobierno o en la oposici\u00f3n.<\/p>\n<p style=\"text-align: justify;\">\u00a0\u00a0\u00a0\u00a0 Todos podemos tener sensaciones de frustraci\u00f3n, instantes de decepci\u00f3n o hasta desesperaci\u00f3n por motivos individuales o colectivos, por la marcha de acontecimientos o situaciones de dificultad. Ello nos har\u00e1 necesariamente m\u00e1s exigentes, menos contemporizadores con los presumidos autores de decisiones err\u00f3neas, m\u00e1s vigilantes y m\u00e1s esc\u00e9pticos. Aunque, a poco que las nubes en el horizonte dejen pasar alg\u00fan rayo de sol, intentaremos en todo momento ofrecer nuestro esfuerzo y mejor disposici\u00f3n a las m\u00e1s \u00f3ptimas posibilidades de crecimiento y bienestar. Mientras, \u00a0a los lados algunos mover\u00e1n sus brazos y alzar\u00e1n sus voces, \u00a0pero no convencer\u00e1n a esa inmensa mayor\u00eda que no quiere hacer de la algarada y el sobresalto ni el medio ni el fin de nada.<\/p>\n<p style=\"text-align: justify;\">\u00a0\u00a0\u00a0\u00a0 Si hay un catorce por ciento m\u00e1s de turistas, o el empleo crece aunque a\u00fan con indeseada timidez, o se cumple el objetivo de d\u00e9ficit a falta de una d\u00e9cima y propios y extra\u00f1os nos animan o felicitan por la buena marcha de acontecimientos econ\u00f3micos que a\u00fan nos cuesta reconocer, hay espacio para esperar que nuestras dudas y hasta nuestras quejas se apaguen o lo hagan un poco. Sin unanimidades ni falsas o imprudentes euforias, sin inmerecidas puestas de confianza, atentos y cr\u00edticos, sujetos activos con voto y voz para salir adelante. Si el Tribunal Constitucional (aparte de alguna aseveraci\u00f3n prestidigitadora sobre el derecho a decidir) da un un\u00e1nime carpetazo a la consulta soberanista de ese gran n\u00e1ufrago de la democracia espa\u00f1ola que es Artur Mas, es que en el plano m\u00e1s n\u00edtidamente pol\u00edtico tambi\u00e9n las novedades llegan y mejoran nuestras expectativas.<\/p>\n<p style=\"text-align: justify;\">\n<p style=\"text-align: justify;\">\u00a0\u00a0\u00a0\u00a0 Los d\u00edas de luto de estado, su causa y la remembranza de los hechos y la consecuci\u00f3n de logros han servido \u2013sirven- para valorar todo lo que hemos conseguido, lo que los acontecimientos nos han ense\u00f1ado y la validez y vigencia de la Constituci\u00f3n para afrontar este tremendo reto de hoy y muchos otros que vendr\u00e1n. Hoy sabemos que no hay un agujero en el centro, que est\u00e1n la moderaci\u00f3n y la tolerancia y todo lo que m\u00e1s importa, la garant\u00eda de la convivencia en paz y las mejores posibilidades de bienestar y progreso.<\/p>\n<p style=\"text-align: justify;\">\u00a0<\/p>\n<p style=\"text-align: justify;\">\u00a0<\/p>\n","protected":false},"excerpt":{"rendered":"<p>\u00a0\u00a0\u00a0\u00a0 Debe ser por aquello de que los cuerpos encuentran su natural equilibrio si se ci\u00f1en a su centro de gravedad, o puede que sea la tendencia a sentirnos siempre en medio de todo. Lo cierto es que el centro acaba por tener la presencia o el recuerdo y el rastro de todo lo que [&hellip;]<\/p>\n","protected":false},"author":1,"featured_media":0,"comment_status":"open","ping_status":"open","sticky":false,"template":"","format":"standard","meta":{"footnotes":""},"categories":[1],"tags":[],"class_list":["post-1201","post","type-post","status-publish","format-standard","hentry","category-sin-categoria"],"_links":{"self":[{"href":"https:\/\/elblogdejoseblasfernandez.com\/index.php?rest_route=\/wp\/v2\/posts\/1201","targetHints":{"allow":["GET"]}}],"collection":[{"href":"https:\/\/elblogdejoseblasfernandez.com\/index.php?rest_route=\/wp\/v2\/posts"}],"about":[{"href":"https:\/\/elblogdejoseblasfernandez.com\/index.php?rest_route=\/wp\/v2\/types\/post"}],"author":[{"embeddable":true,"href":"https:\/\/elblogdejoseblasfernandez.com\/index.php?rest_route=\/wp\/v2\/users\/1"}],"replies":[{"embeddable":true,"href":"https:\/\/elblogdejoseblasfernandez.com\/index.php?rest_route=%2Fwp%2Fv2%2Fcomments&post=1201"}],"version-history":[{"count":1,"href":"https:\/\/elblogdejoseblasfernandez.com\/index.php?rest_route=\/wp\/v2\/posts\/1201\/revisions"}],"predecessor-version":[{"id":1206,"href":"https:\/\/elblogdejoseblasfernandez.com\/index.php?rest_route=\/wp\/v2\/posts\/1201\/revisions\/1206"}],"wp:attachment":[{"href":"https:\/\/elblogdejoseblasfernandez.com\/index.php?rest_route=%2Fwp%2Fv2%2Fmedia&parent=1201"}],"wp:term":[{"taxonomy":"category","embeddable":true,"href":"https:\/\/elblogdejoseblasfernandez.com\/index.php?rest_route=%2Fwp%2Fv2%2Fcategories&post=1201"},{"taxonomy":"post_tag","embeddable":true,"href":"https:\/\/elblogdejoseblasfernandez.com\/index.php?rest_route=%2Fwp%2Fv2%2Ftags&post=1201"}],"curies":[{"name":"wp","href":"https:\/\/api.w.org\/{rel}","templated":true}]}}