{"id":1207,"date":"2014-04-04T20:59:53","date_gmt":"2014-04-04T18:59:53","guid":{"rendered":"http:\/\/elblogdejoseblasfernandez.com\/?p=1207"},"modified":"2014-04-07T21:54:38","modified_gmt":"2014-04-07T19:54:38","slug":"se-reforma-la-ley-organica-del-poder-judicial","status":"publish","type":"post","link":"https:\/\/elblogdejoseblasfernandez.com\/?p=1207","title":{"rendered":"TERCERA  LEY ORG\u00c1NICA DEL PODER JUDICIAL"},"content":{"rendered":"<p style=\"text-align: justify;\"><strong>\u00a0\u00a0\u00a0\u00a0\u00a0\u00a0\u00a0\u00a0 <\/strong>El Consejo de Ministros de hoy, d\u00eda 4 de Abril,\u00a0 ha conocido el informe sobre el Anteproyecto de Ley Org\u00e1nica del Poder Judicial, el cual\u00a0 vendr\u00e1 a modificar sustancialmente la actual Ley 6\/1985, \u00a0que fue la que abri\u00f3 un importante paso a\u00a0 la reforma judicial que exist\u00eda en los a\u00f1os 80. El Ministro de Justicia ha comunicado que vamos a tener un sistema\u00a0 y estructuras de Justicia del Siglo XXI, pues el existente\u00a0 con su procedencia del siglo XIX, \u00a0ha quedado obsoleto y fuera de servicio. En este Anteproyecto de Ley se atisban grandes reformas. Ser\u00e1 un sistema\u00a0 \u00e1gil, de mejores medios y llevar\u00e1\u00a0 m\u00e9todos tecnol\u00f3gicos y lenguajes m\u00e1s avanzados, todo ello,\u00a0 sin olvidar que el Legislador va a garantizar la independencia del Tribunal Supremo y se potenciar\u00e1 \u00e9ste\u00a0 considerablemente, estando previsto \u00a0\u00a0el reforzamiento del Recurso de Casaci\u00f3n, por lo que creo que ser\u00e1 mucho mejor\u00a0 de lo que hasta ahora tenemos.<\/p>\n<p style=\"text-align: justify;\">\u00a0\u00a0\u00a0\u00a0\u00a0\u00a0\u00a0\u00a0 Curiosamente, para todas las jurisdicciones se va a declarar como\u00a0 h\u00e1bil el mes de Agosto para todas las actuaciones, lo cual\u00a0 es beneficioso, pues lo actual causa\u00a0 perjuicios irreparables y veremos\u00a0 c\u00f3mo se potencia la funci\u00f3n\u00a0 de los Secretarios Judiciales,\u00a0 que pasaran a denominarse\u00a0 Letrados de la Administraci\u00f3n de Justicia como directores de la Oficina Judicial.<\/p>\n<p style=\"text-align: justify;\">\n<p style=\"text-align: justify;\">\u00a0\u00a0\u00a0\u00a0\u00a0\u00a0\u00a0 Lo que m\u00e1s me gusta de esta reforma es que ser\u00e1 preferente en los \u00f3rganos judiciales\u00a0 el criterio de especializaci\u00f3n, algo\u00a0 que vengo denunciando hace mucho tiempo, pues no es de recibo que \u00a0Jueces que no conocen\u00a0 su \u00e1mbito de trabajo\u00a0 dicten sentencias y resoluciones judiciales que dan resultados negativos, por lo que estas medidas lograran mayor calidad \u00a0en \u00a0la primera instancia judicial y, por tanto, se fomentar\u00e1 la profesionalizaci\u00f3n de la carrera judicial, desapareciendo inclusive los Jueces de Paz, pero no los Juzgados de Paz \u00a0que asumir\u00e1n labores de apoyo \u00a0y acceso al Registro Civil.<\/p>\n<p style=\"text-align: justify;\">\u00a0\u00a0\u00a0\u00a0\u00a0\u00a0\u00a0\u00a0\u00a0Aparecen los Tribunales\u00a0 Provinciales de Instancia que estar\u00e1n situados en las capitales de provincia, m\u00e1s Ceuta y Melilla que contar\u00e1n con el suyo propio y contar\u00e1n con cuatro Salas, una por cada Orden Jurisdiccional, es decir,\u00a0 Civil, Penal, Contencioso y Social, las cuales dispondr\u00e1n de Jueces unipersonales y secciones\u00a0 y cuando el conocimiento de un asunto, por su relevancia,\u00a0 se haga necesario,\u00a0 lo instruir\u00e1 un colegio de al\u00a0 menos tres jueces. Es decir, que hasta la instrucci\u00f3n colegiada existir\u00e1 y no como ahora que la instrucci\u00f3n\u00a0 la \u00a0hace un solo juez en primera instancia.<\/p>\n<p style=\"text-align: justify;\">\u00a0\u00a0\u00a0\u00a0\u00a0\u00a0\u00a0\u00a0 Creo que es un reto cuanto aparece\u00a0 hoy como Anteproyecto y\u00a0 esta reforma considera tambi\u00e9n aforados a S.M.\u00a0 La Reina y a los Pr\u00edncipes de Asturias y para el supuesto de que sean mujeres, tambi\u00e9n extensivo este aforamiento a sus maridos.<\/p>\n<p style=\"text-align: justify;\">\u00a0\u00a0\u00a0\u00a0\u00a0\u00a0\u00a0\u00a0\u00a0\u00a0\u00a0Me congratulo de este Anteproyecto, pues como Parlamentario y miembro de la Comisi\u00f3n de Justicia en el Senado, voy a tener una nueva oportunidad (D.M.) de trabajar con mis compa\u00f1eros\/as en una reforma\u00a0 donde los Graduados Sociales, y lo digo por mi condici\u00f3n profesional tenemos tanto que decir. Esperemos que sea para bien.<\/p>\n","protected":false},"excerpt":{"rendered":"<p>\u00a0\u00a0\u00a0\u00a0\u00a0\u00a0\u00a0\u00a0 El Consejo de Ministros de hoy, d\u00eda 4 de Abril,\u00a0 ha conocido el informe sobre el Anteproyecto de Ley Org\u00e1nica del Poder Judicial, el cual\u00a0 vendr\u00e1 a modificar sustancialmente la actual Ley 6\/1985, \u00a0que fue la que abri\u00f3 un importante paso a\u00a0 la reforma judicial que exist\u00eda en los a\u00f1os 80. El Ministro de [&hellip;]<\/p>\n","protected":false},"author":1,"featured_media":0,"comment_status":"open","ping_status":"open","sticky":false,"template":"","format":"standard","meta":{"footnotes":""},"categories":[3],"tags":[],"class_list":["post-1207","post","type-post","status-publish","format-standard","hentry","category-vida-profesional"],"_links":{"self":[{"href":"https:\/\/elblogdejoseblasfernandez.com\/index.php?rest_route=\/wp\/v2\/posts\/1207","targetHints":{"allow":["GET"]}}],"collection":[{"href":"https:\/\/elblogdejoseblasfernandez.com\/index.php?rest_route=\/wp\/v2\/posts"}],"about":[{"href":"https:\/\/elblogdejoseblasfernandez.com\/index.php?rest_route=\/wp\/v2\/types\/post"}],"author":[{"embeddable":true,"href":"https:\/\/elblogdejoseblasfernandez.com\/index.php?rest_route=\/wp\/v2\/users\/1"}],"replies":[{"embeddable":true,"href":"https:\/\/elblogdejoseblasfernandez.com\/index.php?rest_route=%2Fwp%2Fv2%2Fcomments&post=1207"}],"version-history":[{"count":4,"href":"https:\/\/elblogdejoseblasfernandez.com\/index.php?rest_route=\/wp\/v2\/posts\/1207\/revisions"}],"predecessor-version":[{"id":1215,"href":"https:\/\/elblogdejoseblasfernandez.com\/index.php?rest_route=\/wp\/v2\/posts\/1207\/revisions\/1215"}],"wp:attachment":[{"href":"https:\/\/elblogdejoseblasfernandez.com\/index.php?rest_route=%2Fwp%2Fv2%2Fmedia&parent=1207"}],"wp:term":[{"taxonomy":"category","embeddable":true,"href":"https:\/\/elblogdejoseblasfernandez.com\/index.php?rest_route=%2Fwp%2Fv2%2Fcategories&post=1207"},{"taxonomy":"post_tag","embeddable":true,"href":"https:\/\/elblogdejoseblasfernandez.com\/index.php?rest_route=%2Fwp%2Fv2%2Ftags&post=1207"}],"curies":[{"name":"wp","href":"https:\/\/api.w.org\/{rel}","templated":true}]}}