{"id":1223,"date":"2014-04-16T20:57:03","date_gmt":"2014-04-16T18:57:03","guid":{"rendered":"http:\/\/elblogdejoseblasfernandez.com\/?p=1223"},"modified":"2014-04-16T20:57:03","modified_gmt":"2014-04-16T18:57:03","slug":"los-socialistas-franceses-se-derrumban","status":"publish","type":"post","link":"https:\/\/elblogdejoseblasfernandez.com\/?p=1223","title":{"rendered":"\u201cLOS SOCIALISTAS FRANCESES SE DERRUMBAN\u201d"},"content":{"rendered":"<p style=\"text-align: justify;\">\u00a0\u00a0\u00a0\u00a0\u00a0\u00a0\u00a0\u00a0 El Gobierno franc\u00e9s\u00a0 en manos de los socialistas y por boca de su Primer Ministro, Manuel Valls,\u00a0 ha \u00a0manifestado en rueda de prensa y ha afirmado que los franceses \u201cno pueden vivir con encima de sus posibilidades\u201d y ni corto\u00a0 ni perezoso anuncia la congelaci\u00f3n durante tres a\u00f1os del sueldo de los funcionarios, de las\u00a0 pensiones y de las prestaciones sociales; algo que aqu\u00ed en Espa\u00f1a hicieron\u00a0 los socialistas, pero que convocaron elecciones anticipadas y a finales del 2011 se marcharon\u00a0 por la gatera\u00a0 dejando 932.000 millones de euros de d\u00e9ficit y\u00a0 el pa\u00eds en bancarrota.<\/p>\n<p style=\"text-align: justify;\">\u00a0\u00a0\u00a0\u00a0\u00a0\u00a0\u00a0\u00a0\u00a0El Primer Ministro franc\u00e9s anuncia este dr\u00e1stico plan de ajuste y mantiene que hay que reducir el gasto en 50.000 millones de euros durante los pr\u00f3ximos tres a\u00f1os y le llama a ello \u201cfinanciar un pacto de responsabilidad\u201d, para reducir las cotizaciones sociales que pagan las empresas y mejorar as\u00ed\u00a0 la competitividad. Es decir, que va a bajar tambi\u00e9n los salarios y modificar\u00e1 sustancialmente no s\u00f3lo el salario m\u00ednimo, \u00a0sino \u00a0todo el aspecto global de las relaciones laborales. Es \u00a0\u00a0m\u00e1s, record\u00f3 que en Francia el gasto p\u00fablico representa el 57% del PIB\u00a0 y que la deuda, que era el 50% del PIB en el 2002, hab\u00eda subido en estos momentos un 90% y, por tanto, hab\u00eda que hacer un modelo\u00a0 para la disminuci\u00f3n del gasto social. Por tanto,\u00a0 disminuir\u00e1n los funcionarios y recortar\u00e1n la sanidad p\u00fablica en 10.000 millones de euros y habr\u00e1 un gran control en los medicamentos. En definitiva, el nuevo Primer Ministro est\u00e1 dispuesto a un plan de ajuste para recortar masivamente todo\u00a0aquello que est\u00e9 por encima de las posibilidades de los franceses.<\/p>\n<p style=\"text-align: justify;\">\n<p style=\"text-align: justify;\">\u00a0\u00a0\u00a0\u00a0\u00a0\u00a0\u00a0\u00a0 Con esta llamada de atenci\u00f3n\u00a0 que realiza el Gobierno Socialista franc\u00e9s habr\u00eda que preguntarse si cuando el Gobierno\u00a0 de Mariano Rajoy lleg\u00f3 en el 2012 a la Moncloa y comenz\u00f3\u00a0 a poner orden\u00a0 en las cuentas estatales no demostr\u00f3 \u00a0y se \u00a0dio cuenta de la cantidad de millones \u00a0que el Gobierno de Zapatero hab\u00eda tirado o \u00bfes que lo hizo por gusto?, pues ahora el Gobierno democr\u00e1tico franc\u00e9s, ejemplo de tantas cosas para los socialistas espa\u00f1oles, comunistas, nacionalistas y anti-sistemas, \u00a0resulta que va a realizar\u00a0 y poner orden en su maltrecha econom\u00eda y en su deficiente financiaci\u00f3n econ\u00f3mica, por lo que habr\u00eda que preguntarle si pasadas\u00a0 las recientes elecciones\u00a0 donde curiosamente\u00a0 una isle\u00f1a de San Fernando se ha hecho con la alcald\u00eda de Par\u00eds y\u00a0 de ideolog\u00eda socialista, tendr\u00e1 que amarrarse los machos y a lo mejor hasta el Sena lo va a tener que empe\u00f1ar. Espero una reacci\u00f3n seria y formal de Rubalcaba, pues esto se anuncia a las puertas de unas elecciones europeas, donde tanto tienen que decir los socialistas espa\u00f1oles y supongo \u00a0que como es costumbre miraran para otro lado y se olvidar\u00e1n que en Espa\u00f1a hicimos los deberes en su momento y hoy ya se est\u00e1n viendo resultados, pero en Francia habr\u00eda que preguntarle a\u00a0 su Presidente socialista si esto no habr\u00eda que haberlo\u00a0 hecho antes: \u201ca buenas horas mangas verdes\u201d.<\/p>\n<p style=\"text-align: justify;\">\n<p style=\"text-align: justify;\">\u00a0\u00a0\u00a0\u00a0\u00a0\u00a0\u00a0\u00a0\u00a0 Ahora esperemos que los anti-sistemas, empleados p\u00fablicos, sindicatos y todos aquellos que se lanzaron en Espa\u00f1a tipo 15M, hagan lo mismo en Francia o a lo mejor, como all\u00ed son socialistas, pues lo ver\u00e1n adecuado y coherente todo aquello que suponga reducir el gasto p\u00fablico, pero mientras, como vecinos de Francia, me pregunto aquello de \u201cvivir para ver\u201d.<\/p>\n<p style=\"text-align: justify;\">\u00a0<\/p>\n","protected":false},"excerpt":{"rendered":"<p>\u00a0\u00a0\u00a0\u00a0\u00a0\u00a0\u00a0\u00a0 El Gobierno franc\u00e9s\u00a0 en manos de los socialistas y por boca de su Primer Ministro, Manuel Valls,\u00a0 ha \u00a0manifestado en rueda de prensa y ha afirmado que los franceses \u201cno pueden vivir con encima de sus posibilidades\u201d y ni corto\u00a0 ni perezoso anuncia la congelaci\u00f3n durante tres a\u00f1os del sueldo de los funcionarios, de [&hellip;]<\/p>\n","protected":false},"author":1,"featured_media":0,"comment_status":"open","ping_status":"open","sticky":false,"template":"","format":"standard","meta":{"footnotes":""},"categories":[4],"tags":[],"class_list":["post-1223","post","type-post","status-publish","format-standard","hentry","category-vida-publica"],"_links":{"self":[{"href":"https:\/\/elblogdejoseblasfernandez.com\/index.php?rest_route=\/wp\/v2\/posts\/1223","targetHints":{"allow":["GET"]}}],"collection":[{"href":"https:\/\/elblogdejoseblasfernandez.com\/index.php?rest_route=\/wp\/v2\/posts"}],"about":[{"href":"https:\/\/elblogdejoseblasfernandez.com\/index.php?rest_route=\/wp\/v2\/types\/post"}],"author":[{"embeddable":true,"href":"https:\/\/elblogdejoseblasfernandez.com\/index.php?rest_route=\/wp\/v2\/users\/1"}],"replies":[{"embeddable":true,"href":"https:\/\/elblogdejoseblasfernandez.com\/index.php?rest_route=%2Fwp%2Fv2%2Fcomments&post=1223"}],"version-history":[{"count":1,"href":"https:\/\/elblogdejoseblasfernandez.com\/index.php?rest_route=\/wp\/v2\/posts\/1223\/revisions"}],"predecessor-version":[{"id":1227,"href":"https:\/\/elblogdejoseblasfernandez.com\/index.php?rest_route=\/wp\/v2\/posts\/1223\/revisions\/1227"}],"wp:attachment":[{"href":"https:\/\/elblogdejoseblasfernandez.com\/index.php?rest_route=%2Fwp%2Fv2%2Fmedia&parent=1223"}],"wp:term":[{"taxonomy":"category","embeddable":true,"href":"https:\/\/elblogdejoseblasfernandez.com\/index.php?rest_route=%2Fwp%2Fv2%2Fcategories&post=1223"},{"taxonomy":"post_tag","embeddable":true,"href":"https:\/\/elblogdejoseblasfernandez.com\/index.php?rest_route=%2Fwp%2Fv2%2Ftags&post=1223"}],"curies":[{"name":"wp","href":"https:\/\/api.w.org\/{rel}","templated":true}]}}