{"id":1229,"date":"2014-04-22T18:41:57","date_gmt":"2014-04-22T16:41:57","guid":{"rendered":"http:\/\/elblogdejoseblasfernandez.com\/?p=1229"},"modified":"2014-04-30T21:54:22","modified_gmt":"2014-04-30T19:54:22","slug":"un-sitio-mejor-para-jareno","status":"publish","type":"post","link":"https:\/\/elblogdejoseblasfernandez.com\/?p=1229","title":{"rendered":"UN SITIO MEJOR PARA JARE\u00d1O"},"content":{"rendered":"<p style=\"text-align: justify;\">\u00a0\u00a0\u00a0 Ya existe una vieja historia sobre la salida\u00a0 procesional de Nuestro Padre Jes\u00fas Nazareno desde el Convento de Santa\u00a0 Mar\u00eda, pero en\u00a0 pleno siglo XXI, estamos de nuevo acudiendo a otra historia que no puede ser calificada de otra manera\u00a0 que rid\u00edcula y \u00a0donde el Decano del Iltre. Colegio de Abogados de C\u00e1diz, Jos\u00e9 Manuel Jare\u00f1o Rodr\u00edguez-S\u00e1nchez, viene siendo el protagonista de excepci\u00f3n. Y me refiero a que constantemente\u00a0 ha querido entorpecer la salida\u00a0 en ese desfile procesional del representante del Colegio de Graduados Sociales de C\u00e1diz-Ceuta, concretamente de quien os escribe.<\/p>\n<p style=\"text-align: justify;\">\u00a0\u00a0\u00a0 El Sr. Jare\u00f1o s\u00f3lo ha salido (que yo recuerde) en dos salidas procesionales, pues pese a ser Decano, ha delegado en un miembro de su Junta de Gobierno. Todo ello, por no querer compartir\u00a0 presidencia con mi persona y l\u00f3gicamente como Presidente de una Corporaci\u00f3n\u00a0 de Derecho P\u00fablico como es mi Colegio y no sabe\u00a0 c\u00f3mo buscar formulas para que mi Colegio de Graduados Sociales no figure en ese desfile.\u00a0 Hasta aqu\u00ed todo ha\u00a0 tenido su transcurrir desagradable, pues no querer que otros salgan en una procesi\u00f3n donde \u00e9l es solamente un invitado resulta como m\u00ednimo infantil, recurriendo para ello,\u00a0 a una vieja historia\u00a0 que ya los actuales estatutos de la Cofrad\u00eda no la contempla desde el a\u00f1o 2004, pues\u00a0 desde ese a\u00f1o han desaparecido\u00a0 en ellos determinados cargos \u201cnatos\u201d y como consecuencia de esta referencia, la Cofrad\u00eda lo que\u00a0 hace por delicadeza\u00a0 y su saber estar es invitar a varias Corporaciones de Derecho P\u00fablico, incluyendo entre ellas al Excmo. Colegio Oficial de Graduados Sociales de C\u00e1diz, pero sin ocupar estas\u00a0 Corporaciones\u00a0 cargo alguno, aunque su historia sea la que en otros siglos se llev\u00f3. <\/p>\n<p style=\"text-align: justify;\">\u00a0\u00a0\u00a0 Dicho esto, el Sr. Jare\u00f1o, como Decano del Colegio de Abogados, \u00a0dio la \u201cnota\u201d el pasado Jueves Santo en la salida procesional\u00a0 de la Cofrad\u00eda, pues quiso exigir al Hermano Mayor que se le pusiera en un lugar destacado, ya que el pasado a\u00f1o su compa\u00f1era de Junta y otros no fueron en un sitio preferente. Al\u00a0 parecer, hubo reuni\u00f3n con el\u00a0 Hermano Mayor\u00a0 y esto qued\u00f3 zanjado, pero cu\u00e1l\u00a0 no fue mi sorpresa que a la hora de la salida\u00a0 \u201cmont\u00f3 el pollo\u201d amenazando con irse por no figurar donde se le hab\u00eda prometido (todo seg\u00fan \u00e9l) y dirigi\u00e9ndose\u00a0 \u00e9l a quien suscribe y con tono altivo y amenazante me dijo: \u201c<em>Usted aqu\u00ed no es fundador de nada, por lo que no debe\u00a0\u00a0 de ir con nosotros\u201d<\/em><\/p>\n<p style=\"text-align: justify;\">Yo, mirando al frente, no le contest\u00e9.<\/p>\n<p style=\"text-align: justify;\">De nuevo el Sr. Jare\u00f1o, ante mi\u00a0 actitud de ignorancia hacia \u00e9l, me dijo: \u201c<em>Le digo que usted aqu\u00ed no pinta nada y le digo\u00a0 m\u00e1s, le voy a denunciar por intrusismo profesional, ya que tiene\u00a0 una placa que pone abogados y usted no lo es\u201d.<\/em><\/p>\n<p style=\"text-align: justify;\">A esto le contest\u00e9 lo siguiente: \u201c<em>D\u00e9jeme en paz y haga lo que considere y mire que\u00a0 estamos en una Iglesia y dice muy poco de usted este esc\u00e1ndalo que est\u00e1 formando y, por favor, d\u00e9jeme\u00a0 en paz y no se dirija usted a m\u00ed para nada. \u00a0Creo que sus manifestaciones\u00a0 tan desacertadas y tan poco elegantes de\u00a0 quien representa a un Colegio profesional como es el de abogados, dice poco de su persona y cuando usted est\u00e9 en \u00a0otro foro act\u00fae como mejor convenga y sin amenazar, \u00a0que es lo que est\u00e1 usted haciendo, pues aqu\u00ed\u00a0 no \u00a0procede\u201d.<\/em><\/p>\n<p style=\"text-align: justify;\">\n<p style=\"text-align: justify;\">\u00a0<\/p>\n<p style=\"text-align: justify;\">\u00a0\u00a0\u00a0 Luego, durante\u00a0 la procesi\u00f3n, no par\u00f3 de cuando en cuando\u00a0 recordar en voz alta sus competencias profesionales y cu\u00e1nto le duele las de otros, en clara alusi\u00f3n a las m\u00edas.<\/p>\n<p style=\"text-align: justify;\">\u00a0\u00a0\u00a0 En definitiva y dejando de lado\u00a0 este momento tan poco acertado\u00a0 de quien no sabe representar a\u00a0 un colectivo tan\u00a0 digno como es\u00a0 el de Abogados de C\u00e1diz, quiero dar las gracias al Hermano Mayor de la Cofrad\u00eda que\u00a0 \u00a0invit\u00f3 a acompa\u00f1ar a Nuestro Padre Jes\u00fas Nazareno a mi Colegio, as\u00ed como al resto de profesionales que iban representando a sus Corporaciones, como a Jos\u00e9 Ram\u00f3n Castro Reina, en representaci\u00f3n del Colegio de Notarial de Andaluc\u00eda y al Decano del Colegio de\u00a0 Procuradores de C\u00e1diz, Jos\u00e9 Eduardo\u00a0 S\u00e1nchez Romero, pero creo\u00a0 que el Colegio de Abogados con esa representaci\u00f3n que envi\u00f3, cosa que no ocurri\u00f3 en a\u00f1os precedentes, deber\u00eda pensarse\u00a0 si alguien\u00a0 con m\u00e1s respeto y talante es mejor que el Sr. Jare\u00f1o.<\/p>\n<p style=\"text-align: justify;\">\n<p style=\"text-align: justify;\">\u00a0\u00a0\u00a0 Han sido muchas an\u00e9cdotas las que\u00a0 se pueden contar\u00a0 del Sr. Decano de los Abogados de C\u00e1diz en este desfile procesional con solo preguntar a quienes\u00a0 nos vieron salir, estaban junto a nosotros o nos vieron en la calle, pero el\u00a0 Regidor Perpetuo de la Ciudad de C\u00e1diz s\u00f3lo\u00a0 iba pendiente de los\u00a0 gaditanos que lo pasan mal, de los que no tienen empleo o de aquellos\u00a0 que le piden con fervor soluci\u00f3n a sus problemas y para los improvisados gestos de mal car\u00e1cter, agresividad y falta de educaci\u00f3n del Sr. Jare\u00f1o \u00a0no tuvo ni un momento de atenci\u00f3n.<\/p>\n<p style=\"text-align: justify;\">\u00a0<\/p>\n","protected":false},"excerpt":{"rendered":"<p>\u00a0\u00a0\u00a0 Ya existe una vieja historia sobre la salida\u00a0 procesional de Nuestro Padre Jes\u00fas Nazareno desde el Convento de Santa\u00a0 Mar\u00eda, pero en\u00a0 pleno siglo XXI, estamos de nuevo acudiendo a otra historia que no puede ser calificada de otra manera\u00a0 que rid\u00edcula y \u00a0donde el Decano del Iltre. Colegio de Abogados de C\u00e1diz, Jos\u00e9 [&hellip;]<\/p>\n","protected":false},"author":1,"featured_media":0,"comment_status":"open","ping_status":"open","sticky":false,"template":"","format":"standard","meta":{"footnotes":""},"categories":[3],"tags":[],"class_list":["post-1229","post","type-post","status-publish","format-standard","hentry","category-vida-profesional"],"_links":{"self":[{"href":"https:\/\/elblogdejoseblasfernandez.com\/index.php?rest_route=\/wp\/v2\/posts\/1229","targetHints":{"allow":["GET"]}}],"collection":[{"href":"https:\/\/elblogdejoseblasfernandez.com\/index.php?rest_route=\/wp\/v2\/posts"}],"about":[{"href":"https:\/\/elblogdejoseblasfernandez.com\/index.php?rest_route=\/wp\/v2\/types\/post"}],"author":[{"embeddable":true,"href":"https:\/\/elblogdejoseblasfernandez.com\/index.php?rest_route=\/wp\/v2\/users\/1"}],"replies":[{"embeddable":true,"href":"https:\/\/elblogdejoseblasfernandez.com\/index.php?rest_route=%2Fwp%2Fv2%2Fcomments&post=1229"}],"version-history":[{"count":4,"href":"https:\/\/elblogdejoseblasfernandez.com\/index.php?rest_route=\/wp\/v2\/posts\/1229\/revisions"}],"predecessor-version":[{"id":1269,"href":"https:\/\/elblogdejoseblasfernandez.com\/index.php?rest_route=\/wp\/v2\/posts\/1229\/revisions\/1269"}],"wp:attachment":[{"href":"https:\/\/elblogdejoseblasfernandez.com\/index.php?rest_route=%2Fwp%2Fv2%2Fmedia&parent=1229"}],"wp:term":[{"taxonomy":"category","embeddable":true,"href":"https:\/\/elblogdejoseblasfernandez.com\/index.php?rest_route=%2Fwp%2Fv2%2Fcategories&post=1229"},{"taxonomy":"post_tag","embeddable":true,"href":"https:\/\/elblogdejoseblasfernandez.com\/index.php?rest_route=%2Fwp%2Fv2%2Ftags&post=1229"}],"curies":[{"name":"wp","href":"https:\/\/api.w.org\/{rel}","templated":true}]}}