{"id":1239,"date":"2014-04-25T12:31:15","date_gmt":"2014-04-25T10:31:15","guid":{"rendered":"http:\/\/elblogdejoseblasfernandez.com\/?p=1239"},"modified":"2025-02-10T18:38:54","modified_gmt":"2025-02-10T17:38:54","slug":"natita-de-mala-leche","status":"publish","type":"post","link":"https:\/\/elblogdejoseblasfernandez.com\/?p=1239","title":{"rendered":"\u00abNATITA DE MALA LECHE\u00bb"},"content":{"rendered":"<p style=\"text-align: justify;\">Si Jos\u00e9 Pettenghi tuviera el atrevimiento (San Jordi nos coja confesados) de recopilar sus colaboraciones en este diario al modo y manera del a\u00f1orado Fernando Qui\u00f1ones, en vez de \u2018Mijitas del Freidor\u2019 le tendr\u00eda que titular \u2018Natita de mala leche\u2019, y sin duda, la mitad del impensado volumen versar\u00eda sobre mi persona, tal es el cari\u00f1o que me profesa.<\/p>\n<p style=\"text-align: justify;\">\u00a0Jueves s\u00ed jueves no me deleito en el extra\u00f1o juego de saber cu\u00e1ntas veces se me alude en la columna del ex concejal socialista, pues lo que\u00a0 tengo seguro es que aparezco. Remarco lo de ex concejal porque la obsesi\u00f3n de este hombre con mi persona solo es explicable si se analiza su paso, que lo tuvo \u2013aunque no se recuerde mucho su aportaci\u00f3n a la pol\u00edtica gaditana-\u00a0 por los esca\u00f1os municipales. Dicho de manera liviana, C\u00e1diz gan\u00f3 un articulista y perdi\u00f3 un concejal. Y C\u00e1diz a\u00fan no sabe\u00a0 c\u00f3mo podr\u00e1 agradecer tanta fortuna, aunque sea yo quien lo padezca.<\/p>\n<p style=\"text-align: justify;\">\u00a0De Pettenghi sab\u00edamos su habilidad por estar sin hacerse notar, algo que en su caso puede parecer incluso virtud; fue concejal en el Ayuntamiento de C\u00e1diz por el PSOE, \u00a0aunque ni sus compa\u00f1eros de bancada llegaran a enterarse, fue consejero de EMASA, la empresa p\u00fablica de aparcamientos, \u00a0aunque no apareciera por\u00a0 los Consejos de Administraci\u00f3n \u00a0y lo mismo ejerce de feliz infante en los patios del Gobierno Militar franquista cuando lo llevaban los soldados del reemplazo\u00a0 en coche militar al Colegio, \u00a0aunque pareciera que no ha visto un \u201c<em>soldao\u201d<\/em> en su vida, como se traga una salida \u00a0de Viernes Santo sin que le tiemble el pulso a la hora de ciscarse en todo el <em>capilleo gaditano<\/em> al que tanto critica.<\/p>\n<p style=\"text-align: justify;\">\u00a0Un dechado de coherencia que le ha llevado a este \u00faltimo cap\u00edtulo de ayer: al parecer el articulista no lee las p\u00e1ginas donde publica. De otro modo es incomprensible que quiera comparar el ritmo de los trabajos en el Segundo Puente que imprimi\u00f3 su nunca bien ponderada compa\u00f1era de partido, la imputada do\u00f1a Magdalena \u00c1lvarez, con el constante laborar que este peri\u00f3dico refleja peri\u00f3dicamente en el tablero del puente. Ese, no m\u00e1s, es el \u00fanico problema que tiene Pettenghi, la impotencia de comprobar, una vez m\u00e1s y \u00e9l lo ha padecido durante d\u00e9cadas, que cuando gobierna el Partido Popular, \u00a0C\u00e1diz lo nota y a \u00a0mejor, y cuando gobierna su partido aqu\u00ed no se mueve nada que dependa de un socialista.\u00a0 Le dejo esta \u00faltima reflexi\u00f3n para que la mastique tranquilo y pueda elaborar con ella el prefacio de su recopilatorio bajo el ep\u00edgrafe \u2018Historia de un quiero y no puedo\u2019, debiendo escribir m\u00e1s a menudo\u00a0 sobre la \u201cCiudad de la Justicia\u201d, \u201cOlivillo\u201d, \u201cResidencia del Tiempo Libre\u201d, \u201cResidencia sanitaria del SAS\u201d, \u201cViviendas del Matadero\u201d, \u201cel Albergue Juvenil\u201d, \u201cEscuela de N\u00e1utica\u201d, \u201cPol\u00edgono Las Aletas\u201d,\u00a0 y tantas lindezas como han prometido los del \u201cpensamiento \u00fanico\u201d, salvo\u00a0 que Pettenghi ahora diga que nunca fue del PSOE, como al parecer\u00a0 nunca habla tampoco de su infancia y pubertad o de su juventud\u00a0 vivida entre\u00a0 la memoria hist\u00f3rica franquista y \u00a0la divisi\u00f3n azul con distinciones\u00a0 del nacional-socialismo.<\/p>\n<p style=\"text-align: justify;\">\n","protected":false},"excerpt":{"rendered":"<p>Si Jos\u00e9 Pettenghi tuviera el atrevimiento (San Jordi nos coja confesados) de recopilar sus colaboraciones en este diario al modo y manera del a\u00f1orado Fernando Qui\u00f1ones, en vez de \u2018Mijitas del Freidor\u2019 le tendr\u00eda que titular \u2018Natita de mala leche\u2019, y sin duda, la mitad del impensado volumen versar\u00eda sobre mi persona, tal es el [&hellip;]<\/p>\n","protected":false},"author":1,"featured_media":0,"comment_status":"open","ping_status":"open","sticky":false,"template":"","format":"standard","meta":{"footnotes":""},"categories":[1],"tags":[],"class_list":["post-1239","post","type-post","status-publish","format-standard","hentry","category-sin-categoria"],"_links":{"self":[{"href":"https:\/\/elblogdejoseblasfernandez.com\/index.php?rest_route=\/wp\/v2\/posts\/1239","targetHints":{"allow":["GET"]}}],"collection":[{"href":"https:\/\/elblogdejoseblasfernandez.com\/index.php?rest_route=\/wp\/v2\/posts"}],"about":[{"href":"https:\/\/elblogdejoseblasfernandez.com\/index.php?rest_route=\/wp\/v2\/types\/post"}],"author":[{"embeddable":true,"href":"https:\/\/elblogdejoseblasfernandez.com\/index.php?rest_route=\/wp\/v2\/users\/1"}],"replies":[{"embeddable":true,"href":"https:\/\/elblogdejoseblasfernandez.com\/index.php?rest_route=%2Fwp%2Fv2%2Fcomments&post=1239"}],"version-history":[{"count":3,"href":"https:\/\/elblogdejoseblasfernandez.com\/index.php?rest_route=\/wp\/v2\/posts\/1239\/revisions"}],"predecessor-version":[{"id":4689,"href":"https:\/\/elblogdejoseblasfernandez.com\/index.php?rest_route=\/wp\/v2\/posts\/1239\/revisions\/4689"}],"wp:attachment":[{"href":"https:\/\/elblogdejoseblasfernandez.com\/index.php?rest_route=%2Fwp%2Fv2%2Fmedia&parent=1239"}],"wp:term":[{"taxonomy":"category","embeddable":true,"href":"https:\/\/elblogdejoseblasfernandez.com\/index.php?rest_route=%2Fwp%2Fv2%2Fcategories&post=1239"},{"taxonomy":"post_tag","embeddable":true,"href":"https:\/\/elblogdejoseblasfernandez.com\/index.php?rest_route=%2Fwp%2Fv2%2Ftags&post=1239"}],"curies":[{"name":"wp","href":"https:\/\/api.w.org\/{rel}","templated":true}]}}