{"id":1261,"date":"2014-04-30T21:26:51","date_gmt":"2014-04-30T19:26:51","guid":{"rendered":"http:\/\/elblogdejoseblasfernandez.com\/?p=1261"},"modified":"2014-04-30T21:26:51","modified_gmt":"2014-04-30T19:26:51","slug":"inauguracion-de-la-nueva-sede-del-colegio-oficial-de-graduados-sociales-de-cadiz","status":"publish","type":"post","link":"https:\/\/elblogdejoseblasfernandez.com\/?p=1261","title":{"rendered":"INAUGURACI\u00d3N DE LA NUEVA SEDE DEL COLEGIO OFICIAL DE GRADUADOS SOCIALES DE C\u00c1DIZ"},"content":{"rendered":"<p style=\"text-align: justify;\">\u00a0\u00a0\u00a0\u00a0\u00a0\u00a0\u00a0\u00a0 Mi Colegio de Graduados Sociales de C\u00e1diz-Ceuta \u00a0inaugur\u00f3 oficialmente su nueva sede corporativa, el pasado 29 de Abril, \u00a0llevando a cabo tal inauguraci\u00f3n\u00a0 el Secretario de Estado de Seguridad Social, <strong>Tom\u00e1s Burgos \u00a0Gallego<\/strong>, quien acompa\u00f1ado de quien escribe como \u00a0Presidente del Colegio y de la Junta de Gobierno, descubri\u00f3 la placa que recuerda tal efem\u00e9rides y que el colectivo profesional disfruta\u00a0 para \u00a0llevar a cabo sus labores como tal Corporaci\u00f3n de Derecho P\u00fablico. Tras la inauguraci\u00f3n oficial,\u00a0 <strong>Tom\u00e1s Burgos Gallego,<\/strong> departi\u00f3 con la Junta de Gobierno del Colegio, acompa\u00f1ados de la Directora Provincial de la Tesorer\u00eda General de la Seguridad Social, <strong>M\u00aa Jesus Morell Sastre<\/strong> y de la Directora del Instituto Nacional de la Seguridad Social, <strong>Inmaculada R\u00edos S\u00e1nchez,<\/strong> \u00a0\u00a0agradeciendo al colectivo el que\u00a0 sea \u00e9l como responsable de la Seguridad Social en Espa\u00f1a, el que dejara patente en su visita la vinculaci\u00f3n de los Graduados Sociales, \u00a0en su condici\u00f3n de profesionales del Derecho, de\u00a0 la gran labor que vienen realizando para el sistema p\u00fablico de pensiones\u00a0 y en su conjunto del sistema de cotizaci\u00f3n a la Seguridad Social. <\/p>\n<p style=\"text-align: justify;\">\u00a0<\/p>\n<p style=\"text-align: justify;\">\u00a0<\/p>\n<p style=\"text-align: justify;\">\u00a0\u00a0\u00a0\u00a0\u00a0\u00a0\u00a0\u00a0\u00a0 <strong>Tom\u00e1s Burgos<\/strong> expuso los distintos cambios\u00a0 que\u00a0 van\u00a0 a\u00a0 producirse en esta segunda fase de la X Legislatura y donde habr\u00e1 mayores cambios para mejorar todo el sistema de la Seguridad Social, donde\u00a0 los Graduados Sociales son en su conjunto pieza indispensable para consolidar toda la normativa que se ha llevado\u00a0 y se llevar\u00e1 a dicho \u00a0cambio, pues son los verdaderos conocedores del sistema y\u00a0 los que \u00a0informan \u00a0adecuadamente\u00a0 de lo complejo del mundo de la Seguridad Social.<\/p>\n<p style=\"text-align: justify;\">\n<p style=\"text-align: justify;\">\u00a0\u00a0\u00a0\u00a0\u00a0\u00a0\u00a0\u00a0\u00a0 Yo, como\u00a0 Presidente del Colegio, \u00a0reiter\u00e9 el agradecimiento al Secretario de Estado y le manifest\u00e9 que para contar con un sistema s\u00f3lido y fuerte de la Seguridad Social tienen que\u00a0 tambi\u00e9n contar \u00a0con los Graduados Sociales, que a lo largo de los \u00faltimos 50 a\u00f1os han dado credibilidad y confianza en la informaci\u00f3n de quienes disfrutan\u00a0 y cotizan a la Seguridad Social y como tales asesores jur\u00eddicos de empresas, trabajadores y beneficiarios del Sistema, ya que la compleja normativa que emana de las Cortes Generales tiene que ser aplicada en su mayor\u00eda por quienes acuden a este colectivo de juristas expertos\u00a0 y cualificados\u00a0 en el Derecho del Trabajo y de la Seguridad Social.<\/p>\n<p style=\"text-align: justify;\">\u00a0<\/p>\n<p style=\"text-align: justify;\">\u00a0<\/p>\n","protected":false},"excerpt":{"rendered":"<p>\u00a0\u00a0\u00a0\u00a0\u00a0\u00a0\u00a0\u00a0 Mi Colegio de Graduados Sociales de C\u00e1diz-Ceuta \u00a0inaugur\u00f3 oficialmente su nueva sede corporativa, el pasado 29 de Abril, \u00a0llevando a cabo tal inauguraci\u00f3n\u00a0 el Secretario de Estado de Seguridad Social, Tom\u00e1s Burgos \u00a0Gallego, quien acompa\u00f1ado de quien escribe como \u00a0Presidente del Colegio y de la Junta de Gobierno, descubri\u00f3 la placa que recuerda tal [&hellip;]<\/p>\n","protected":false},"author":1,"featured_media":0,"comment_status":"open","ping_status":"open","sticky":false,"template":"","format":"standard","meta":{"footnotes":""},"categories":[3],"tags":[],"class_list":["post-1261","post","type-post","status-publish","format-standard","hentry","category-vida-profesional"],"_links":{"self":[{"href":"https:\/\/elblogdejoseblasfernandez.com\/index.php?rest_route=\/wp\/v2\/posts\/1261","targetHints":{"allow":["GET"]}}],"collection":[{"href":"https:\/\/elblogdejoseblasfernandez.com\/index.php?rest_route=\/wp\/v2\/posts"}],"about":[{"href":"https:\/\/elblogdejoseblasfernandez.com\/index.php?rest_route=\/wp\/v2\/types\/post"}],"author":[{"embeddable":true,"href":"https:\/\/elblogdejoseblasfernandez.com\/index.php?rest_route=\/wp\/v2\/users\/1"}],"replies":[{"embeddable":true,"href":"https:\/\/elblogdejoseblasfernandez.com\/index.php?rest_route=%2Fwp%2Fv2%2Fcomments&post=1261"}],"version-history":[{"count":1,"href":"https:\/\/elblogdejoseblasfernandez.com\/index.php?rest_route=\/wp\/v2\/posts\/1261\/revisions"}],"predecessor-version":[{"id":1267,"href":"https:\/\/elblogdejoseblasfernandez.com\/index.php?rest_route=\/wp\/v2\/posts\/1261\/revisions\/1267"}],"wp:attachment":[{"href":"https:\/\/elblogdejoseblasfernandez.com\/index.php?rest_route=%2Fwp%2Fv2%2Fmedia&parent=1261"}],"wp:term":[{"taxonomy":"category","embeddable":true,"href":"https:\/\/elblogdejoseblasfernandez.com\/index.php?rest_route=%2Fwp%2Fv2%2Fcategories&post=1261"},{"taxonomy":"post_tag","embeddable":true,"href":"https:\/\/elblogdejoseblasfernandez.com\/index.php?rest_route=%2Fwp%2Fv2%2Ftags&post=1261"}],"curies":[{"name":"wp","href":"https:\/\/api.w.org\/{rel}","templated":true}]}}