{"id":1277,"date":"2014-05-12T19:53:17","date_gmt":"2014-05-12T17:53:17","guid":{"rendered":"http:\/\/elblogdejoseblasfernandez.com\/?p=1277"},"modified":"2014-05-12T19:53:17","modified_gmt":"2014-05-12T17:53:17","slug":"homenaje-postumo-a-martinez-emperador","status":"publish","type":"post","link":"https:\/\/elblogdejoseblasfernandez.com\/?p=1277","title":{"rendered":"HOMENAJE P\u00d3STUMO A MART\u00cdNEZ EMPERADOR"},"content":{"rendered":"<p style=\"text-align: justify;\">\u00a0\u00a0\u00a0\u00a0 El Colegio de Graduados Sociales de C\u00e1diz coloc\u00f3, \u00a0en su d\u00eda en el Edificio de la antigua \u201cC\u00e1rcel Real\u201d que aglutinaba\u00a0 varias sedes judiciales, \u00a0una l\u00e1pida en memoria del Magistrado de la Sala IV del Tribunal Supremo, <strong>Rafael Mart\u00ednez Emperador<\/strong>; hombre\u00a0 que fue asesinado el 10 de Febrero de 1997 por un terrorista de la banda\u00a0 de ETA. Rafael hab\u00eda dado su \u00faltima conferencia\u00a0 en C\u00e1diz, con motivo de unas jornadas que hicimos\u00a0 y donde con su buen hacer\u00a0 trat\u00f3 sobre temas jurisprudenciales\u00a0 y de actualidad de\u00a0 aquella \u00e9poca. Rafael no llevaba escolta y la polic\u00eda identific\u00f3 al asesino del Magistrado que m\u00e1s tarde fue juzgado y condenado por aqu\u00e9l hecho donde vilmente\u00a0\u00a0 mataron a un hombre de bien.<\/p>\n<p style=\"text-align: justify;\">\n<p style=\"text-align: justify;\">\u00a0\u00a0\u00a0\u00a0 Los Graduados Sociales tuvimos el pasado d\u00eda 9\u00a0 la clausura de un curso procesal-laboral en\u00a0 la Escuela de Pr\u00e1ctica Jur\u00eddica que lleva su nombre, por lo que en su memoria y ante su l\u00e1pida pusimos una corona de laurel donde\u00a0 muchos Magistrados del Orden Social, Secretarios Judiciales, Junta de Gobierno y compa\u00f1eros tuvimos ese recuerdo en su memoria. Desde aqu\u00ed le reiteramos nuestras condolencias y recuerdo a su hijo Rafael, Notario de Madrid, que siempre\u00a0 ha sabido guardar la memoria de su padre y ha sido otro defensor de la democracia en Espa\u00f1a.<\/p>\n<p style=\"text-align: justify;\">\n<p style=\"text-align: justify;\">\u00a0<\/p>\n","protected":false},"excerpt":{"rendered":"<p>\u00a0\u00a0\u00a0\u00a0 El Colegio de Graduados Sociales de C\u00e1diz coloc\u00f3, \u00a0en su d\u00eda en el Edificio de la antigua \u201cC\u00e1rcel Real\u201d que aglutinaba\u00a0 varias sedes judiciales, \u00a0una l\u00e1pida en memoria del Magistrado de la Sala IV del Tribunal Supremo, Rafael Mart\u00ednez Emperador; hombre\u00a0 que fue asesinado el 10 de Febrero de 1997 por un terrorista de [&hellip;]<\/p>\n","protected":false},"author":1,"featured_media":0,"comment_status":"open","ping_status":"open","sticky":false,"template":"","format":"standard","meta":{"footnotes":""},"categories":[3],"tags":[],"class_list":["post-1277","post","type-post","status-publish","format-standard","hentry","category-vida-profesional"],"_links":{"self":[{"href":"https:\/\/elblogdejoseblasfernandez.com\/index.php?rest_route=\/wp\/v2\/posts\/1277","targetHints":{"allow":["GET"]}}],"collection":[{"href":"https:\/\/elblogdejoseblasfernandez.com\/index.php?rest_route=\/wp\/v2\/posts"}],"about":[{"href":"https:\/\/elblogdejoseblasfernandez.com\/index.php?rest_route=\/wp\/v2\/types\/post"}],"author":[{"embeddable":true,"href":"https:\/\/elblogdejoseblasfernandez.com\/index.php?rest_route=\/wp\/v2\/users\/1"}],"replies":[{"embeddable":true,"href":"https:\/\/elblogdejoseblasfernandez.com\/index.php?rest_route=%2Fwp%2Fv2%2Fcomments&post=1277"}],"version-history":[{"count":1,"href":"https:\/\/elblogdejoseblasfernandez.com\/index.php?rest_route=\/wp\/v2\/posts\/1277\/revisions"}],"predecessor-version":[{"id":1281,"href":"https:\/\/elblogdejoseblasfernandez.com\/index.php?rest_route=\/wp\/v2\/posts\/1277\/revisions\/1281"}],"wp:attachment":[{"href":"https:\/\/elblogdejoseblasfernandez.com\/index.php?rest_route=%2Fwp%2Fv2%2Fmedia&parent=1277"}],"wp:term":[{"taxonomy":"category","embeddable":true,"href":"https:\/\/elblogdejoseblasfernandez.com\/index.php?rest_route=%2Fwp%2Fv2%2Fcategories&post=1277"},{"taxonomy":"post_tag","embeddable":true,"href":"https:\/\/elblogdejoseblasfernandez.com\/index.php?rest_route=%2Fwp%2Fv2%2Ftags&post=1277"}],"curies":[{"name":"wp","href":"https:\/\/api.w.org\/{rel}","templated":true}]}}