{"id":1282,"date":"2014-05-14T17:52:43","date_gmt":"2014-05-14T15:52:43","guid":{"rendered":"http:\/\/elblogdejoseblasfernandez.com\/?p=1282"},"modified":"2014-05-14T17:55:43","modified_gmt":"2014-05-14T15:55:43","slug":"peresentacion-de-una-mocion-en-el-senado-para-facilitar-la-transmisiones-empresariales","status":"publish","type":"post","link":"https:\/\/elblogdejoseblasfernandez.com\/?p=1282","title":{"rendered":"PRESENTACI\u00d3N DE UNA MOCI\u00d3N EN EL SENADO PARA FACILITAR LAS TRANSMISIONES EMPRESARIALES"},"content":{"rendered":"<p style=\"text-align: justify;\">\u00a0\u00a0\u00a0\u00a0 Esta ma\u00f1ana se ha presentado y aprobado en el Senado una Moci\u00f3n que he defendido\u00a0\u00a0en la C\u00e1mara Alta\u00a0en mi calidad de Senador\u00a0 y Portavoz de la Comisi\u00f3n de Seguridad Social, consistente en facilitar\u00a0 el tr\u00e1mite de la transmisi\u00f3n de empresas, con la creaci\u00f3n de un registro donde figuren los negocios que est\u00e9n en disposici\u00f3n de ser traspasados y que no se cierren, \u00a0con la consiguiente p\u00e9rdida de empleos en la mayor\u00eda de los casos y favorecer la iniciativa de nuevos emprendedores.\u00a0<\/p>\n<p style=\"text-align: justify;\">\u00a0\u00a0\u00a0\u00a0\u00a0 Seguidamente paso a presentar \u00a0la nota de prensa publicada tras mi intervenci\u00f3n en la C\u00e1mara Alta y la aprobaci\u00f3n de tal moci\u00f3n:<\/p>\n<p style=\"text-align: justify;\"><a href=\"http:\/\/elblogdejoseblasfernandez.com\/wp-content\/uploads\/2014\/05\/140514-mocion-trasmisiones-empresariales.docx\">140514 mocion trasmisiones empresariales<\/a><\/p>\n<p style=\"text-align: justify;\">\u00a0<\/p>\n","protected":false},"excerpt":{"rendered":"<p>\u00a0\u00a0\u00a0\u00a0 Esta ma\u00f1ana se ha presentado y aprobado en el Senado una Moci\u00f3n que he defendido\u00a0\u00a0en la C\u00e1mara Alta\u00a0en mi calidad de Senador\u00a0 y Portavoz de la Comisi\u00f3n de Seguridad Social, consistente en facilitar\u00a0 el tr\u00e1mite de la transmisi\u00f3n de empresas, con la creaci\u00f3n de un registro donde figuren los negocios que est\u00e9n en disposici\u00f3n [&hellip;]<\/p>\n","protected":false},"author":1,"featured_media":0,"comment_status":"open","ping_status":"open","sticky":false,"template":"","format":"standard","meta":{"footnotes":""},"categories":[5],"tags":[],"class_list":["post-1282","post","type-post","status-publish","format-standard","hentry","category-parlamentario"],"_links":{"self":[{"href":"https:\/\/elblogdejoseblasfernandez.com\/index.php?rest_route=\/wp\/v2\/posts\/1282","targetHints":{"allow":["GET"]}}],"collection":[{"href":"https:\/\/elblogdejoseblasfernandez.com\/index.php?rest_route=\/wp\/v2\/posts"}],"about":[{"href":"https:\/\/elblogdejoseblasfernandez.com\/index.php?rest_route=\/wp\/v2\/types\/post"}],"author":[{"embeddable":true,"href":"https:\/\/elblogdejoseblasfernandez.com\/index.php?rest_route=\/wp\/v2\/users\/1"}],"replies":[{"embeddable":true,"href":"https:\/\/elblogdejoseblasfernandez.com\/index.php?rest_route=%2Fwp%2Fv2%2Fcomments&post=1282"}],"version-history":[{"count":6,"href":"https:\/\/elblogdejoseblasfernandez.com\/index.php?rest_route=\/wp\/v2\/posts\/1282\/revisions"}],"predecessor-version":[{"id":1290,"href":"https:\/\/elblogdejoseblasfernandez.com\/index.php?rest_route=\/wp\/v2\/posts\/1282\/revisions\/1290"}],"wp:attachment":[{"href":"https:\/\/elblogdejoseblasfernandez.com\/index.php?rest_route=%2Fwp%2Fv2%2Fmedia&parent=1282"}],"wp:term":[{"taxonomy":"category","embeddable":true,"href":"https:\/\/elblogdejoseblasfernandez.com\/index.php?rest_route=%2Fwp%2Fv2%2Fcategories&post=1282"},{"taxonomy":"post_tag","embeddable":true,"href":"https:\/\/elblogdejoseblasfernandez.com\/index.php?rest_route=%2Fwp%2Fv2%2Ftags&post=1282"}],"curies":[{"name":"wp","href":"https:\/\/api.w.org\/{rel}","templated":true}]}}