{"id":1293,"date":"2014-05-23T22:20:42","date_gmt":"2014-05-23T20:20:42","guid":{"rendered":"http:\/\/elblogdejoseblasfernandez.com\/?p=1293"},"modified":"2014-05-23T22:20:42","modified_gmt":"2014-05-23T20:20:42","slug":"mi-mejor-companero-y-amigo-angel-luis-serrano-se-jubila","status":"publish","type":"post","link":"https:\/\/elblogdejoseblasfernandez.com\/?p=1293","title":{"rendered":"MI MEJOR COMPA\u00d1ERO Y AMIGO, \u00c1NGEL LUIS SERRANO, SE JUBILA"},"content":{"rendered":"<p style=\"text-align: justify;\">\u00a0\u00a0\u00a0\u00a0\u00a0\u00a0 Parec\u00eda que lo que tantas veces ha tramitado en su despacho y lo que\u00a0 sobre la jubilaci\u00f3n tanto ha trabajado a nivel profesional, \u00a0\u00c1ngel Luis Serrano Casal,\u00a0 nunca\u00a0 pod\u00eda ser \u00a0su bander\u00edn de enganche, pero sobre lo que tanto escribi\u00f3 y tanto asesor\u00f3 hoy es para \u00e9l \u00a0su emblema definitivo, una vez que tras 45 a\u00f1os de ejercicio profesional decide enrolarse en esa gran familia de los jubilados.<\/p>\n<p style=\"text-align: justify;\">\u00a0\u00a0\u00a0\u00a0\u00a0\u00a0 \u00c1ngel Luis es para m\u00ed y para la gran mayor\u00eda de los Graduados Sociales ese hombre cauteloso, trabajador, complaciente y amigo que siempre supo medir sus palabras y sus acciones\u00a0 a lo largo de su dilatada vida profesional de Graduado Social y quien le conoce\u00a0 sabe sobradamente\u00a0 que acudir a su despacho y acudir a su asesoramiento\u00a0 fue siempre una garant\u00eda de buen saber, \u00a0\u00a0de las cosas bien preparadas, de la \u00e9tica profesional y del compa\u00f1erismo por encima de todo, pues creo que nadie \u00a0podr\u00e1 decir que \u00c1ngel \u00a0lo ha dejado orillado o bien, que ante un problema que se le planteara\u00a0 no sabr\u00eda resolverlo o no quiso resolverlo. Ese ha sido su gran \u201cpecado\u201d, \u00a0el entregarse hasta la saciedad a todo lo que se le pon\u00eda por delante y, l\u00f3gicamente, el peso de la profesi\u00f3n\u00a0 liberal que es sumamente pesada, \u00a0ha hecho que \u00c1ngel\u00a0\u00a0 diga adi\u00f3s \u00a0a esos m\u00e1s de 40 a\u00f1os al servicio de los dem\u00e1s.<\/p>\n<p style=\"text-align: justify;\">\u00a0\u00a0\u00a0\u00a0\u00a0\u00a0 Para m\u00ed, \u00c1ngel Luis, ha sido mi compa\u00f1ero, mi gran amigo y mi confidente, pues\u00a0 mis\u00a0 acciones, siempre tomadas con impulso y, a veces, con ganas de liberar esas acciones, \u00e9l pon\u00eda cordura, paciencia\u00a0 y una paz\u00a0 que muchas veces\u00a0 para \u00e9l\u00a0 no la ten\u00eda, pues los problemas de los dem\u00e1s los hac\u00eda suyos y, c\u00f3mo no, no fui una excepci\u00f3n en su vida. Recuerdo cuando\u00a0 decidimos estudiar Graduado Social, tras nuestro bachiller, \u00c1ngel me acompa\u00f1\u00f3 inclusive en la misma\u00a0 habitaci\u00f3n donde estudi\u00e1bamos en Granada. Recuerdo aqu\u00e9l hostal \u201cEmperatriz\u201d donde \u201cmami\u201d, nuestra \u00a0patrona responsable del hostal, nos ve\u00eda\u00a0 como a dos ni\u00f1os algo traviesos, pero responsables porque, precisamente, estudiar fuera de casa ten\u00eda un coste\u00a0\u00a0 y entonces Granada\u00a0 parec\u00eda que estaba muy lejos; tan lejos que para llegar a la ciudad de la Alhambra se tardaba pr\u00e1cticamente un d\u00eda; hab\u00eda que coger transportes Comes hasta Sevilla y luego la \u201cAlsina\u201d nos dejar\u00eda de noche\u00a0 en la calle Ganivet\u00a0 que era donde ten\u00edamos nuestra estancia\u00a0 y casa. <\/p>\n<p style=\"text-align: justify;\">\u00a0\u00a0\u00a0\u00a0\u00a0 Cuando terminamos los estudios, todo nos fue rodado. Los dos supimos cumplir fielmente el cometido profesional y \u00e9l en San Fernando y yo en C\u00e1diz \u00a0nos iniciamos a ejercer una bendita profesi\u00f3n que nos ha dado de comer y a la que le debemos todo, pues \u00a0a\u00f1o tras a\u00f1o supimos superar barreras, conseguir logros profesionales y\u00a0 especializarnos\u00a0 en ser unos aut\u00e9nticos laboralistas, cosa que yo sin la compa\u00f1\u00eda de \u00c1ngel posiblemente no hubiese\u00a0 llegado hasta aqu\u00ed, por lo que hoy, \u00a0al pensar que deja su \u201cpuesto de mando\u201d\u00a0 y yo voy a continuar, es como si algo me faltara y parece como si el camino emprendido se haya roto en dos pedazos.<\/p>\n<p style=\"text-align: justify;\">\u00a0\u00a0\u00a0\u00a0 Me ha acompa\u00f1ado durante muchos a\u00f1os en nuestro Colegio Profesional, en los distintos cargos de responsabilidad que se le han encomendado; o mejor dicho, que yo le encomend\u00e9 por ser hombre de mi absoluta confianza. \u00c1ngel\u00a0 fue Vocal, Tesorero, Secretario General y \u00faltimamente Vicepresidente Primero, cargo en el que me ha suplido en mis ausencias y en el que siempre\u00a0 lo desempe\u00f1\u00f3 con absoluta honradez y entrega, pues \u00a0siempre miraba por el inter\u00e9s general y antepuso a cualquier otro t\u00edtulo y a cualquier protagonismo que le restara a nuestra profesi\u00f3n la palabra \u201cGraduado Social\u201d; \u00e9l dec\u00eda con orgullo y lo dice que pudo haber tenido otros t\u00edtulos, pero en el que cre\u00eda y cree es en esta profesi\u00f3n\u00a0 que la hemos hecho con inmenso cari\u00f1o y trabajo. Por eso, todo nuestro colectivo lo vamos a echar de menos, pero sabremos que ah\u00ed est\u00e1 \u00e9l para todo aquello que nos haga falta, pues su forma de ser no permitir\u00e1\u00a0 que su profesi\u00f3n\u00a0 deje de seguir el camino ascendente\u00a0 que siempre tuvo y no perdonar\u00eda \u00a0ver perder\u00a0 ni un solo\u00a0 matiz de lo conseguido, donde \u00e9l tuvo tanto protagonismo.\u00a0 A\u00fan recuerdo, c\u00f3mo trabaj\u00f3\u00a0 en aqu\u00e9l\u00a0 profundo contencioso para que nuestra figura procesal fuese lo que es\u00a0 hoy en la Ley Org\u00e1nica del Poder Judicial y\u00a0 cu\u00e1nto sopes\u00f3\u00a0\u00a0 y trabaj\u00f3 \u00a0en aquella querella\u00a0 que por usar la toga nos interpuso el Colegio de Abogados de C\u00e1diz, pero \u00c1ngel, con su tranquilidad sosegada y con su trabajo\u00a0 parsimonioso siempre supo frenar\u00a0 mi beligerancia \u00a0y mis impulsos\u00a0\u00a0 y supo ser comedido y \u00a0complemento en mis decisiones,\u00a0 por lo que quiero desde aqu\u00ed agradecerte una vez m\u00e1s, todo cuanto has hecho\u00a0 y te has entregado por la profesi\u00f3n que tantas satisfacciones te ha dado y c\u00f3mo\u00a0 con tu ejemplo profesional en esta provincia te supiste ganar la estima de propios y extra\u00f1os.<\/p>\n<p style=\"text-align: justify;\">\u00a0\u00a0\u00a0\u00a0\u00a0\u00a0 Est\u00e1s en posesi\u00f3n de las Medallas de Bronce, Plata y Oro de nuestro Colegio \u00a0\u00a0y la Medalla de Oro de nuestro Consejo General\u00a0 que me consta\u00a0 que siempre\u00a0 te escond\u00edas para que los homenajes no se te dieran, pues no eres un hombre protagonista; siempre en segundo plano, sin alardes\u00a0 y\u00a0 dejando\u00a0 pasar\u00a0 a todo aqu\u00e9l que te pudiese dar un codazo, pero as\u00ed eres t\u00fa y as\u00ed ser\u00e1s siempre\u00a0 en tu vida.<\/p>\n<p style=\"text-align: justify;\">\u00a0\u00a0\u00a0\u00a0\u00a0 Estoy convencido\u00a0 que tu Colegio sabr\u00e1 recompensar en muy breve espacio de tiempo\u00a0 tu abnegaci\u00f3n y entrega y seguir\u00e1s\u00a0 como hombre de honor vinculado a todos nosotros, por lo que te pido, desde aqu\u00ed, que aunque tu nuevo j\u00fabilo (que viene de jubilaci\u00f3n)\u00a0 te haga relajarte\u00a0 como profesional, nunca dejes a tus amigos que dif\u00edcilmente sin ti podremos continuar\u00a0 el camino que un d\u00eda emprendimos.<\/p>\n<p style=\"text-align: justify;\">\n<p style=\"text-align: justify;\">\u00a0\u00a0\u00a0\u00a0\u00a0 \u00c1ngel, sabes que te deseo lo mejor. Tu decisi\u00f3n est\u00e1 tomada y aunque la procesi\u00f3n est\u00e9 por dentro nunca te arrepientas del paso que has dado. Te lo mereces sobradamente y como te conozco, s\u00e9 que estar hoy trabajando ante tanta normativa\u00a0 y con tantos obst\u00e1culos como tenemos los profesionales liberales, te servir\u00e1 el \u201cnuevo estado\u201d para disfrutar de tantas cosas como todav\u00eda te esperan en tu nueva vida.<\/p>\n<p style=\"text-align: justify;\">\u201cLleg\u00f3 el descanso del guerrero\u201d.<\/p>\n<p style=\"text-align: justify;\">\u00a0<\/p>\n","protected":false},"excerpt":{"rendered":"<p>\u00a0\u00a0\u00a0\u00a0\u00a0\u00a0 Parec\u00eda que lo que tantas veces ha tramitado en su despacho y lo que\u00a0 sobre la jubilaci\u00f3n tanto ha trabajado a nivel profesional, \u00a0\u00c1ngel Luis Serrano Casal,\u00a0 nunca\u00a0 pod\u00eda ser \u00a0su bander\u00edn de enganche, pero sobre lo que tanto escribi\u00f3 y tanto asesor\u00f3 hoy es para \u00e9l \u00a0su emblema definitivo, una vez que tras [&hellip;]<\/p>\n","protected":false},"author":1,"featured_media":0,"comment_status":"open","ping_status":"open","sticky":false,"template":"","format":"standard","meta":{"footnotes":""},"categories":[3],"tags":[],"class_list":["post-1293","post","type-post","status-publish","format-standard","hentry","category-vida-profesional"],"_links":{"self":[{"href":"https:\/\/elblogdejoseblasfernandez.com\/index.php?rest_route=\/wp\/v2\/posts\/1293","targetHints":{"allow":["GET"]}}],"collection":[{"href":"https:\/\/elblogdejoseblasfernandez.com\/index.php?rest_route=\/wp\/v2\/posts"}],"about":[{"href":"https:\/\/elblogdejoseblasfernandez.com\/index.php?rest_route=\/wp\/v2\/types\/post"}],"author":[{"embeddable":true,"href":"https:\/\/elblogdejoseblasfernandez.com\/index.php?rest_route=\/wp\/v2\/users\/1"}],"replies":[{"embeddable":true,"href":"https:\/\/elblogdejoseblasfernandez.com\/index.php?rest_route=%2Fwp%2Fv2%2Fcomments&post=1293"}],"version-history":[{"count":1,"href":"https:\/\/elblogdejoseblasfernandez.com\/index.php?rest_route=\/wp\/v2\/posts\/1293\/revisions"}],"predecessor-version":[{"id":1298,"href":"https:\/\/elblogdejoseblasfernandez.com\/index.php?rest_route=\/wp\/v2\/posts\/1293\/revisions\/1298"}],"wp:attachment":[{"href":"https:\/\/elblogdejoseblasfernandez.com\/index.php?rest_route=%2Fwp%2Fv2%2Fmedia&parent=1293"}],"wp:term":[{"taxonomy":"category","embeddable":true,"href":"https:\/\/elblogdejoseblasfernandez.com\/index.php?rest_route=%2Fwp%2Fv2%2Fcategories&post=1293"},{"taxonomy":"post_tag","embeddable":true,"href":"https:\/\/elblogdejoseblasfernandez.com\/index.php?rest_route=%2Fwp%2Fv2%2Ftags&post=1293"}],"curies":[{"name":"wp","href":"https:\/\/api.w.org\/{rel}","templated":true}]}}