{"id":1299,"date":"2014-05-26T17:27:46","date_gmt":"2014-05-26T15:27:46","guid":{"rendered":"http:\/\/elblogdejoseblasfernandez.com\/?p=1299"},"modified":"2014-05-26T21:02:17","modified_gmt":"2014-05-26T19:02:17","slug":"entrevista-publicada-en-el-diario-de-cadiz-sobre-la-nueva-ley-organica-del-poder-judicial","status":"publish","type":"post","link":"https:\/\/elblogdejoseblasfernandez.com\/?p=1299","title":{"rendered":"ENTREVISTA PUBLICADA EN EL DIARIO DE C\u00c1DIZ SOBRE EL ANTEPROYECTO DE LA FUTURA LEY ORG\u00c1NICA DEL PODER JUDICIAL"},"content":{"rendered":"<p style=\"text-align: justify;\">\u00a0\u00a0\u00a0\u00a0 Seguidamente paso a transcribir la entrevista\u00a0\u00a0que me hiceron en dias pasados \u00a0y que ha salido hoy\u00a0 publicada en el Diario de C\u00e1diz.<\/p>\n<ul>\n<li style=\"text-align: justify;\"><span style=\"font-family: Times New Roman;\"><span style=\"color: #000000;\"><strong><span style=\"font-size: medium;\">El Gobierno est\u00e1 tramitando una nueva Ley Org\u00e1nica del Poder Judicial, la tercera. \u00bfPor qu\u00e9 cambiarla? \u00bfQu\u00e9 modificaciones incluye respecto a las anteriores?<\/span><\/strong><\/span><\/span><\/li>\n<\/ul>\n<p style=\"text-align: justify;\"><strong><span style=\"font-family: Times New Roman; color: #000000; font-size: medium;\">\u00a0<\/span><\/strong><span style=\"font-size: medium;\"><span style=\"font-family: Times New Roman;\"><span style=\"color: #000000;\"><strong>\u00a0\u00a0\u00a0\u00a0\u00a0\u00a0\u00a0\u00a0 <\/strong>El anteproyecto de Ley Org\u00e1nica del Poder Judicial pretende adaptar las estructuras de la Justicia al siglo XXI, por lo que al acometer esta reforma hay que mirar hacia una nueva direcci\u00f3n y sentar las bases\u00a0 de un nuevo modelo m\u00e1s \u00e1gil y eficiente, pues si la Justicia act\u00faa tarde, dif\u00edcilmente \u00a0har\u00e1 justicia y entonces se lesionan\u00a0 derechos fundamentales y se debilitan principios como la Seguridad Jur\u00eddica.\u00a0 Las modificaciones m\u00e1s importantes es que se establece\u00a0 un sistema de consulta pre-judicial\u00a0 que abre\u00a0 una v\u00eda de di\u00e1logo entre los Jueces y el Alto Tribunal. Tambi\u00e9n como novedad, \u00a0establece que el mes de Agosto ser\u00e1 h\u00e1bil para las actuaciones\u00a0 cuya demora\u00a0 pueda causar perjuicios irreparables\u00a0 y haciendo\u00a0 una estructura\u00a0 del Tribunal Provincial de Instancia, el cual cambiar\u00e1 sustancialmente \u00a0las actuales Audiencias Provinciales, entre otras novedades.<\/span><\/span><\/span><\/p>\n<ul>\n<li>\n<div style=\"text-align: justify;\"><strong><span style=\"font-family: Times New Roman; color: #000000; font-size: medium;\">\u00a0<\/span><\/strong><span style=\"font-family: Times New Roman;\"><span style=\"color: #000000;\"> <strong><span style=\"font-size: medium;\">\u00bfCu\u00e1l es el objetivo \u00faltimo de este anteproyecto de ley?<\/span><\/strong><\/span><\/span><\/div>\n<\/li>\n<\/ul>\n<p style=\"text-align: justify;\"><span style=\"font-size: medium;\"><span style=\"font-family: Times New Roman;\"><span style=\"color: #000000;\">\u00a0\u00a0\u00a0\u00a0\u00a0\u00a0\u00a0\u00a0 El objetivo \u00faltimo es agilizar\u00a0 de manera definitiva el sistema judicial espa\u00f1ol, adaptando las estructuras existentes a la realidad econ\u00f3mica, social y jur\u00eddica del siglo XXI. Ese objetivo se lograr\u00e1 a trav\u00e9s de una mayor eficiencia y rapidez de los procedimientos judiciales, aumentando\u00a0 en esta reforma y \u00a0anteponiendo la especializaci\u00f3n judicial, hoy tan\u00a0 necesaria.<\/span><\/span><\/span><\/p>\n<ul>\n<li>\n<div style=\"text-align: justify;\"><strong><span style=\"font-family: Times New Roman; color: #000000; font-size: medium;\">\u00a0<\/span><\/strong><span style=\"font-family: Times New Roman;\"><span style=\"color: #000000;\"><strong>\u00bf<strong><span style=\"color: #000000;\">C\u00f3mo <\/span><\/strong><span style=\"font-size: medium;\">va a afectar concretamente a C\u00e1diz? \u00bfQu\u00e9 son los Tribunales Provinciales de Instancia? \u00bfCu\u00e1les ser\u00e1n sus funciones?<\/span><\/strong><\/span><\/span><\/div>\n<\/li>\n<\/ul>\n<p style=\"text-align: justify;\"><strong><span style=\"font-family: Times New Roman; color: #000000; font-size: medium;\">\u00a0<\/span><\/strong><span style=\"font-size: medium;\"><span style=\"font-family: Times New Roman;\"><span style=\"color: #000000;\"><strong>\u00a0\u00a0\u00a0\u00a0\u00a0\u00a0\u00a0 <\/strong>A C\u00e1diz s\u00f3lo le va a afectar como\u00a0 a las restantes capitales\u00a0 m\u00e1s Ceuta y Melilla la estructura\u00a0 nueva del Tribunal Provincial de Instancia, el cual contar\u00e1\u00a0 con cuatro salas, una por cada Orden Jurisdiccional: Civil, Penal, Contencioso-Administrativo y Social. Cada sala luego dispondr\u00e1 de\u00a0 Unidades Judiciales (Jueces Unipersonales) y Secciones, cuando el conocimiento de un asunto por su relevancia \u00a0se atribuya a un Colegio de al menos tres Jueces (\u00d3rgano Colegiado). De igual modo,\u00a0 dentro de la Sala de lo Civil podr\u00e1n establecerse\u00a0 Unidades o Secciones especializadas\u00a0 en Mercantil y Familia; en la de lo Penal, de Garant\u00edas de la Instrucci\u00f3n, de Enjuiciamiento, de Ejecuci\u00f3n de Penas y Medidas de Seguridad,\u00a0 de Violencia sobre la Mujer, de Menores y de Delitos Econ\u00f3micos; y, por \u00faltimo, en la de lo \u00a0Contencioso-Administrativo,\u00a0 en Materia Tributaria. Su sede oficial estar\u00e1 en la capital de la provincia, pero se podr\u00e1n mantener otras sedes desplazadas y ya existentes en funci\u00f3n de: dispersi\u00f3n \u00a0de la poblaci\u00f3n en el territorio provincial, carga de trabajo de los \u00d3rganos Jurisdiccionales existentes, distancia de la sede desplazada a la capital de la provincia, etc. Por tanto, no se cerrar\u00e1 ninguna sede judicial.<\/span><\/span><\/span><\/p>\n<p style=\"text-align: justify;\"><strong><span style=\"font-family: Times New Roman; color: #000000; font-size: medium;\">\u00a0<\/span><\/strong><\/p>\n<ul style=\"text-align: justify;\">\n<li><span style=\"font-family: Times New Roman;\"><span style=\"color: #000000;\">\u00a0\u00bf<strong><span style=\"font-size: medium;\">Podremos hablar de una mayor agilidad en los procedimientos y de una descongesti\u00f3n de la pendencia en los juzgados?<\/span><\/strong><\/span><\/span><\/li>\n<\/ul>\n<p style=\"text-align: justify;\"><strong><span style=\"font-family: Times New Roman; color: #000000; font-size: medium;\">\u00a0<\/span><\/strong><span style=\"font-size: medium;\"><span style=\"font-family: Times New Roman;\"><span style=\"color: #000000;\"><strong>\u00a0\u00a0\u00a0\u00a0\u00a0\u00a0\u00a0\u00a0 <\/strong>S\u00ed. Considero\u00a0 que\u00a0 en la instrucci\u00f3n de las diligencias previas\u00a0 que realicen\u00a0 \u00f3rganos colegiados existir\u00e1 m\u00e1s agilidad, pues el reparto\u00a0 de la carga de trabajo ser\u00e1 mejor soportada al tratarse de tres Jueces y\u00a0 la figura y\u00a0 lentitud que hoy algunos mantienen en las diligencias tendr\u00e1 que desaparecer como as\u00ed desaparecer\u00e1 el protagonismo de la instrucci\u00f3n unipersonal.\u00a0 Lo que s\u00ed considero ventajoso y positivo es la especializaci\u00f3n, \u00a0\u00a0ya que como profesional del Derecho y\u00a0 operador jur\u00eddico en la Jurisdicci\u00f3n del Orden Social observo que donde existe un Juez especialista\u00a0 los procedimientos est\u00e1n mejor llevados y\u00a0 los Tribunales de Justicia\u00a0 es donde menos revocan sentencias de la instancia. No considero prudente que un Juzgador especializado o conocedor de la Jurisdicci\u00f3n Penal, por poner un ejemplo, \u00a0tutele\u00a0 un Juzgado de lo Social cuando\u00a0 la materia socio-laboral o de Seguridad Social que hoy es una \u201cmotocicleta\u201d de cambios la resuelva\u00a0 un Juzgador que ni siquiera en las oposiciones que llev\u00f3 a cabo para ser Juez\u00a0 estudi\u00f3 esa materia.<\/span><\/span><\/span><\/p>\n<p style=\"text-align: justify;\"><strong><span style=\"font-family: Times New Roman; color: #000000; font-size: medium;\">\u00a0<\/span><\/strong><\/p>\n<ul style=\"text-align: justify;\">\n<li><span style=\"font-family: Times New Roman;\"><span style=\"color: #000000;\"><strong><span style=\"font-size: medium;\">Dec\u00eda usted en un art\u00edculo publicado recientemente en este peri\u00f3dico que \u201cestamos ante una Justicia del siglo XXI\u201d. \u00bfPor qu\u00e9?.<\/span><\/strong><\/span><\/span><\/li>\n<\/ul>\n<p style=\"text-align: justify;\"><strong><span style=\"font-family: Times New Roman; color: #000000; font-size: medium;\">\u00a0<\/span><\/strong><span style=\"font-size: medium;\"><span style=\"font-family: Times New Roman;\"><span style=\"color: #000000;\"><strong>\u00a0\u00a0\u00a0\u00a0\u00a0\u00a0\u00a0\u00a0 <\/strong>Lo ratifico. Este anteproyecto de Ley va a intentar\u00a0 que \u00a0del 64% de los casos que tardan\u00a0 m\u00e1s de un a\u00f1o en ejecutar sentencias o que\u00a0 en se\u00f1alarse una vista a veces duran tres a\u00f1os, se aminore\u00a0 porque habr\u00e1 una mayor agilizaci\u00f3n y porque este anteproyecto viene a modificar una Ley\u00a0 que lleva en vigor desde 1985 y creo\u00a0 que 30 a\u00f1os y con m\u00e1s de\u00a0 40 modificaciones se hace necesaria renovarla.<\/span><\/span><\/span><\/p>\n<ul>\n<li>\n<div style=\"text-align: justify;\"><strong><span style=\"font-family: Times New Roman; color: #000000; font-size: medium;\">\u00a0<\/span><\/strong><span style=\"font-family: Times New Roman;\"><span style=\"color: #000000;\"><strong><span style=\"font-size: medium;\">Tambi\u00e9n hablaba usted de \u00a0una desaparici\u00f3n clara y contundente de los \u201c<em>Jueces estrella<\/em>\u201d. \u00bfA qu\u00e9 se refiere exactamente?<\/span><\/strong><\/span><\/span><\/div>\n<\/li>\n<\/ul>\n<p style=\"text-align: justify;\"><strong><span style=\"font-family: Times New Roman; color: #000000; font-size: medium;\">\u00a0<\/span><\/strong><span style=\"font-size: medium;\"><span style=\"font-family: Times New Roman;\"><span style=\"color: #000000;\"><strong>\u00a0\u00a0\u00a0\u00a0\u00a0\u00a0\u00a0\u00a0 <\/strong>La instrucci\u00f3n colegiada aparece en este proyecto de Ley como una importante novedad, la cual se hace\u00a0\u00a0 por una secci\u00f3n colegiada para determinados delitos y que tiene tres objetivos: Elevar\u00a0 el umbral de garant\u00edas; diluir la presi\u00f3n sobre el Juez \u00fanico, favoreciendo la corresponsabilidad y ello agiliza el\u00a0 proceso. Tambi\u00e9n se producir\u00e1\u00a0 la instrucci\u00f3n colegiada en secciones para todos aquellos delitos\u00a0 que tienen una especial complejidad\u00a0\u00a0 y, por coherencia, en todos los delitos atribuidos a la Audiencia Nacional concurren estas especiales circunstancias, es decir, \u00a0que los denominados \u201cJueces estrella\u201d que\u00a0 han adquirido protagonismo\u00a0 y han sido observados tendenciosamente por el\u00a0 justiciable, ya aqu\u00ed no tienen cabida.<\/span><\/span><\/span><\/p>\n<ul>\n<li>\n<div style=\"text-align: justify;\"><strong><span style=\"font-family: Times New Roman; color: #000000; font-size: medium;\">\u00a0<\/span><\/strong><span style=\"color: #000000;\"><span style=\"font-family: Times New Roman;\"><strong><span style=\"font-size: medium;\">Si tuviera que calificar el nuevo anteproyecto de Ley Org\u00e1nica, \u00bfc\u00f3mo lo definir\u00eda?<\/span><\/strong><\/span><\/span><\/div>\n<\/li>\n<\/ul>\n<p style=\"text-align: justify;\"><strong><span style=\"font-family: Times New Roman; color: #000000; font-size: medium;\">\u00a0<\/span><\/strong><span style=\"font-size: medium;\"><span style=\"color: #000000;\"><span style=\"font-family: Times New Roman;\"><strong>\u00a0\u00a0\u00a0\u00a0\u00a0\u00a0\u00a0\u00a0 <\/strong>El nuevo anteproyecto busca\u00a0 la agilidad e inmediatez \u00a0de la Justicia, fortifica la figura de los Secretarios Judiciales, que se denominar\u00e1n Letrados de la Administraci\u00f3n de Justicia, refuerza el amparo del Consejo General del Poder Judicial a los Jueces, incluyendo\u00a0 la posibilidad de una orden\u00a0 para el cese de las actividades perturbadoras; \u00a0en el Tribunal Supremo se establece y ya era hora, el car\u00e1cter vinculante de determinada Jurisprudencia y\u00a0 se restablece, como he dicho antes, la cuesti\u00f3n jurisprudencial previa,\u00a0 como v\u00eda de di\u00e1logo institucional entre Jueces y Tribunal Supremo. Es decir,\u00a0\u00a0 una adaptaci\u00f3n al momento actual de la sociedad civil espa\u00f1ola y con un di\u00e1logo permanente de este proyecto de Ley con el Consejo General del Poder Judicial, lo que en definitiva pretende el Ministerio de Justicia es que este proyecto se tramite en las Cortes Generales, pero previamente consensuado con todos los\u00a0 operadores jur\u00eddicos, Colegios profesionales, Comunidades Aut\u00f3nomas y, en definitiva, con el Poder Judicial. Yo la definir\u00eda como un\u00a0 proyecto de Ley valiente y necesario.<\/span><\/span><\/span><\/p>\n<p style=\"text-align: justify;\"><strong><span style=\"font-family: Times New Roman; color: #000000; font-size: medium;\">\u00a0<\/span><\/strong><\/p>\n","protected":false},"excerpt":{"rendered":"<p>\u00a0\u00a0\u00a0\u00a0 Seguidamente paso a transcribir la entrevista\u00a0\u00a0que me hiceron en dias pasados \u00a0y que ha salido hoy\u00a0 publicada en el Diario de C\u00e1diz. El Gobierno est\u00e1 tramitando una nueva Ley Org\u00e1nica del Poder Judicial, la tercera. \u00bfPor qu\u00e9 cambiarla? \u00bfQu\u00e9 modificaciones incluye respecto a las anteriores? \u00a0\u00a0\u00a0\u00a0\u00a0\u00a0\u00a0\u00a0\u00a0 El anteproyecto de Ley Org\u00e1nica del Poder Judicial [&hellip;]<\/p>\n","protected":false},"author":1,"featured_media":0,"comment_status":"open","ping_status":"open","sticky":false,"template":"","format":"standard","meta":{"footnotes":""},"categories":[3],"tags":[],"class_list":["post-1299","post","type-post","status-publish","format-standard","hentry","category-vida-profesional"],"_links":{"self":[{"href":"https:\/\/elblogdejoseblasfernandez.com\/index.php?rest_route=\/wp\/v2\/posts\/1299","targetHints":{"allow":["GET"]}}],"collection":[{"href":"https:\/\/elblogdejoseblasfernandez.com\/index.php?rest_route=\/wp\/v2\/posts"}],"about":[{"href":"https:\/\/elblogdejoseblasfernandez.com\/index.php?rest_route=\/wp\/v2\/types\/post"}],"author":[{"embeddable":true,"href":"https:\/\/elblogdejoseblasfernandez.com\/index.php?rest_route=\/wp\/v2\/users\/1"}],"replies":[{"embeddable":true,"href":"https:\/\/elblogdejoseblasfernandez.com\/index.php?rest_route=%2Fwp%2Fv2%2Fcomments&post=1299"}],"version-history":[{"count":4,"href":"https:\/\/elblogdejoseblasfernandez.com\/index.php?rest_route=\/wp\/v2\/posts\/1299\/revisions"}],"predecessor-version":[{"id":1306,"href":"https:\/\/elblogdejoseblasfernandez.com\/index.php?rest_route=\/wp\/v2\/posts\/1299\/revisions\/1306"}],"wp:attachment":[{"href":"https:\/\/elblogdejoseblasfernandez.com\/index.php?rest_route=%2Fwp%2Fv2%2Fmedia&parent=1299"}],"wp:term":[{"taxonomy":"category","embeddable":true,"href":"https:\/\/elblogdejoseblasfernandez.com\/index.php?rest_route=%2Fwp%2Fv2%2Fcategories&post=1299"},{"taxonomy":"post_tag","embeddable":true,"href":"https:\/\/elblogdejoseblasfernandez.com\/index.php?rest_route=%2Fwp%2Fv2%2Ftags&post=1299"}],"curies":[{"name":"wp","href":"https:\/\/api.w.org\/{rel}","templated":true}]}}