{"id":1307,"date":"2014-05-28T17:23:04","date_gmt":"2014-05-28T15:23:04","guid":{"rendered":"http:\/\/elblogdejoseblasfernandez.com\/?p=1307"},"modified":"2025-02-10T18:37:42","modified_gmt":"2025-02-10T17:37:42","slug":"novedades-juridico-laborales-mayo2014","status":"publish","type":"post","link":"https:\/\/elblogdejoseblasfernandez.com\/?p=1307","title":{"rendered":"NOVEDADES JUR\u00cdDICO-LABORALES MAYO\/2014"},"content":{"rendered":"<p style=\"text-align: justify;\">\n<p style=\"text-align: justify;\">Nuevamente y como viene siendo habitual, paso a subir la circular\u00a0 que confeccino en mi Despacho con algunas novedades\u00a0\u00a0 en materia socio-laboral y de Seguridad Social.<\/p>\n<p style=\"text-align: justify;\"><strong>ASISTENCIA SANITARIA: CONSULTA DEL DERECHO Y EMISION DEL DOCUMENTO ACREDITATIVO DEL DERECHO:\u00a0 <\/strong><span style=\"font-family: Times New Roman; color: #000000; font-size: x-large;\">\u00a0<\/span><\/p>\n<p style=\"text-align: justify;\"><span style=\"color: #000000;\"><span style=\"font-family: Times New Roman;\">\u00a0\u00a0\u00a0\u00a0\u00a0\u00a0\u00a0\u00a0 Desde la p\u00e1gina web de la Seguridad Social (<\/span><\/span><a href=\"http:\/\/www.seg-social.es\/\"><span style=\"font-family: Times New Roman; color: #800080;\">www.seg-social.es<\/span><\/a><span style=\"color: #000000;\"><span style=\"font-family: Times New Roman;\">) cualquier ciudadano puede consultar y comprobar si tiene derecho a la asistencia\u00a0 sanitaria p\u00fablica como asegurado o como beneficiario de un asegurado y tambi\u00e9n puede obtener\u00a0 el documento que acredita el derecho a la asistencia sanitaria p\u00fablica, no siendo necesario para ello\u00a0 la utilizaci\u00f3n de certificado digital.<\/span><\/span><\/p>\n<p style=\"text-align: justify;\">\u00a0<span style=\"color: #000000;\"><span style=\"font-family: Times New Roman;\">\u00a0\u00a0\u00a0\u00a0\u00a0\u00a0\u00a0\u00a0\u00a0Una vez cumplimentados los datos requeridos se\u00a0 asignar\u00e1 un n\u00famero de referencia con el que deber\u00e1 volver a entrar al servicio en un espacio de tiempo no inferior a 15 minutos para obtener la informaci\u00f3n. No obstante, si se\u00a0 facilita la \u00a0direcci\u00f3n de correo electr\u00f3nico se recibir\u00e1 tambi\u00e9n la respuesta por esta v\u00eda. El servicio indicar\u00e1 si la persona consultada se encuentra en una de las siguientes situaciones:<\/span><\/span><\/p>\n<ul>\n<li><span style=\"color: #000000;\"><span style=\"font-family: Times New Roman;\">tiene derecho a asistencia sanitaria como asegurado o beneficiario; <\/span><\/span><\/li>\n<li style=\"text-align: justify;\"><span style=\"color: #000000;\"><span style=\"font-family: Times New Roman;\">no se localiza a la persona consultada, indic\u00e1ndose en este caso los motivos a los que puede deberse y las actuaciones a realizar en cada caso.<\/span><\/span><\/li>\n<\/ul>\n<p style=\"text-align: justify;\">\u00a0<span style=\"color: #000000;\"><span style=\"font-family: Times New Roman;\">\u00a0\u00a0\u00a0\u00a0\u00a0\u00a0\u00a0\u00a0 La informaci\u00f3n estar\u00e1 disponible en el servicio para su comprobaci\u00f3n, a trav\u00e9s del n\u00famero de referencia facilitado, durante 30 d\u00edas. <\/span><\/span><\/p>\n<p><strong><span style=\"color: #000000;\"><span style=\"font-family: Times New Roman;\">PLANES DE\u00a0PENSIONES. DISPONIBILIDAD EN CASOS DE DESAHUCIO<\/span><\/span><\/strong><strong><span style=\"font-family: Times New Roman; color: #000000; font-size: x-large;\">\u00a0<\/span><\/strong><\/p>\n<p style=\"text-align: justify;\">\u00a0<span style=\"color: #000000;\"><span style=\"font-family: Times New Roman;\"> \u00a0\u00a0\u00a0\u00a0\u00a0<\/span><\/span><span style=\"color: #000000;\"><span style=\"font-family: Times New Roman;\">\u00a0\u00a0\u00a0\u00a0\u00a0 \u00a0De forma excepcional y temporalmente los part\u00edcipes de los planes de pensiones pueden hacer efectivos sus derechos consolidados, \u00a0en el supuesto de procedimiento de ejecuci\u00f3n sobre su vivienda habitual y todo ello hasta\u00a0 la primera quincena del mes de\u00a0 Mayo de 2015, para lo que deber\u00e1n\u00a0 reunir\u00a0 los siguientes requisitos:<\/span><\/span><\/p>\n<p style=\"text-align: justify;\">\u00a0<span style=\"color: #000000;\"><span style=\"font-family: Times New Roman;\">a) Que el part\u00edcipe se halle incurso en un procedimiento de ejecuci\u00f3n forzosa judicial, administrativa o venta extrajudicial para el cumplimiento de obligaciones, en el que se haya acordado proceder a la enajenaci\u00f3n de su vivienda habitual.<\/span><\/span><\/p>\n<p style=\"text-align: justify;\">\u00a0<span style=\"color: #000000;\"><span style=\"font-family: Times New Roman;\">b) Que el participe no disponga de otros bienes, derechos o rentas en cuant\u00eda suficiente para satisfacer la totalidad de la deuda objeto de la ejecuci\u00f3n y evitar la enajenaci\u00f3n de la vivienda.<\/span><\/span><\/p>\n<p style=\"text-align: justify;\">\u00a0<span style=\"color: #000000;\"><span style=\"font-family: Times New Roman;\">c) Que el importe neto de sus derechos consolidados en el plan o planes de pensiones sea suficiente para evitar la enajenaci\u00f3n de la vivienda.<\/span><\/span><\/p>\n<p style=\"text-align: justify;\">\u00a0<span style=\"color: #000000;\"><span style=\"font-family: Times New Roman;\"> \u00a0 \u00a0 \u00a0 \u00a0 El importe reclamado\u00a0\u00a0 del plan de pensiones\u00a0 se har\u00e1 efectivo, \u00a0a solicitud del interesado, en un pago \u00fanico y en la cuant\u00eda necesaria para evitar la enajenaci\u00f3n de la vivienda, sujet\u00e1ndose al r\u00e9gimen fiscal establecido para las prestaciones de los planes de pensiones. Adem\u00e1s, este reembolso debe efectuarse dentro del plazo m\u00e1ximo de siete d\u00edas h\u00e1biles desde que el interesado presente la documentaci\u00f3n acreditativa correspondiente.<\/span><\/span><\/p>\n<p style=\"text-align: justify;\"><span style=\"color: #000000;\"><span style=\"font-family: Times New Roman;\">\u00a0\u00a0\u00a0\u00a0\u00a0\u00a0\u00a0\u00a0 Todo ello, ser\u00e1 tambi\u00e9n aplicable a los sujetos \u00a0de los planes de previsi\u00f3n asegurados, planes de previsi\u00f3n social empresarial y mutualidades de previsi\u00f3n social y, en general, a los seguros colectivos que instrumentan compromisos por pensiones en los que se haya transmitido a los asegurados la titularidad de los derechos derivados de las primas pagadas por la empresa, \u00a0as\u00ed como respecto a los derechos correspondientes a primas pagadas por aquellos.<\/span><\/span><\/p>\n<p>\u00a0<strong><span style=\"color: #000000;\"><span style=\"font-family: Times New Roman;\">BOTIQUINES DE PRIMEROS AUXILIOS:<\/span><\/span><\/strong><\/p>\n<p style=\"text-align: justify;\"><strong><span style=\"font-family: Times New Roman; color: #000000;\">\u00a0<\/span><\/strong><span style=\"color: #000000;\"><span style=\"font-family: Times New Roman;\"><strong>\u00a0\u00a0\u00a0\u00a0\u00a0\u00a0\u00a0\u00a0 <\/strong>Es obligatorio que en cada centro de trabajo exista un botiqu\u00edn de primeros auxilios con\u00a0 el contenido b\u00e1sico exigible por las normas de seguridad e higiene en el trabajo, por lo que si no lo tuviera o estuviera defectuoso, le\/s rogamos se pongan en contacto con este Despacho para solicitarle\/s uno, o bien la reposici\u00f3n del contenido.<\/span><\/span><\/p>\n<p style=\"text-align: justify;\"><span style=\"font-family: Times New Roman; color: #000000;\">\u00a0<\/span><strong><span style=\"color: #000000;\"><span style=\"font-family: Times New Roman;\">PLAN DE PREVENCION,\u00a0 EVALUACION DE RIESGOS LABORALES Y VIGILANCIA DE LA SALUD:<\/span><\/span><\/strong><\/p>\n<p>&nbsp;<\/p>\n<p style=\"text-align: justify;\"><strong><span style=\"font-family: Times New Roman; color: #000000;\">\u00a0<\/span><\/strong><span style=\"color: #000000;\"><span style=\"font-family: Times New Roman;\"><strong>\u00a0\u00a0\u00a0\u00a0\u00a0\u00a0\u00a0\u00a0 <\/strong>Le\/s recordamos la <strong>necesidad\u00a0 y la obligaci\u00f3n<\/strong>\u00a0 de tener hechos en cada centro de trabajo el Plan de Prevenci\u00f3n y la Evaluaci\u00f3n de Riesgos Laborales, contratando el Servicio de Prevenci\u00f3n Ajeno, en el que se incluya la <strong>Vigilancia de la Salud<\/strong>, que comprende los reconocimientos m\u00e9dicos anuales de los trabajadores.\u00a0\u00a0 Toda empresa tiene un deber\u00a0 y la responsabilidad\u00a0 de garantizar la seguridad y la salud de los trabajadores a su cargo, as\u00ed como\u00a0 a darles la formaci\u00f3n\u00a0\u00a0 y la informaci\u00f3n adecuadas a su puesto de trabajo, con el fin de evitar en lo posible\u00a0 que\u00a0 sufra un accidente de trabajo. El no cumplir con esta obligaci\u00f3n conlleva sanciones muy cuantiosas en materia de prevenci\u00f3n de riesgos laborales por\u00a0 parte de la Inspecci\u00f3n Provincial de Trabajo y Seguridad Social.<\/span><\/span><\/p>\n<p style=\"text-align: justify;\"><span style=\"font-family: Times New Roman; color: #000000;\">\u00a0<\/span><span style=\"color: #000000;\"><span style=\"font-family: Times New Roman;\">\u00a0\u00a0\u00a0\u00a0\u00a0\u00a0\u00a0\u00a0 De no tener concertado tal servicio de prevenci\u00f3n ajeno le\/s rogamos que se pongan en contacto con este despacho\u00a0 \u00a0para agilizar todo ello.<\/span><\/span><\/p>\n<p>&nbsp;<\/p>\n<p><span style=\"font-size: x-large;\"><span style=\"color: #000000;\"><span style=\"font-family: Times New Roman;\"><strong>\u00a0\u00a0<\/strong><\/span><\/span><\/span><\/p>\n","protected":false},"excerpt":{"rendered":"<p>Nuevamente y como viene siendo habitual, paso a subir la circular\u00a0 que confeccino en mi Despacho con algunas novedades\u00a0\u00a0 en materia socio-laboral y de Seguridad Social. ASISTENCIA SANITARIA: CONSULTA DEL DERECHO Y EMISION DEL DOCUMENTO ACREDITATIVO DEL DERECHO:\u00a0 \u00a0 \u00a0\u00a0\u00a0\u00a0\u00a0\u00a0\u00a0\u00a0 Desde la p\u00e1gina web de la Seguridad Social (www.seg-social.es) cualquier ciudadano puede consultar y comprobar [&hellip;]<\/p>\n","protected":false},"author":1,"featured_media":0,"comment_status":"open","ping_status":"open","sticky":false,"template":"","format":"standard","meta":{"footnotes":""},"categories":[1],"tags":[],"class_list":["post-1307","post","type-post","status-publish","format-standard","hentry","category-sin-categoria"],"_links":{"self":[{"href":"https:\/\/elblogdejoseblasfernandez.com\/index.php?rest_route=\/wp\/v2\/posts\/1307","targetHints":{"allow":["GET"]}}],"collection":[{"href":"https:\/\/elblogdejoseblasfernandez.com\/index.php?rest_route=\/wp\/v2\/posts"}],"about":[{"href":"https:\/\/elblogdejoseblasfernandez.com\/index.php?rest_route=\/wp\/v2\/types\/post"}],"author":[{"embeddable":true,"href":"https:\/\/elblogdejoseblasfernandez.com\/index.php?rest_route=\/wp\/v2\/users\/1"}],"replies":[{"embeddable":true,"href":"https:\/\/elblogdejoseblasfernandez.com\/index.php?rest_route=%2Fwp%2Fv2%2Fcomments&post=1307"}],"version-history":[{"count":3,"href":"https:\/\/elblogdejoseblasfernandez.com\/index.php?rest_route=\/wp\/v2\/posts\/1307\/revisions"}],"predecessor-version":[{"id":4688,"href":"https:\/\/elblogdejoseblasfernandez.com\/index.php?rest_route=\/wp\/v2\/posts\/1307\/revisions\/4688"}],"wp:attachment":[{"href":"https:\/\/elblogdejoseblasfernandez.com\/index.php?rest_route=%2Fwp%2Fv2%2Fmedia&parent=1307"}],"wp:term":[{"taxonomy":"category","embeddable":true,"href":"https:\/\/elblogdejoseblasfernandez.com\/index.php?rest_route=%2Fwp%2Fv2%2Fcategories&post=1307"},{"taxonomy":"post_tag","embeddable":true,"href":"https:\/\/elblogdejoseblasfernandez.com\/index.php?rest_route=%2Fwp%2Fv2%2Ftags&post=1307"}],"curies":[{"name":"wp","href":"https:\/\/api.w.org\/{rel}","templated":true}]}}