{"id":1325,"date":"2014-06-02T21:13:36","date_gmt":"2014-06-02T19:13:36","guid":{"rendered":"http:\/\/elblogdejoseblasfernandez.com\/?p=1325"},"modified":"2014-06-02T21:13:36","modified_gmt":"2014-06-02T19:13:36","slug":"el-rey-de-todos-los-espanoles-abdica","status":"publish","type":"post","link":"https:\/\/elblogdejoseblasfernandez.com\/?p=1325","title":{"rendered":"EL REY DE TODOS LOS ESPA\u00d1OLES ABDICA"},"content":{"rendered":"<p style=\"text-align: justify;\">\u00a0\u00a0\u00a0\u00a0\u00a0\u00a0\u00a0\u00a0 El Rey de Espa\u00f1a, D. Juan Carlos I, abdica\u00a0 y anuncia la sucesi\u00f3n en la Corona en favor de su hijo el Pr\u00edncipe Felipe. Con estas palabras: <strong><em>\u201cHe decidido poner fin\u00a0 a mi reinado. As\u00ed acabo de comunic\u00e1rselo al Presidente del Gobierno<\/em><\/strong>\u201d, declaraba\u00a0 Su Majestad\u00a0 con orgullo y gratitud a todo el pueblo espa\u00f1ol. \u00a0Sinceramente, me he emocionado\u00a0 al escuchar esta ma\u00f1ana la intervenci\u00f3n del Presidente Rajoy donde anunciaba la renuncia al Trono por parte del Rey Juan Carlos I. \u00a0\u00a0Y digo que me emocionaba porque ha puesto durante 39 a\u00f1os cara a todo lo que en el exterior y en Espa\u00f1a ha supuesto la democracia, pues el Rey ha sido\u00a0 el principal impulsor\u00a0 de todo lo ocurrido\u00a0 como primer mandatario\u00a0 en su reinado y c\u00f3mo a sus 76 a\u00f1os abdica \u00a0en favor de su hijo Felipe de Borb\u00f3n que se convertir\u00e1 en Felipe VI.<\/p>\n<p style=\"text-align: justify;\">\u00a0\u00a0\u00a0\u00a0\u00a0\u00a0\u00a0\u00a0\u00a0\u00a0Para muchos ha sido una sorpresa, pero tambi\u00e9n para muchos es una tranquilidad que nuestro Rey\u00a0 descanse, pues tiene m\u00e1s que merecido \u00a0el estar en segundo plano, si bien hay que decir que deja el Trono en plenas facultades mentales y razonable forma f\u00edsica para poder disfrutar de este gesto de responsabilidad y generosidad toda su vida.<\/p>\n<p style=\"text-align: justify;\">\n<p style=\"text-align: justify;\">\u00a0\u00a0\u00a0\u00a0\u00a0\u00a0\u00a0\u00a0\u00a0 Tuve la ocasi\u00f3n de estar presente en el Palacio de Oriente en el 25 aniversario de su reinado por mi condici\u00f3n de Senador y ahora voy a vivir un momento hist\u00f3rico cuando est\u00e9 presente en la toma de posesi\u00f3n de su hijo Felipe, no sin antes votar favorablemente el curso de su abdicaci\u00f3n que pasar\u00e1, \u00a0seg\u00fan nuestra Constituci\u00f3n, por las Cortes Generales donde tengo el honor de pertenecer como Parlamentario en la C\u00e1mara Alta. <\/p>\n<p style=\"text-align: justify;\">\u00a0\u00a0\u00a0\u00a0\u00a0\u00a0\u00a0\u00a0\u00a0 Majestad, usted preside tanto en mi despacho oficial como profesional los lugares m\u00e1s importantes que tengo. Es m\u00e1s, mis t\u00edtulos acad\u00e9micos est\u00e1n nominados por Su Majestad, esperando que\u00a0 su recuerdo y su entrega por Espa\u00f1a sea el mejor legado que nos haya \u00a0podido dejar y \u00a0dese\u00e1ndole larga vida, tanto\u00a0 a Su Majestad como a la Reina Sof\u00eda y esperando\u00a0 que el Rey Felipe y su esposa Letizia sepan conquistar\u00a0 todo cuanto \u00a0Su Majestad el Rey D. Juan Carlos ha sabido \u00a0trabajar para Espa\u00f1a y para los espa\u00f1oles.<\/p>\n<p style=\"text-align: justify;\">\u00a0\u00a1\u00a1\u00a1\u00a1\u00a1LARGA VIDA AL REY!!!!<\/p>\n","protected":false},"excerpt":{"rendered":"<p>\u00a0\u00a0\u00a0\u00a0\u00a0\u00a0\u00a0\u00a0 El Rey de Espa\u00f1a, D. Juan Carlos I, abdica\u00a0 y anuncia la sucesi\u00f3n en la Corona en favor de su hijo el Pr\u00edncipe Felipe. Con estas palabras: \u201cHe decidido poner fin\u00a0 a mi reinado. As\u00ed acabo de comunic\u00e1rselo al Presidente del Gobierno\u201d, declaraba\u00a0 Su Majestad\u00a0 con orgullo y gratitud a todo el pueblo espa\u00f1ol. [&hellip;]<\/p>\n","protected":false},"author":1,"featured_media":0,"comment_status":"open","ping_status":"open","sticky":false,"template":"","format":"standard","meta":{"footnotes":""},"categories":[6],"tags":[],"class_list":["post-1325","post","type-post","status-publish","format-standard","hentry","category-actualidad"],"_links":{"self":[{"href":"https:\/\/elblogdejoseblasfernandez.com\/index.php?rest_route=\/wp\/v2\/posts\/1325","targetHints":{"allow":["GET"]}}],"collection":[{"href":"https:\/\/elblogdejoseblasfernandez.com\/index.php?rest_route=\/wp\/v2\/posts"}],"about":[{"href":"https:\/\/elblogdejoseblasfernandez.com\/index.php?rest_route=\/wp\/v2\/types\/post"}],"author":[{"embeddable":true,"href":"https:\/\/elblogdejoseblasfernandez.com\/index.php?rest_route=\/wp\/v2\/users\/1"}],"replies":[{"embeddable":true,"href":"https:\/\/elblogdejoseblasfernandez.com\/index.php?rest_route=%2Fwp%2Fv2%2Fcomments&post=1325"}],"version-history":[{"count":1,"href":"https:\/\/elblogdejoseblasfernandez.com\/index.php?rest_route=\/wp\/v2\/posts\/1325\/revisions"}],"predecessor-version":[{"id":1329,"href":"https:\/\/elblogdejoseblasfernandez.com\/index.php?rest_route=\/wp\/v2\/posts\/1325\/revisions\/1329"}],"wp:attachment":[{"href":"https:\/\/elblogdejoseblasfernandez.com\/index.php?rest_route=%2Fwp%2Fv2%2Fmedia&parent=1325"}],"wp:term":[{"taxonomy":"category","embeddable":true,"href":"https:\/\/elblogdejoseblasfernandez.com\/index.php?rest_route=%2Fwp%2Fv2%2Fcategories&post=1325"},{"taxonomy":"post_tag","embeddable":true,"href":"https:\/\/elblogdejoseblasfernandez.com\/index.php?rest_route=%2Fwp%2Fv2%2Ftags&post=1325"}],"curies":[{"name":"wp","href":"https:\/\/api.w.org\/{rel}","templated":true}]}}