{"id":1330,"date":"2014-06-09T21:26:45","date_gmt":"2014-06-09T19:26:45","guid":{"rendered":"http:\/\/elblogdejoseblasfernandez.com\/?p=1330"},"modified":"2014-06-09T21:26:45","modified_gmt":"2014-06-09T19:26:45","slug":"los-fiscales-progresistas-se-reunen-en-cadiz","status":"publish","type":"post","link":"https:\/\/elblogdejoseblasfernandez.com\/?p=1330","title":{"rendered":"LOS FISCALES PROGRESISTAS SE REUNEN EN C\u00c1DIZ"},"content":{"rendered":"<p style=\"text-align: justify;\">\u00a0\u00a0\u00a0\u00a0\u00a0\u00a0 El pasado viernes, 6 de Junio, se reunieron en C\u00e1diz la Uni\u00f3n Progresista de Fiscales, Asociaci\u00f3n de representantes del Ministerio p\u00fablico que\u00a0 libremente \u00a0expusieron en su Congreso anual todas aquellas inquietudes y sugerencias\u00a0 que piensan plantearle al Ministro de Justicia, \u00a0al cual calificaron como el que \u201cperpet\u00faa errores conceptuales\u201d \u00a0y rechazaron\u00a0 varias reformas \u00a0de dicho Ministerio\u00a0 por considerarlas improvisadas y con\u00a0 falta de voluntad. No voy a entrar ahora en las cr\u00edticas que democr\u00e1ticamente hacen estos fiscales progresistas, \u00a0s\u00f3lo quiero dejar constancia de que por mi condici\u00f3n de\u00a0 Primer Teniente de Alcalde los recib\u00ed en el Sal\u00f3n de Plenos, todos bajo la presidencia de tu titular, \u00c1lvaro Garc\u00eda Ortiz; acto al que no asisti\u00f3 la\u00a0 Fiscal Jefe de C\u00e1diz, \u00c1ngeles Ayuso por razones que desconozco y que\u00a0 por la ma\u00f1ana s\u00ed estuvo presente\u00a0 en su Congreso \u00a0como Presidenta de Honor\u00a0 y miembro de la asociaci\u00f3n \u00a0y donde\u00a0 invitaron a la Alcaldesa de C\u00e1diz, Te\u00f3fila Mart\u00ednez, \u00a0que s\u00ed estuvo con ellos y les dedic\u00f3 unas palabras.<\/p>\n<p style=\"text-align: justify;\">\u00a0\u00a0\u00a0\u00a0\u00a0\u00a0\u00a0 Tengo que \u00a0\u00a0hacer hincapi\u00e9 en que a la visita al Ayuntamiento asisti\u00f3 el ex Ministro socialista de Justicia, Mariano Bermejo, al cual le record\u00e9 que fue quien me otorg\u00f3 la primera Cruz Distinguida de Primera Clase de la Orden de San Raimundo de Pe\u00f1afort, ya que la segunda, es decir, la Cruz de Honor, me la concedi\u00f3 el Ministro Alberto Ruiz Gallard\u00f3n, cosa que agradeci\u00f3 y que me dijo <strong>\u201calgo bueno habr\u00e9 hecho<\/strong>\u201d, pues \u201c<strong>todo lo m\u00edo no iba a ser malo\u201d<\/strong>. Tengo que recordar que Bermejo fue un Ministro discutido, \u00a0pero que a nivel profesional supo establecer pautas de conductas que no fueron malas para los operadores jur\u00eddicos y que, por tanto, como jurista\u00a0 supe valorar.<\/p>\n<p style=\"text-align: justify;\">\n<p style=\"text-align: justify;\">\u00a0\u00a0\u00a0\u00a0\u00a0 En las fotos puede comprobarse\u00a0 c\u00f3mo tengo a un lado al Ministro aludido y al otro al Presidente de la Asociaci\u00f3n, a los cuales les deseo lo mejor en sus conclusiones llevadas a cabo en C\u00e1diz.<\/p>\n","protected":false},"excerpt":{"rendered":"<p>\u00a0\u00a0\u00a0\u00a0\u00a0\u00a0 El pasado viernes, 6 de Junio, se reunieron en C\u00e1diz la Uni\u00f3n Progresista de Fiscales, Asociaci\u00f3n de representantes del Ministerio p\u00fablico que\u00a0 libremente \u00a0expusieron en su Congreso anual todas aquellas inquietudes y sugerencias\u00a0 que piensan plantearle al Ministro de Justicia, \u00a0al cual calificaron como el que \u201cperpet\u00faa errores conceptuales\u201d \u00a0y rechazaron\u00a0 varias reformas \u00a0de [&hellip;]<\/p>\n","protected":false},"author":1,"featured_media":0,"comment_status":"open","ping_status":"open","sticky":false,"template":"","format":"standard","meta":{"footnotes":""},"categories":[4],"tags":[],"class_list":["post-1330","post","type-post","status-publish","format-standard","hentry","category-vida-publica"],"_links":{"self":[{"href":"https:\/\/elblogdejoseblasfernandez.com\/index.php?rest_route=\/wp\/v2\/posts\/1330","targetHints":{"allow":["GET"]}}],"collection":[{"href":"https:\/\/elblogdejoseblasfernandez.com\/index.php?rest_route=\/wp\/v2\/posts"}],"about":[{"href":"https:\/\/elblogdejoseblasfernandez.com\/index.php?rest_route=\/wp\/v2\/types\/post"}],"author":[{"embeddable":true,"href":"https:\/\/elblogdejoseblasfernandez.com\/index.php?rest_route=\/wp\/v2\/users\/1"}],"replies":[{"embeddable":true,"href":"https:\/\/elblogdejoseblasfernandez.com\/index.php?rest_route=%2Fwp%2Fv2%2Fcomments&post=1330"}],"version-history":[{"count":2,"href":"https:\/\/elblogdejoseblasfernandez.com\/index.php?rest_route=\/wp\/v2\/posts\/1330\/revisions"}],"predecessor-version":[{"id":1336,"href":"https:\/\/elblogdejoseblasfernandez.com\/index.php?rest_route=\/wp\/v2\/posts\/1330\/revisions\/1336"}],"wp:attachment":[{"href":"https:\/\/elblogdejoseblasfernandez.com\/index.php?rest_route=%2Fwp%2Fv2%2Fmedia&parent=1330"}],"wp:term":[{"taxonomy":"category","embeddable":true,"href":"https:\/\/elblogdejoseblasfernandez.com\/index.php?rest_route=%2Fwp%2Fv2%2Fcategories&post=1330"},{"taxonomy":"post_tag","embeddable":true,"href":"https:\/\/elblogdejoseblasfernandez.com\/index.php?rest_route=%2Fwp%2Fv2%2Ftags&post=1330"}],"curies":[{"name":"wp","href":"https:\/\/api.w.org\/{rel}","templated":true}]}}