{"id":1338,"date":"2014-06-16T20:56:04","date_gmt":"2014-06-16T18:56:04","guid":{"rendered":"http:\/\/elblogdejoseblasfernandez.com\/?p=1338"},"modified":"2014-06-16T20:56:04","modified_gmt":"2014-06-16T18:56:04","slug":"el-engano-de-los-cuidadores-no-profesionales-de-las-personas-en-situacion-de-dependencia","status":"publish","type":"post","link":"https:\/\/elblogdejoseblasfernandez.com\/?p=1338","title":{"rendered":"EL ENGA\u00d1O DE LOS CUIDADORES NO PROFESIONALES DE LAS PERSONAS EN SITUACI\u00d3N DE DEPENDENCIA."},"content":{"rendered":"<p style=\"text-align: justify;\"><strong>\u00a0\u00a0\u00a0\u00a0\u00a0\u00a0\u00a0\u00a0 <\/strong>La Ley 39\/2006, de promoci\u00f3n de la autonom\u00eda personal y atenci\u00f3n a las personas en situaci\u00f3n de dependencia fue desarrollada por el Real Decreto 615\/2007, por el que se regulaba la seguridad social de los cuidadores no profesionales de las personas en situaci\u00f3n de dependencia, mediante la obligaci\u00f3n de quedar incluidas en el campo de aplicaci\u00f3n del R\u00e9gimen General de la Seguridad Social \u00a0y la suscripci\u00f3n de un Convenio Especial.<\/p>\n<p style=\"text-align: justify;\">\u00a0\u00a0\u00a0\u00a0\u00a0\u00a0\u00a0\u00a0 Dicho Real Decreto establec\u00eda que la financiaci\u00f3n \u00a0de las cotizaciones sociales ser\u00edan asumidas por la Administraci\u00f3n General del Estado, pero posteriormente\u00a0 el Real Decreto-Ley 20\/2012, sobre medidas para garantizar la estabilidad presupuestaria\u00a0 y fomento de la competitividad, estableci\u00f3 que\u00a0 a partir de su entrada en vigor, el Convenio Especial de los cuidadores no profesionales\u00a0 tendr\u00eda car\u00e1cter voluntario y podr\u00eda ser suscrito\u00a0 entre el cuidador no profesional y la Tesorer\u00eda General de la Seguridad Social, siendo las cotizaciones a cargo del suscriptor del mismo. <\/p>\n<p style=\"text-align: justify;\">\u00a0\u00a0\u00a0\u00a0\u00a0\u00a0\u00a0\u00a0 El Gobierno actual, a trav\u00e9s de una reforma, ha ido realizando\u00a0 una pol\u00edtica de clarificaci\u00f3n de un modelo de atenci\u00f3n\u00a0 que era inadecuado y confuso y cuyo resultado era equ\u00edvoco, por lo que \u00a0los cuidadores familiares se convirtieron en una pr\u00e1ctica habitual donde ni se cre\u00f3 empleo como dijo el PSOE y se destruy\u00f3 en el 2011 \u00a08.300 empleos porque precisamente, el 63% de las altas en la Seguridad Social se destinaron a cuidadores familiares, pero ese gobierno socialista dej\u00f3 de pagar las cotizaciones a la Seguridad Social por una cuant\u00eda nada menos que de 1.176 millones de euros, es decir que inflaron los n\u00fameros de afiliaci\u00f3n a la Seguridad Social, se daban de alta, se elud\u00eda el control, se financiaban con unos recursos p\u00fablicos y luego no se cotizaba por ellos. Pero quien no cotizaba adem\u00e1s era el\u00a0 propio Estado, es decir, que entre el Estado y la Seguridad Social que fueron quienes pusieron en macha la Ley de la Dependencia, se crearon unos contratos sin derechos y\u00a0 con ese agujero\u00a0 d\u00edgame usted \u00a0\u00a0c\u00f3mo dejaron a la Seguridad Social. Es decir, utilizaron una t\u00e9cnica muy f\u00e1cil para incrementar los datos del empleo: dieron de alta a 50.000 ciudadanos en el Sistema de la Seguridad Social que acordaron con ellos pagarles las cotizaciones, luego se olvidaron de ellas y al final la estad\u00edstica enga\u00f1osa apareci\u00f3\u00a0 con 50.000 personas de alta, pero que no cotizaban. Esto ha sido parte de la enga\u00f1ifa de la Ley de Dependencia, que deber\u00edan muchos recordar y\u00a0\u00a0 ponerse las pilas para cuando quieran criticar algo que tengan datos como los que estoy dando y as\u00ed nos ha ido\u00a0 con el pago de las prestaciones de la Seguridad Social que eran de todos.<\/p>\n<p style=\"text-align: justify;\">\u00a0\u00a0\u00a0\u00a0\u00a0\u00a0\u00a0\u00a0 Afortunadamente, el Fondo de Reserva tiene en estos momentos 54.000 millones de euros, es decir, una cifra significativamente superior a la que tienen todos los pa\u00edses de nuestro entorno, pero claro, cuando\u00a0 Rajoy cogi\u00f3 el Gobierno en ese Fondo de Reservas no hab\u00eda ni 25.000 millones de euros, cosa que de seguir as\u00ed pobres de los pensionistas que tiene nuestro pa\u00eds.<\/p>\n","protected":false},"excerpt":{"rendered":"<p>\u00a0\u00a0\u00a0\u00a0\u00a0\u00a0\u00a0\u00a0 La Ley 39\/2006, de promoci\u00f3n de la autonom\u00eda personal y atenci\u00f3n a las personas en situaci\u00f3n de dependencia fue desarrollada por el Real Decreto 615\/2007, por el que se regulaba la seguridad social de los cuidadores no profesionales de las personas en situaci\u00f3n de dependencia, mediante la obligaci\u00f3n de quedar incluidas en el campo [&hellip;]<\/p>\n","protected":false},"author":1,"featured_media":0,"comment_status":"open","ping_status":"open","sticky":false,"template":"","format":"standard","meta":{"footnotes":""},"categories":[4],"tags":[],"class_list":["post-1338","post","type-post","status-publish","format-standard","hentry","category-vida-publica"],"_links":{"self":[{"href":"https:\/\/elblogdejoseblasfernandez.com\/index.php?rest_route=\/wp\/v2\/posts\/1338","targetHints":{"allow":["GET"]}}],"collection":[{"href":"https:\/\/elblogdejoseblasfernandez.com\/index.php?rest_route=\/wp\/v2\/posts"}],"about":[{"href":"https:\/\/elblogdejoseblasfernandez.com\/index.php?rest_route=\/wp\/v2\/types\/post"}],"author":[{"embeddable":true,"href":"https:\/\/elblogdejoseblasfernandez.com\/index.php?rest_route=\/wp\/v2\/users\/1"}],"replies":[{"embeddable":true,"href":"https:\/\/elblogdejoseblasfernandez.com\/index.php?rest_route=%2Fwp%2Fv2%2Fcomments&post=1338"}],"version-history":[{"count":1,"href":"https:\/\/elblogdejoseblasfernandez.com\/index.php?rest_route=\/wp\/v2\/posts\/1338\/revisions"}],"predecessor-version":[{"id":1344,"href":"https:\/\/elblogdejoseblasfernandez.com\/index.php?rest_route=\/wp\/v2\/posts\/1338\/revisions\/1344"}],"wp:attachment":[{"href":"https:\/\/elblogdejoseblasfernandez.com\/index.php?rest_route=%2Fwp%2Fv2%2Fmedia&parent=1338"}],"wp:term":[{"taxonomy":"category","embeddable":true,"href":"https:\/\/elblogdejoseblasfernandez.com\/index.php?rest_route=%2Fwp%2Fv2%2Fcategories&post=1338"},{"taxonomy":"post_tag","embeddable":true,"href":"https:\/\/elblogdejoseblasfernandez.com\/index.php?rest_route=%2Fwp%2Fv2%2Ftags&post=1338"}],"curies":[{"name":"wp","href":"https:\/\/api.w.org\/{rel}","templated":true}]}}