{"id":1347,"date":"2014-06-25T18:27:21","date_gmt":"2014-06-25T16:27:21","guid":{"rendered":"http:\/\/elblogdejoseblasfernandez.com\/?p=1347"},"modified":"2025-02-10T18:40:37","modified_gmt":"2025-02-10T17:40:37","slug":"novedades-juridico-laborales-junio2014","status":"publish","type":"post","link":"https:\/\/elblogdejoseblasfernandez.com\/?p=1347","title":{"rendered":"NOVEDADES JUR\u00cdDICO-LABORALES JUNIO\/2014"},"content":{"rendered":"<p style=\"text-align: justify;\">\u00a0Nuevamente quiero trasladarles la circular que mensualmente se confecciona en mi despacho profesional\u00a0 con las novedades m\u00e1s recientes en materia jur\u00eddico-laboral, de Seguridad Social y fiscal:<\/p>\n<p>&nbsp;<\/p>\n<p>&nbsp;<\/p>\n<p>&nbsp;<\/p>\n<p><strong>PR\u00d3XIMA REFOMA FISCAL:<\/strong><\/p>\n<p><strong>\u00a0\u00a0\u00a0<\/strong><em>\u00a0\u00a0 Como ya habr\u00e1\/n o\u00eddo\u00a0 hablar en los medios de comunicaci\u00f3n, el pasado 20 del cte. mes de Junio, el Consejo de Ministros aprob\u00f3\u00a0 el Anteproyecto de Ley de Reforma Fiscal, el cual\u00a0 pasar\u00e1 al tr\u00e1mite parlamentario correspondiente hasta su aprobaci\u00f3n. No obstante y hasta que no se tengan m\u00e1s informaci\u00f3n,\u00a0 lo m\u00e1s importante que se refleja en el mismo es lo siguiente: <\/em><\/p>\n<ul>\n<li>\n<div style=\"text-align: justify;\"><em>Habr\u00e1 una rebaja gradual de impuestos especialmente para los de rentas bajas y medias. La rebaja media en el IRPF ser\u00e1 del 12,5%, alcanzando una media del 23,5% para las rentas inferiores a 24.000 euros.<\/em><\/div>\n<\/li>\n<\/ul>\n<ul>\n<li style=\"text-align: justify;\"><em>El n\u00famero de tramos en el IRPF se reduce de siete a cinco; el tipo m\u00ednimo pasa del 24,75% \u00a0al 20%, en 2015, y al 19%, en 2016.<\/em><\/li>\n<li style=\"text-align: justify;\"><em>Se aumentan los m\u00ednimos familiares, de hasta el 32%. Se crean tres nuevos impuestos negativos \u00a0para las familias y las personas con discapacidad.<\/em><\/li>\n<li style=\"text-align: justify;\"><em>El tipo general del Impuesto de Sociedades se reduce del 30% al 25% \u00a0y se simplifican deducciones. Las pymes mantienen el r\u00e9gimen especial con un tipo del 25%, que podr\u00e1n reducir al 20,25% \u00a0con nuevos incentivos fiscales.<\/em><\/li>\n<\/ul>\n<p style=\"text-align: justify;\"><em>\u00a0\u00a0\u00a0\u00a0\u00a0\u00a0\u00a0\u00a0\u00a0El texto incluye una amp<\/em><em>lia reforma del sistema tributario espa\u00f1ol, a trav\u00e9s de los principales impuestos que lo definen y de la Ley General Tributaria, con el fin de dise\u00f1ar unos impuestos m\u00e1s sencillos y justos. El efecto en la econom\u00eda ser\u00e1 significativo, pues como consecuencia de la bajada de retenciones, veinte millones de contribuyentes contar\u00e1n cada mes, desde enero de 2015, con m\u00e1s renta disponible.<\/em><\/p>\n<p style=\"text-align: justify;\"><em>\u00a0\u00a0\u00a0\u00a0\u00a0\u00a0\u00a0\u00a0 El nuevo IRPF ser\u00e1 m\u00e1s simple, moderno y equitativo. El n\u00famero de tramos se reduce de siete a cinco y se produce una rebaja de la tributaci\u00f3n en todos ellos, pasando el tipo m\u00e1ximo del 52% al 47% en el 2015.<\/em><\/p>\n<p style=\"text-align: justify;\"><em>\u00a0\u00a0\u00a0\u00a0\u00a0\u00a0\u00a0\u00a0 Con el nuevo IRPF, los contribuyentes que ganan menos de doce mil euros al a\u00f1o podr\u00e1n\u00a0 disponer de su salario \u00edntegro a partir del pr\u00f3ximo a\u00f1o 2015, ya que dejar\u00e1n de tributar. <\/em><\/p>\n<p><em>\u00a0<\/em><em>\u00a0\u00a0\u00a0\u00a0\u00a0\u00a0\u00a0\u00a0 La reforma del IRPF implica tambi\u00e9n un fuerte aumento de los m\u00ednimos familiares por hijos, ascendientes y personas con discapacidad a cargo. La mayor\u00eda de estos m\u00ednimos tendr\u00e1n un aumento superior al 25%.<\/em><\/p>\n<p><em>\u00a0<\/em><strong><em>\u00a0 \u00a0 \u00a0 \u00a0 \u00a0En cuanto al Impuesto sobre sociedades: <\/em><\/strong><em>Se \u00a0incorpora una bajada de tributaci\u00f3n y medidas para fomentar la competitividad de las empresas \u00a0y simplificaci\u00f3n de las deducciones. El objetivo de la reforma del impuesto es, precisamente, mejorar la competitividad de la empresa espa\u00f1ola y facilitar su crecimiento para la creaci\u00f3n de nuevos empleos.<\/em><\/p>\n<p style=\"text-align: justify;\"><em>Con el fin de consolidar la aproximaci\u00f3n de la fiscalidad de las empresas espa\u00f1olas a las de los pa\u00edses del entorno, el tipo de gravamen general se reducir\u00e1 desde el 30% hasta el 28%, en 2015, y al 25%, en 2016.<\/em><\/p>\n<p style=\"text-align: justify;\"><em>\u00a0\u00a0\u00a0\u00a0\u00a0\u00a0\u00a0\u00a0 En el caso de las Pymes, se mantiene el r\u00e9gimen especial de entidades de reducida dimensi\u00f3n con el tipo del 25% \u00a0y otros beneficios como la libertad de amortizaci\u00f3n. Adem\u00e1s, se crea una reserva de nivelaci\u00f3n para pymes por la que podr\u00e1n disfrutar de una minoraci\u00f3n del 10% \u00a0de la base imponible con un l\u00edmite de un mill\u00f3n de euros. <span style=\"text-decoration: underline;\">La cantidad se compensar\u00e1 con bases imponibles negativas en un plazo de cinco a\u00f1os<\/span>. El tipo de gravamen para Pymes puede reducirse al 22,5% si se aplica la reserva de nivelaci\u00f3n. Adem\u00e1s, se crea <span style=\"text-decoration: underline;\">una reserva de capitalizaci\u00f3n empresarial (minoraci\u00f3n de otro 10% de la base imponible por el incremento de fondos propios),<\/span> por la que el tipo de gravamen de la pyme puede reducirse, a\u00fan m\u00e1s, hasta el 20,25%.<\/em><\/p>\n<p style=\"text-align: justify;\">\u00a0<strong><em> \u00a0 \u00a0 \u00a0 \u00a0 Con respecto a los Emprendedores: <\/em><\/strong><em>La reforma fiscal mantiene el <span style=\"text-decoration: underline;\">tipo reducido del 15%\u00a0 para las empresas de nueva creaci\u00f3n,<\/span> incluido en la Ley de Emprendedores. El tipo se aplica sobre los primeros trescientos mil euros de base imponible y ser\u00e1 del 20% para el exceso de dicho importe durante dos a\u00f1os: el primer ejercicio con base imponible positiva y el siguiente.<\/em><\/p>\n<p style=\"text-align: justify;\"><em>\u00a0<\/em><strong><em>\u00a0\u00a0\u00a0\u00a0\u00a0\u00a0\u00a0\u00a0 Lucha contra el fraude: <\/em><\/strong><em>La reforma incluye un nuevo paquete de medidas que completa la ley antifraude aprobada a finales de 2012. Entre las novedades destaca \u00a0<span style=\"text-decoration: underline;\">la publicaci\u00f3n de listas de morosos con la Hacienda p\u00fablica.<\/span>\u00a0 La Ley General Tributaria incorpora otras modificaciones que servir\u00e1n para mejorar la lucha contra el fraude como mejoras en el procedimiento inspector. Este procedimiento contar\u00e1 con nuevos plazos y suspensi\u00f3n del mismo en casos tasados.<\/em><\/p>\n<p style=\"text-align: justify;\"><em>\u00a0\u00a0\u00a0\u00a0\u00a0\u00a0\u00a0\u00a0 A medida que el texto del anteproyecto se vaya consolidando, pues todav\u00eda puede haber modificaciones, se lo iremos\u00a0 comunicando.<\/em><\/p>\n<p style=\"text-align: justify;\"><strong>INCLUSI\u00d3N EN LA BASE DE COTIZACI\u00d3N DE LOS TRABAJADORES EL IMPORTE DE LAS PRIMAS DE SEGURO<\/strong><\/p>\n<p style=\"text-align: justify;\"><strong>\u00a0 \u00a0\u00a0<\/strong>\u00a0\u00a0\u00a0\u00a0\u00a0<em>Le\/s recordamos que nos tiene\/n que\u00a0 hacer llegar (si no lo ha\/n hecho) el importe\u00a0 de las\u00a0 primas que por\u00a0 cada trabajador paga esa empresa\u00a0 en concepto de Seguro Colectivo de vida regulado en el Convenio Colectivo, pues como ya le\/s hemos anunciado con anterioridad es obligatoria su inclusi\u00f3n\u00a0 en la base de cotizaci\u00f3n del trabajador.<\/em><\/p>\n<p><strong>ORGANIZACION PROFESIONAL DE INSPECTORES DE HACIENDA DEL ESTADO.<\/strong><\/p>\n<p style=\"text-align: justify;\"><strong>\u00a0\u00a0\u00a0\u00a0\u00a0\u00a0\u00a0\u00a0 <\/strong><em>Los Inspectores de Hacienda del Estado, a trav\u00e9s de su Organizaci\u00f3n Profesional,\u00a0 han lanzado una serie de medidas para\u00a0 combatir\u00a0 el\u00a0 fraude, presentadas para la\u00a0 futura reforma fiscal\u00a0 que a\u00fan queda pendiente de llevar a cabo por el Ejecutivo. Dichas medidas son las siguientes:<\/em><\/p>\n<p style=\"text-align: justify;\">&#8211;\u00a0\u00a0\u00a0\u00a0\u00a0\u00a0\u00a0\u00a0 <em>Legalizar la prostituci\u00f3n y el tr\u00e1fico de drogas blandas para luchar mejor contra sus efectos adversos y obtener recursos que permitan a la sociedad compensarlos\u00a0 y as\u00ed <\/em>\u00a0disponer de una informaci\u00f3n cuantitativa del volumen que se mueve en estas actividades.<\/p>\n<p style=\"text-align: justify;\">&#8211;\u00a0\u00a0\u00a0\u00a0\u00a0\u00a0\u00a0\u00a0 <em>Eliminar los billetes de\u00a0 200 y 500 euros<\/em> <em>para combatir la econom\u00eda sumergida.<\/em><\/p>\n<p style=\"text-align: justify;\">&#8211;\u00a0\u00a0\u00a0\u00a0\u00a0\u00a0\u00a0\u00a0 <em>Que los altos cargos del Estado no puedan desempe\u00f1ar sus puestos si est\u00e1n siendo juzgados por delitos econ\u00f3micos.<\/em><\/p>\n<p style=\"text-align: justify;\">&#8211;\u00a0\u00a0\u00a0\u00a0\u00a0\u00a0\u00a0\u00a0 <em>Prohibir la financiaci\u00f3n p\u00fablica de los partidos.<\/em><\/p>\n<p style=\"text-align: justify;\"><em>Aumentar el umbral del delito fiscal a 600.000,00.- euros (frente a los 120.000 actuales) y subir la pena para que, a\u00fan en el caso de que se repare el da\u00f1o o no se tenga antecedentes penales, se ingrese realmente en prisi\u00f3n, debiendo ser modificado para ello el C\u00f3digo Penal, aumentando tambi\u00e9n el periodo de prescripci\u00f3n de 5 a 6 a\u00f1os.<\/em><\/p>\n<p style=\"text-align: justify;\">&#8211;\u00a0\u00a0\u00a0\u00a0\u00a0\u00a0\u00a0\u00a0 <em>Implantar medidas m\u00e1s rigurosas\u00a0 para la concesi\u00f3n de ayudas y subsidios p\u00fablicos, aumentar las sanciones por fraude e integrar toda la informaci\u00f3n de los ciudadanos en una base de datos \u00fanica<\/em>.<\/p>\n<p style=\"text-align: justify;\">&#8211;\u00a0\u00a0\u00a0\u00a0\u00a0\u00a0\u00a0\u00a0 <em>Independencia de la Autoridad Fiscal, <\/em>\u00a0<em>para lo que es necesario \u00abque est\u00e9 formada por funcionarios no afiliados a ning\u00fan partido y de alta calidad t\u00e9cnica\u00bb.<\/em><\/p>\n<p style=\"text-align: justify;\">&#8211;\u00a0\u00a0\u00a0\u00a0\u00a0\u00a0\u00a0\u00a0 <em>Para evitar la econom\u00eda sumergida\u00a0 proponen \u00a0impulsar los pagos con tarjeta y con medios electr\u00f3nicos de pago, ampliar las restricciones de los pagos en efectivo y potenciar el intercambio de informaci\u00f3n con los \u00f3rganos de la Seguridad Social.<\/em><\/p>\n<p style=\"text-align: justify;\">&#8211;\u00a0\u00a0\u00a0\u00a0\u00a0\u00a0\u00a0\u00a0 <em>Obligaci\u00f3n de los bancos a identificar a sus clientes,\u00a0 el intercambio de informaci\u00f3n entre pa\u00edses y la posibilidad de pago a confidentes, con el fin\u00a0 todo ello de acabar con los para\u00edsos fiscales.<\/em><\/p>\n<p style=\"text-align: justify;\">&#8211;\u00a0\u00a0\u00a0\u00a0\u00a0\u00a0\u00a0\u00a0 <em>Crear\u00a0 un censo <\/em><em>\u00a0de morosos de Hacienda y que haya un tratamiento uniforme a nivel nacional de los impuestos y de los modelos de declaraci\u00f3n en todas las comunidades aut\u00f3nomas. <\/em><\/p>\n<p><strong>APERTURA DE ESTABLECIMIENTOS COMERCIALES.<\/strong><\/p>\n<p><em>\u00a0\u00a0\u00a0\u00a0\u00a0\u00a0 Le\/s recordamos que\u00a0 el pr\u00f3ximo d\u00eda 6 de Julio (domingo), los comercios podr\u00e1n permanecer abiertos, seg\u00fan\u00a0 la Orden de 7 de Noviembre de 2013, de la Consejer\u00eda de Turismo y Comercio de la Junta de Andaluc\u00eda.<\/em><\/p>\n","protected":false},"excerpt":{"rendered":"<p>\u00a0Nuevamente quiero trasladarles la circular que mensualmente se confecciona en mi despacho profesional\u00a0 con las novedades m\u00e1s recientes en materia jur\u00eddico-laboral, de Seguridad Social y fiscal: &nbsp; &nbsp; &nbsp; PR\u00d3XIMA REFOMA FISCAL: \u00a0\u00a0\u00a0\u00a0\u00a0 Como ya habr\u00e1\/n o\u00eddo\u00a0 hablar en los medios de comunicaci\u00f3n, el pasado 20 del cte. mes de Junio, el Consejo de Ministros [&hellip;]<\/p>\n","protected":false},"author":1,"featured_media":0,"comment_status":"open","ping_status":"open","sticky":false,"template":"","format":"standard","meta":{"footnotes":""},"categories":[3],"tags":[],"class_list":["post-1347","post","type-post","status-publish","format-standard","hentry","category-vida-profesional"],"_links":{"self":[{"href":"https:\/\/elblogdejoseblasfernandez.com\/index.php?rest_route=\/wp\/v2\/posts\/1347","targetHints":{"allow":["GET"]}}],"collection":[{"href":"https:\/\/elblogdejoseblasfernandez.com\/index.php?rest_route=\/wp\/v2\/posts"}],"about":[{"href":"https:\/\/elblogdejoseblasfernandez.com\/index.php?rest_route=\/wp\/v2\/types\/post"}],"author":[{"embeddable":true,"href":"https:\/\/elblogdejoseblasfernandez.com\/index.php?rest_route=\/wp\/v2\/users\/1"}],"replies":[{"embeddable":true,"href":"https:\/\/elblogdejoseblasfernandez.com\/index.php?rest_route=%2Fwp%2Fv2%2Fcomments&post=1347"}],"version-history":[{"count":6,"href":"https:\/\/elblogdejoseblasfernandez.com\/index.php?rest_route=\/wp\/v2\/posts\/1347\/revisions"}],"predecessor-version":[{"id":4692,"href":"https:\/\/elblogdejoseblasfernandez.com\/index.php?rest_route=\/wp\/v2\/posts\/1347\/revisions\/4692"}],"wp:attachment":[{"href":"https:\/\/elblogdejoseblasfernandez.com\/index.php?rest_route=%2Fwp%2Fv2%2Fmedia&parent=1347"}],"wp:term":[{"taxonomy":"category","embeddable":true,"href":"https:\/\/elblogdejoseblasfernandez.com\/index.php?rest_route=%2Fwp%2Fv2%2Fcategories&post=1347"},{"taxonomy":"post_tag","embeddable":true,"href":"https:\/\/elblogdejoseblasfernandez.com\/index.php?rest_route=%2Fwp%2Fv2%2Ftags&post=1347"}],"curies":[{"name":"wp","href":"https:\/\/api.w.org\/{rel}","templated":true}]}}