{"id":1365,"date":"2014-07-01T21:39:02","date_gmt":"2014-07-01T19:39:02","guid":{"rendered":"http:\/\/elblogdejoseblasfernandez.com\/?p=1365"},"modified":"2014-07-01T22:03:54","modified_gmt":"2014-07-01T20:03:54","slug":"primera-promocion-de-grado-en-relaciones-laborales-y-recursos-humanos-del-campo-de-gibraltar","status":"publish","type":"post","link":"https:\/\/elblogdejoseblasfernandez.com\/?p=1365","title":{"rendered":"PRIMERA PROMOCI\u00d3N DE GRADO EN RELACIONES LABORALES Y RECURSOS HUMANOS  DEL CAMPO DE GIBRALTAR"},"content":{"rendered":"<p style=\"text-align: justify;\">\u00a0<strong>\u00a0\u00a0\u00a0\u00a0\u00a0\u00a0\u00a0\u00a0<\/strong> En\u00a0 la Escuela Polit\u00e9cnica Superior de Algeciras, \u00a0se llev\u00f3 a cabo el acto de Graduaci\u00f3n de la Primera Promoci\u00f3n de Grado en Relaciones Laborales y Recursos Humanos, que una vez concluidos los estudios podr\u00e1n incorporarse a los Colegios de Graduados Sociales de Espa\u00f1a como tales\u00a0 profesionales del Derecho.<\/p>\n<p style=\"text-align: justify;\">\u00a0\u00a0\u00a0\u00a0\u00a0\u00a0\u00a0\u00a0 El emotivo acto estuvo aperturado por la Directora\u00a0 de la Sede de Algeciras de la Facultad de Ciencias del Trabajo,\u00a0<strong>\u00a0M\u00aa Amalia Blandino Garrido,<\/strong> quien tuvo palabras de agradecimiento\u00a0 para los nuevos\u00a0 Graduados, \u00a0ya que eran los pertenecientes a la Primera Promoci\u00f3n de Grado. Tras la intervenci\u00f3n de los representantes de los alumnos intervino el Padrino de la Promoci\u00f3n, Profesor\u00a0\u00a0<strong>Doctor D. Jos\u00e9 Joaquin\u00a0 Fern\u00e1ndez All\u00e9s<\/strong>, quien resalt\u00f3 la importancia de la profesi\u00f3n \u00a0de Graduado Social y record\u00f3 a dos pilares \u00a0destacados \u00a0de la misma en el Campo de Gibraltar como han sido el Primer Delegado del Colegio, <strong>Argimiro Fern\u00e1ndez Calder\u00f3n (Q.E.P.G.)<\/strong> y el Delegado de Honor, <strong>Gonzalo Cabrera Saraiba<\/strong>, para los que tuvo palabras de cari\u00f1o y reconocimiento.<\/p>\n<p style=\"text-align: justify;\">\n<p style=\"text-align: justify;\">\u00a0\u00a0\u00a0\u00a0\u00a0\u00a0\u00a0\u00a0\u00a0 Tras la imposici\u00f3n de Becas intervine como \u00a0Presidente de mi Colegio y resalt\u00e9 la importancia de este Grado y el logro conseguido por los Colegios ante el Consejo de Universidades para que esta profesi\u00f3n est\u00e9 equiparada al resto de\u00a0 las de su escala profesional , as\u00ed como las materias jur\u00eddicas que la misma tiene para que as\u00ed pueda desempe\u00f1arse \u00e9sta tras la incorporaci\u00f3n al Colegio Profesional como tal Corporaci\u00f3n de Derecho P\u00fablico.\u00a0\u00a0\u00a0\u00a0\u00a0 Quiero tener palabras de agradecimiento para la anterior Decana, <strong>Paca Fuentes, <\/strong>\u00a0que junto a este Colegio hicimos un gran trabajo para conseguir el Grado.<\/p>\n<p style=\"text-align: justify;\">\n<p style=\"text-align: justify;\">\u00a0\u00a0\u00a0\u00a0\u00a0 Tras esta intervenci\u00f3n \u00a0lo hizo la Decana de la Facultad de Ciencias del Trabajo, <strong>Eva Garrido<\/strong> y el Vice-Rector de la Universidad \u00a0de C\u00e1diz, <strong>David Almorza, <\/strong>quienes destacaron la importancia de esta Facultad y del reconocimiento que en el Campo de Gibraltar tienen estos\u00a0 Graduados, pues era la \u00fanica sede de la Facultad\u00a0\u00a0 fuera de la capital, esta de Algeciras.<\/p>\n<p style=\"text-align: justify;\">\u00a0\u00a0\u00a0\u00a0\u00a0\u00a0\u00a0\u00a0 En la\u00a0 clausura del acto intervino\u00a0 un grupo del Conservatorio Profesional de M\u00fasica \u201cPaco de Lucia\u201d, que llevaron a cabo el canto del \u201cGaudemus Igitur\u201d y el Himno de Andaluc\u00eda.<\/p>\n<p>&nbsp;<\/p>\n<p>&nbsp;<\/p>\n<p>&nbsp;<\/p>\n","protected":false},"excerpt":{"rendered":"<p>\u00a0\u00a0\u00a0\u00a0\u00a0\u00a0\u00a0\u00a0\u00a0 En\u00a0 la Escuela Polit\u00e9cnica Superior de Algeciras, \u00a0se llev\u00f3 a cabo el acto de Graduaci\u00f3n de la Primera Promoci\u00f3n de Grado en Relaciones Laborales y Recursos Humanos, que una vez concluidos los estudios podr\u00e1n incorporarse a los Colegios de Graduados Sociales de Espa\u00f1a como tales\u00a0 profesionales del Derecho. \u00a0\u00a0\u00a0\u00a0\u00a0\u00a0\u00a0\u00a0 El emotivo acto estuvo aperturado [&hellip;]<\/p>\n","protected":false},"author":1,"featured_media":0,"comment_status":"open","ping_status":"open","sticky":false,"template":"","format":"standard","meta":{"footnotes":""},"categories":[3],"tags":[],"class_list":["post-1365","post","type-post","status-publish","format-standard","hentry","category-vida-profesional"],"_links":{"self":[{"href":"https:\/\/elblogdejoseblasfernandez.com\/index.php?rest_route=\/wp\/v2\/posts\/1365","targetHints":{"allow":["GET"]}}],"collection":[{"href":"https:\/\/elblogdejoseblasfernandez.com\/index.php?rest_route=\/wp\/v2\/posts"}],"about":[{"href":"https:\/\/elblogdejoseblasfernandez.com\/index.php?rest_route=\/wp\/v2\/types\/post"}],"author":[{"embeddable":true,"href":"https:\/\/elblogdejoseblasfernandez.com\/index.php?rest_route=\/wp\/v2\/users\/1"}],"replies":[{"embeddable":true,"href":"https:\/\/elblogdejoseblasfernandez.com\/index.php?rest_route=%2Fwp%2Fv2%2Fcomments&post=1365"}],"version-history":[{"count":5,"href":"https:\/\/elblogdejoseblasfernandez.com\/index.php?rest_route=\/wp\/v2\/posts\/1365\/revisions"}],"predecessor-version":[{"id":1375,"href":"https:\/\/elblogdejoseblasfernandez.com\/index.php?rest_route=\/wp\/v2\/posts\/1365\/revisions\/1375"}],"wp:attachment":[{"href":"https:\/\/elblogdejoseblasfernandez.com\/index.php?rest_route=%2Fwp%2Fv2%2Fmedia&parent=1365"}],"wp:term":[{"taxonomy":"category","embeddable":true,"href":"https:\/\/elblogdejoseblasfernandez.com\/index.php?rest_route=%2Fwp%2Fv2%2Fcategories&post=1365"},{"taxonomy":"post_tag","embeddable":true,"href":"https:\/\/elblogdejoseblasfernandez.com\/index.php?rest_route=%2Fwp%2Fv2%2Ftags&post=1365"}],"curies":[{"name":"wp","href":"https:\/\/api.w.org\/{rel}","templated":true}]}}