{"id":1394,"date":"2014-07-16T12:51:54","date_gmt":"2014-07-16T10:51:54","guid":{"rendered":"http:\/\/elblogdejoseblasfernandez.com\/?p=1394"},"modified":"2014-07-16T12:51:54","modified_gmt":"2014-07-16T10:51:54","slug":"acto-de-graduacion-de-la-promocion-2010-2014-en-la-facultad-de-ciencias-del-trabajo","status":"publish","type":"post","link":"https:\/\/elblogdejoseblasfernandez.com\/?p=1394","title":{"rendered":"ACTO DE GRADUACION DE LA PROMOCION 2010-2014 EN LA FACULTAD DE CIENCIAS DEL TRABAJO"},"content":{"rendered":"<p style=\"text-align: justify;\">El pasado 11 de Julio tuve el honor de asistir,\u00a0 como Presidente de mi Colegio,\u00a0 al acto de graduacion de la promoci\u00f3n 2010-2014 del Grado en Relaciones Laborales y Recursos Humanos de la Facultad\u00a0 de \u00a0Ciencias del Trabajo. El acto, que se celebr\u00f3\u00a0\u00a0en el Palacio de Congresos y Exposiciones de C\u00e1diz, tuvo pinceladas\u00a0 muy emotivas pues se trataba del fin de una etapa de estudios y sacrificios por parte de los alumnos y el comienzo de otra nueva,\u00a0 inmersa en el mundo\u00a0 laboral que les espera a todos ellos.\u00a0<\/p>\n<p style=\"text-align: justify;\">\n<p style=\"text-align: justify;\">En el\u00a0 transcruso del acto tuve el placer de entregar de entregar el Premio de Colegiaci\u00f3n al mejor expediente ac\u00e1d\u00e9mico a la alumna Adelina Moreno\u00a0 Piulest\u00e1n.<\/p>\n<p style=\"text-align: justify;\">\n<p style=\"text-align: justify;\">Tras las intervenciones propias del Vice-Rector, David Almorza, de la Decana de la Facultad, Eva Garrido, de la madrina del Grado de esta promoci\u00f3n, que este a\u00f1o recay\u00f3 en la profesora Doctora M\u00aa Carmen Jover Ram\u00edrez y de quien suscribe, \u00a0se impusieron las correspondientes becas y se clausur\u00f3 el acto\u00a0 con el canto final del \u00abGaudeamus Igitur\u00bb y el Himno de Andaluc\u00eda.<\/p>\n<p style=\"text-align: justify;\">\u00a0<\/p>\n","protected":false},"excerpt":{"rendered":"<p>El pasado 11 de Julio tuve el honor de asistir,\u00a0 como Presidente de mi Colegio,\u00a0 al acto de graduacion de la promoci\u00f3n 2010-2014 del Grado en Relaciones Laborales y Recursos Humanos de la Facultad\u00a0 de \u00a0Ciencias del Trabajo. El acto, que se celebr\u00f3\u00a0\u00a0en el Palacio de Congresos y Exposiciones de C\u00e1diz, tuvo pinceladas\u00a0 muy emotivas [&hellip;]<\/p>\n","protected":false},"author":1,"featured_media":0,"comment_status":"open","ping_status":"open","sticky":false,"template":"","format":"standard","meta":{"footnotes":""},"categories":[1],"tags":[],"class_list":["post-1394","post","type-post","status-publish","format-standard","hentry","category-sin-categoria"],"_links":{"self":[{"href":"https:\/\/elblogdejoseblasfernandez.com\/index.php?rest_route=\/wp\/v2\/posts\/1394","targetHints":{"allow":["GET"]}}],"collection":[{"href":"https:\/\/elblogdejoseblasfernandez.com\/index.php?rest_route=\/wp\/v2\/posts"}],"about":[{"href":"https:\/\/elblogdejoseblasfernandez.com\/index.php?rest_route=\/wp\/v2\/types\/post"}],"author":[{"embeddable":true,"href":"https:\/\/elblogdejoseblasfernandez.com\/index.php?rest_route=\/wp\/v2\/users\/1"}],"replies":[{"embeddable":true,"href":"https:\/\/elblogdejoseblasfernandez.com\/index.php?rest_route=%2Fwp%2Fv2%2Fcomments&post=1394"}],"version-history":[{"count":1,"href":"https:\/\/elblogdejoseblasfernandez.com\/index.php?rest_route=\/wp\/v2\/posts\/1394\/revisions"}],"predecessor-version":[{"id":1399,"href":"https:\/\/elblogdejoseblasfernandez.com\/index.php?rest_route=\/wp\/v2\/posts\/1394\/revisions\/1399"}],"wp:attachment":[{"href":"https:\/\/elblogdejoseblasfernandez.com\/index.php?rest_route=%2Fwp%2Fv2%2Fmedia&parent=1394"}],"wp:term":[{"taxonomy":"category","embeddable":true,"href":"https:\/\/elblogdejoseblasfernandez.com\/index.php?rest_route=%2Fwp%2Fv2%2Fcategories&post=1394"},{"taxonomy":"post_tag","embeddable":true,"href":"https:\/\/elblogdejoseblasfernandez.com\/index.php?rest_route=%2Fwp%2Fv2%2Ftags&post=1394"}],"curies":[{"name":"wp","href":"https:\/\/api.w.org\/{rel}","templated":true}]}}