{"id":1401,"date":"2014-07-24T21:48:27","date_gmt":"2014-07-24T19:48:27","guid":{"rendered":"http:\/\/elblogdejoseblasfernandez.com\/?p=1401"},"modified":"2014-07-28T20:51:39","modified_gmt":"2014-07-28T18:51:39","slug":"la-ley-de-acceso-a-la-justicia-gratuita-molesta-a-algunos","status":"publish","type":"post","link":"https:\/\/elblogdejoseblasfernandez.com\/?p=1401","title":{"rendered":"LA LEY DE ACCESO A LA JUSTICIA GRATUITA MOLESTA A ALGUNOS."},"content":{"rendered":"<p style=\"text-align: justify;\"><strong>\u00a0<\/strong><strong>\u00a0\u00a0\u00a0\u00a0\u00a0\u00a0\u00a0\u00a0 <\/strong>Desde que el Gobierno\u00a0 ha incorporado en un nuevo Proyecto de Ley denominado \u201c<strong>La Ley de Acceso a la Justicia Gratuita<\/strong>\u201d a los Graduados Sociales, como tal figura procesal y como leg\u00edtimos operadores jur\u00eddicos, hemos visto y le\u00eddo art\u00edculos en algunas revistas del Consejo\u00a0 General de la Abogac\u00eda y de Colegios de estos, molestos con\u00a0 esta incorporaci\u00f3n, pero\u00a0 nunca pude\u00a0 ni puedo entender\u00a0 c\u00f3mo el Presidente del Turno de Oficio del Consejo General de la Abogac\u00eda de Espa\u00f1a, Francisco Javier Lara Pel\u00e1ez, <strong>dijese que otorgar a un ciudadano un Graduado Social supone darle\u00a0 una defensa \u201cde segunda\u201d<\/strong> y este buen se\u00f1or se qued\u00f3 tan pancho mostrando tal ignorancia de lo que es el colectivo al que tengo el honor de presidir y representar, y en especial, porque \u00a0ha mostrado con ello que es\u00a0\u00a0una persona que s\u00f3lo mira por los intereses econ\u00f3micos y no por los profesionales. No\u00a0\u00a0 hace da\u00f1o quien quiere, sino quien puede y el se\u00f1or\u00a0 Lara Pel\u00e1ez\u00a0 posiblemente, \u00a0con sus descalificaciones, \u00a0le ha hecho un flaco servicio a su profesi\u00f3n de abogado, ya que si quiere defender otros intereses, lo que nunca debe hacer es atacar o insultar a otro colectivo profesional que s\u00f3lo ha querido y quiere\u00a0 tener ese turno de oficio porque\u00a0 olvida, \u00a0el Sr. Lara Pel\u00e1ez, \u00a0que las \u00fanicas figuras procesales\u00a0 para un Recurso de Suplicaci\u00f3n es\u00a0 junto a su colectivo, la \u00a0de Graduado Social.<\/p>\n<p style=\"text-align: justify;\">\n<p style=\"text-align: justify;\">\u00a0\u00a0\u00a0\u00a0\u00a0\u00a0\u00a0 Se\u00f1or Lara, no s\u00e9 si hace usted bien con ponerse la toga y pasearse en\u00a0Madrid\u00a0 reivindicando\u00a0 una mayor cuant\u00eda \u00a0para su turno de oficio. Posiblemente algunos piensan que\u00a0 utilizar esa prenda talar para salir como en procesi\u00f3n sea tan poco \u00e9tico\u00a0 y de tan poca clase que muchos, \u00a0posiblemente por el Paseo de Recoletos de Madrid, se habr\u00e1n re\u00eddo de usted, pues la toga la tenemos los Profesionales para actos mucho m\u00e1s serios y beneficiosos para el\u00a0inter\u00e9s general del justiciable \u00a0que para\u00a0 utilizarla\u00a0 con una pegatina como si en carnaval\u00a0 estuvi\u00e9semos y tuviera un parecido similar a una chirigota. <strong>Por ello, sirva mi repulsa hacia usted, hacia sus manifestaciones, \u00a0al poco estilo y clase\u00a0 que ha tenido y tiene y como espero y deseo que pronto tengamos los Graduados Sociales\u00a0 ese derecho leg\u00edtimo\u00a0 al referido turno de oficio,<\/strong> entonces ser\u00e1 cuando le dir\u00e9 a usted que posiblemente sea un abogado de segunda divisi\u00f3n, pero no por su profesi\u00f3n, sino por usted como persona y por algunos que le jalean\u00a0 o han jaleado en esa \u201cperegrinaci\u00f3n\u201d del d\u00eda 24 de Julio por el Paseo de Recoletos, camino del Ministerio de Justicia, \u00a0incluso, con los dedos de la \u201cV\u201d de victoria, \u00a0que desconozco qu\u00e9 victoria han tenido o si no es m\u00e1s que un nuevo rid\u00edculo de los gestos que habitualmente tiene\u00a0 y a los que nos tiene acostumbrado.<\/p>\n<p style=\"text-align: justify;\">Creo que el nuevo Proyecto de Ley quitar\u00e1 muchos abusos que hoy se comenten con el turno de oficio y muchas personas que se les atiende a trav\u00e9s de \u00e9ste sin comprobarse ni previa ni posteriormente su situaci\u00f3n econ\u00f3mica y, por supuesto, servir\u00e1\u00a0 como as\u00ed lo deseo para que quien no pueda pagar unos honorarios profesionales acuda al mismo, pero sin demagogia. Por tanto, se\u00f1or Lara, desde C\u00e1diz\u00a0 y a titulo personal\u00a0 lo declaro \u00abpersona non grata\u00bb .<\/p>\n","protected":false},"excerpt":{"rendered":"<p>\u00a0\u00a0\u00a0\u00a0\u00a0\u00a0\u00a0\u00a0\u00a0 Desde que el Gobierno\u00a0 ha incorporado en un nuevo Proyecto de Ley denominado \u201cLa Ley de Acceso a la Justicia Gratuita\u201d a los Graduados Sociales, como tal figura procesal y como leg\u00edtimos operadores jur\u00eddicos, hemos visto y le\u00eddo art\u00edculos en algunas revistas del Consejo\u00a0 General de la Abogac\u00eda y de Colegios de estos, molestos [&hellip;]<\/p>\n","protected":false},"author":1,"featured_media":0,"comment_status":"open","ping_status":"open","sticky":false,"template":"","format":"standard","meta":{"footnotes":""},"categories":[3],"tags":[],"class_list":["post-1401","post","type-post","status-publish","format-standard","hentry","category-vida-profesional"],"_links":{"self":[{"href":"https:\/\/elblogdejoseblasfernandez.com\/index.php?rest_route=\/wp\/v2\/posts\/1401","targetHints":{"allow":["GET"]}}],"collection":[{"href":"https:\/\/elblogdejoseblasfernandez.com\/index.php?rest_route=\/wp\/v2\/posts"}],"about":[{"href":"https:\/\/elblogdejoseblasfernandez.com\/index.php?rest_route=\/wp\/v2\/types\/post"}],"author":[{"embeddable":true,"href":"https:\/\/elblogdejoseblasfernandez.com\/index.php?rest_route=\/wp\/v2\/users\/1"}],"replies":[{"embeddable":true,"href":"https:\/\/elblogdejoseblasfernandez.com\/index.php?rest_route=%2Fwp%2Fv2%2Fcomments&post=1401"}],"version-history":[{"count":4,"href":"https:\/\/elblogdejoseblasfernandez.com\/index.php?rest_route=\/wp\/v2\/posts\/1401\/revisions"}],"predecessor-version":[{"id":1420,"href":"https:\/\/elblogdejoseblasfernandez.com\/index.php?rest_route=\/wp\/v2\/posts\/1401\/revisions\/1420"}],"wp:attachment":[{"href":"https:\/\/elblogdejoseblasfernandez.com\/index.php?rest_route=%2Fwp%2Fv2%2Fmedia&parent=1401"}],"wp:term":[{"taxonomy":"category","embeddable":true,"href":"https:\/\/elblogdejoseblasfernandez.com\/index.php?rest_route=%2Fwp%2Fv2%2Fcategories&post=1401"},{"taxonomy":"post_tag","embeddable":true,"href":"https:\/\/elblogdejoseblasfernandez.com\/index.php?rest_route=%2Fwp%2Fv2%2Ftags&post=1401"}],"curies":[{"name":"wp","href":"https:\/\/api.w.org\/{rel}","templated":true}]}}