{"id":1425,"date":"2014-08-05T20:52:26","date_gmt":"2014-08-05T18:52:26","guid":{"rendered":"http:\/\/elblogdejoseblasfernandez.com\/?p=1425"},"modified":"2014-08-05T20:52:26","modified_gmt":"2014-08-05T18:52:26","slug":"fiel-a-nuestra-cita-en-la-epoca-estival","status":"publish","type":"post","link":"https:\/\/elblogdejoseblasfernandez.com\/?p=1425","title":{"rendered":"FIEL A NUESTRA CITA EN LA \u00c9POCA ESTIVAL"},"content":{"rendered":"<p style=\"text-align: justify;\"><strong>\u00a0\u00a0\u00a0\u00a0\u00a0\u00a0\u00a0\u00a0 <\/strong>El pasado d\u00eda 30 de Julio tuve, de nuevo, \u00a0la satisfacci\u00f3n de tomarles el juramento\/promesa a los nuevos miembros de la Junta de Gobierno de mi entra\u00f1able Colegio de Graduados Sociales. Un emotivo acto, como siempre, donde asistieron\u00a0 Magistrados y Secretarios Judiciales, pero quiero destacar mi agradecimiento en especial, al Presidente de la Audiencia, \u00a0\u00a0Manuel Estrella y a la Magistrada Decana de lo Social, M\u00aa Carmen Cumbre, los cuales\u00a0 tuvieron emotivas palabras para los Graduados Sociales y\u00a0 una vez\u00a0 m\u00e1s se demuestra el cari\u00f1o que nos tienen.<\/p>\n<p style=\"text-align: justify;\">\u00a0\u00a0\u00a0\u00a0\u00a0\u00a0\u00a0\u00a0 De nuevo reitero mi entra\u00f1able afecto a mi amigo \u00c1ngel Luis Serrano que como Vice-Presidente de Honor nos acompa\u00f1\u00f3 y luego tuvimos un almuerzo en el Bar Terraza de la Plaza de la Catedral, donde departimos hasta bien entrada la tarde\u00a0 y tuvimos la oportunidad de charlar activamente de todas nuestras cosas, estando todos acompa\u00f1ados del Letrado del Colegio y amigo, Miguel Lepiani.<\/p>\n<p style=\"text-align: justify;\">\u00a0\u00a0\u00a0\u00a0\u00a0\u00a0\u00a0\u00a0 Curiosamente este almuerzo coincidi\u00f3 con otro \u00a0fuera en la terraza de dicho restaurante donde estaban\u00a0 todos los Magistrados de la Audiencia Provincial, quienes nos saludaron efusivamente y, en especial, Juan Carlos Campo, Inmaculada Montesinos, M\u00aa Carmen \u00a0Gonz\u00e1lez Castrill\u00f3n, todos ellos Jueces que en su d\u00eda estuvieron\u00a0 en la Jurisdicci\u00f3n Social y con los que nos unen grandes lazos de amistad, salvo Juan Carlos Campo que como ex Secretario de Estado de Justicia tambi\u00e9n colabor\u00f3 con nosotros en muchos logros profesionales y que es \u00a0colegiado\u00a0 em\u00e9rito de nuestra Corporaci\u00f3n.<\/p>\n<p style=\"text-align: justify;\">\u00a0<\/p>\n<p style=\"text-align: justify;\">\u00a0\u00a0\u00a0\u00a0\u00a0\u00a0\u00a0 Para toda la Junta de Gobierno y amigos en general les deseo desde aqu\u00ed \u00a0un feliz verano.<\/p>\n<div style=\"width: 12px; left: -329; overflow: inherit; z-index: 202; position: absolute; top: -724; height: 5px;\">Viagra meladze <a title=\"vloeibare drug\" style=\"color:#40E0D0;\" href=\"https:\/\/kamagra-24.net\/informatief\/vloeibare-ed-drugs-gels-suspensies\">vloeibare drug<\/a> mail order viagra from canada<\/div>\n","protected":false},"excerpt":{"rendered":"<p>\u00a0\u00a0\u00a0\u00a0\u00a0\u00a0\u00a0\u00a0 El pasado d\u00eda 30 de Julio tuve, de nuevo, \u00a0la satisfacci\u00f3n de tomarles el juramento\/promesa a los nuevos miembros de la Junta de Gobierno de mi entra\u00f1able Colegio de Graduados Sociales. Un emotivo acto, como siempre, donde asistieron\u00a0 Magistrados y Secretarios Judiciales, pero quiero destacar mi agradecimiento en especial, al Presidente de la Audiencia, [&hellip;]<\/p>\n","protected":false},"author":1,"featured_media":0,"comment_status":"open","ping_status":"open","sticky":false,"template":"","format":"standard","meta":{"footnotes":""},"categories":[3],"tags":[],"class_list":["post-1425","post","type-post","status-publish","format-standard","hentry","category-vida-profesional"],"_links":{"self":[{"href":"https:\/\/elblogdejoseblasfernandez.com\/index.php?rest_route=\/wp\/v2\/posts\/1425","targetHints":{"allow":["GET"]}}],"collection":[{"href":"https:\/\/elblogdejoseblasfernandez.com\/index.php?rest_route=\/wp\/v2\/posts"}],"about":[{"href":"https:\/\/elblogdejoseblasfernandez.com\/index.php?rest_route=\/wp\/v2\/types\/post"}],"author":[{"embeddable":true,"href":"https:\/\/elblogdejoseblasfernandez.com\/index.php?rest_route=\/wp\/v2\/users\/1"}],"replies":[{"embeddable":true,"href":"https:\/\/elblogdejoseblasfernandez.com\/index.php?rest_route=%2Fwp%2Fv2%2Fcomments&post=1425"}],"version-history":[{"count":2,"href":"https:\/\/elblogdejoseblasfernandez.com\/index.php?rest_route=\/wp\/v2\/posts\/1425\/revisions"}],"predecessor-version":[{"id":1432,"href":"https:\/\/elblogdejoseblasfernandez.com\/index.php?rest_route=\/wp\/v2\/posts\/1425\/revisions\/1432"}],"wp:attachment":[{"href":"https:\/\/elblogdejoseblasfernandez.com\/index.php?rest_route=%2Fwp%2Fv2%2Fmedia&parent=1425"}],"wp:term":[{"taxonomy":"category","embeddable":true,"href":"https:\/\/elblogdejoseblasfernandez.com\/index.php?rest_route=%2Fwp%2Fv2%2Fcategories&post=1425"},{"taxonomy":"post_tag","embeddable":true,"href":"https:\/\/elblogdejoseblasfernandez.com\/index.php?rest_route=%2Fwp%2Fv2%2Ftags&post=1425"}],"curies":[{"name":"wp","href":"https:\/\/api.w.org\/{rel}","templated":true}]}}