{"id":1434,"date":"2014-08-12T09:46:25","date_gmt":"2014-08-12T07:46:25","guid":{"rendered":"http:\/\/elblogdejoseblasfernandez.com\/?p=1434"},"modified":"2014-08-12T09:46:25","modified_gmt":"2014-08-12T07:46:25","slug":"una-reforma-fiscal-para-sacarnos-de-la-crisis","status":"publish","type":"post","link":"https:\/\/elblogdejoseblasfernandez.com\/?p=1434","title":{"rendered":"UNA REFORMA FISCAL PARA SACARNOS DE LA CRISIS"},"content":{"rendered":"<p style=\"text-align: justify;\">\u00a0\u00a0\u00a0\u00a0\u00a0\u00a0\u00a0\u00a0 Desde\u00a0 que Espa\u00f1a pas\u00f3 por el trance de estar casi abocada\u00a0 a ser rescatada, \u00a0los espa\u00f1oles hemos pasado muchas dificultades en la parcela fiscal\u00a0 y todo el entramado que conlleva la imposici\u00f3n tributaria, por lo que los distintos acontecimientos de la econom\u00eda han ido ajustando y reajustando nuestros impuestos con menor y ning\u00fan agrado,\u00a0 pero la Uni\u00f3n Europea nos impon\u00eda tales decisiones, \u00a0que de no\u00a0 haberse llevado a cabo, \u00a0hoy no s\u00f3lo\u00a0 podr\u00edamos hablar de \u201cbrotes verdes\u201d sino de una realidad que es una mejora en la econom\u00eda de mercado y\u00a0 circunscrita tambi\u00e9n a la de los espa\u00f1oles en su conjunto.<\/p>\n<p style=\"text-align: justify;\">\u00a0\u00a0\u00a0\u00a0\u00a0\u00a0\u00a0\u00a0 Aquella deuda que se encontr\u00f3 en \u00a0las arcas del Estado \u00a0el actual Gobierno muy por encima de la declarada por el anterior,\u00a0 fue \u00a0terrible para salir adelante de\u00a0 aqu\u00e9l infierno, cosa que hoy todav\u00eda quedan rescoldos de aquel fuego, pero con la anunciada reforma fiscal posiblemente nuestra econom\u00eda tome mejores horizontes\u00a0 para el bienestar de todos, es decir, una reforma fiscal que va a afectar a empresas, trabajadores y familias y \u00a0donde se va a dinamizar el crecimiento y el apoyo al ahorro. En el anteproyecto, \u00a0que aprob\u00f3 recientemente el Consejo de Ministros, \u00a0se determina que un 72% de los declarantes tendr\u00e1n una rebaja media del 23,5% y las rentas inferiores a 12.000 euros no van a tributar\u00a0 por el IRPF y para apoyar el ahorro van a bajar los tipos.<\/p>\n<p style=\"text-align: justify;\">\u00a0\u00a0\u00a0\u00a0\u00a0\u00a0\u00a0\u00a0 Esta reforma quiere impulsar la creaci\u00f3n de empleo y han\u00a0 pensado en las pymes y en los aut\u00f3nomos, pues en nuestro pa\u00eds, casi el 85% del empleo est\u00e1 en manos de pymes, micropymes y aut\u00f3nomos en general, por lo que el Impuesto de Sociedades pasar\u00e1 del 30% al 25%; las pymes podr\u00e1n reducirse hasta el 20% y los\u00a0 nuevos emprendedores pagaran el 15%, sin olvidar los profesionales liberales que bajaran sus retenciones del 21% al 19%, siempre con el l\u00edmite de ingresos que se establezca.<\/p>\n<p style=\"text-align: justify;\">\u00a0\u00a0\u00a0\u00a0\u00a0\u00a0\u00a0\u00a0 De igual modo, se habla de una reforma fiscal justa, social y equitativa, donde habr\u00e1 m\u00e1s beneficios sociales\u00a0\u00a0 para familias y dependientes, con un fuerte aumento de los m\u00ednimos familiares de hasta el 32% y una ayuda para madres trabajadoras, as\u00ed como otra de\u00a0 1.200 euros anuales para familias numerosas y un anuncio\u00a0 importante; el IVA se dice que no subir\u00e1, pero\u00a0 seg\u00fan el\u00a0 proyecto de ley, en cuanto al IRPF, el 72% de los contribuyentes con rentas medias y bajas pagaran un 23,5% menos y una rebaja progresiva de \u00e9ste que se centra en rentas menores de 30.000 euros.\u00a0 Luego, se observa que para los contribuyentes con ingresos inferiores a 18.000 euros al a\u00f1o, la rebaja ser\u00e1 del 31%, la retenci\u00f3n de los aut\u00f3nomos que ganen menos de 12.000 euros al a\u00f1o, baja del 21% al 15% y esta medida se viene aplicando ya desde\u00a0 el pasado mes de Julio.<\/p>\n<p style=\"text-align: justify;\">\u00a0\u00a0\u00a0\u00a0\u00a0\u00a0\u00a0\u00a0 Esta nueva reforma eleva las deducciones personales familiares y por discapacitado a cargo, llegando en algunos casos de los descendientes hasta el 30,72% y manteniendo la ayuda de 100 euros al mes para madres trabajadoras, teni\u00e9ndose un claro ejemplo de que un contribuyente que gane 17.000 euros con un familiar discapacitado tendr\u00e1n una rebaja del 63%, como resultado de la rebaja del impuesto m\u00e1s la ayuda por discapacidad.<\/p>\n<p style=\"text-align: justify;\">\u00a0\u00a0\u00a0\u00a0\u00a0\u00a0\u00a0\u00a0 Hasta aqu\u00ed, el reparto de esta bajada de retenciones va a afectar a 20 millones de contribuyentes en el 2015 y va a suponer a las arcas del Estado m\u00e1s de 9.000 millones de euros, cifra no desde\u00f1able que\u00a0 el pr\u00f3ximo a\u00f1o 2015 la veremos\u00a0 puesta en marcha en su totalidad. Con estos par\u00e1metros y con una importante subida del empleo, as\u00ed como del consumo, estaremos ya entrando de lleno en una senda del crecimiento absoluto, lo que pone de manifiesto que\u00a0 la econom\u00eda tiene que dar resultados positivos\u00a0 para el inter\u00e9s general, pero que\u00a0 si no va acompa\u00f1ada de otra importante rebaja\u00a0 de las Comunidades Aut\u00f3nomas\u00a0 no estaremos al completo, pues \u00e9stas tambi\u00e9n tendr\u00e1n que tener otra rebaja obligada \u00a0en los tramos auton\u00f3micos del IRPF como ya est\u00e1n\u00a0\u00a0 haciendo algunas Comunidades y, por tanto,\u00a0 supondr\u00e1 claramente una subida del empleo, ya hoy con par\u00e1metros importantes de\u00a0 crecimiento, sin olvidar que tambi\u00e9n tenemos que recordarles a algunas comunidades la desaparici\u00f3n del Impuesto de Transmisiones Patrimoniales que en muchos casos, por existir dicho impuesto, estamos acudiendo a un falso empadronamiento de personas en aquellas comunidades\u00a0 donde este impuesto ha desaparecido, pero pese a ese \u00a0falso empadronamiento siguen devengando los servicios y las prestaciones\u00a0 correspondientes en su ciudad de origen o\u00a0 en la Comunidad Aut\u00f3noma de origen que a\u00fan es peor.<\/p>\n<p style=\"text-align: justify;\">\u00a0\u00a0\u00a0\u00a0\u00a0\u00a0\u00a0\u00a0 Esperemos que Catalu\u00f1a y Andaluc\u00eda se pongan las pilas y realicen rebajas de sus impuestos y junto a esta reforma fiscal estemos todos contribuyendo a consolidar la recuperaci\u00f3n econ\u00f3mica,\u00a0 mejorar el poder adquisitivo de las familias y favorecer el crecimiento y la creaci\u00f3n de empleo.<\/p>\n","protected":false},"excerpt":{"rendered":"<p>\u00a0\u00a0\u00a0\u00a0\u00a0\u00a0\u00a0\u00a0 Desde\u00a0 que Espa\u00f1a pas\u00f3 por el trance de estar casi abocada\u00a0 a ser rescatada, \u00a0los espa\u00f1oles hemos pasado muchas dificultades en la parcela fiscal\u00a0 y todo el entramado que conlleva la imposici\u00f3n tributaria, por lo que los distintos acontecimientos de la econom\u00eda han ido ajustando y reajustando nuestros impuestos con menor y ning\u00fan agrado,\u00a0 [&hellip;]<\/p>\n","protected":false},"author":1,"featured_media":0,"comment_status":"open","ping_status":"open","sticky":false,"template":"","format":"standard","meta":{"footnotes":""},"categories":[1],"tags":[],"class_list":["post-1434","post","type-post","status-publish","format-standard","hentry","category-sin-categoria"],"_links":{"self":[{"href":"https:\/\/elblogdejoseblasfernandez.com\/index.php?rest_route=\/wp\/v2\/posts\/1434","targetHints":{"allow":["GET"]}}],"collection":[{"href":"https:\/\/elblogdejoseblasfernandez.com\/index.php?rest_route=\/wp\/v2\/posts"}],"about":[{"href":"https:\/\/elblogdejoseblasfernandez.com\/index.php?rest_route=\/wp\/v2\/types\/post"}],"author":[{"embeddable":true,"href":"https:\/\/elblogdejoseblasfernandez.com\/index.php?rest_route=\/wp\/v2\/users\/1"}],"replies":[{"embeddable":true,"href":"https:\/\/elblogdejoseblasfernandez.com\/index.php?rest_route=%2Fwp%2Fv2%2Fcomments&post=1434"}],"version-history":[{"count":2,"href":"https:\/\/elblogdejoseblasfernandez.com\/index.php?rest_route=\/wp\/v2\/posts\/1434\/revisions"}],"predecessor-version":[{"id":1441,"href":"https:\/\/elblogdejoseblasfernandez.com\/index.php?rest_route=\/wp\/v2\/posts\/1434\/revisions\/1441"}],"wp:attachment":[{"href":"https:\/\/elblogdejoseblasfernandez.com\/index.php?rest_route=%2Fwp%2Fv2%2Fmedia&parent=1434"}],"wp:term":[{"taxonomy":"category","embeddable":true,"href":"https:\/\/elblogdejoseblasfernandez.com\/index.php?rest_route=%2Fwp%2Fv2%2Fcategories&post=1434"},{"taxonomy":"post_tag","embeddable":true,"href":"https:\/\/elblogdejoseblasfernandez.com\/index.php?rest_route=%2Fwp%2Fv2%2Ftags&post=1434"}],"curies":[{"name":"wp","href":"https:\/\/api.w.org\/{rel}","templated":true}]}}