{"id":1443,"date":"2014-08-18T14:48:50","date_gmt":"2014-08-18T12:48:50","guid":{"rendered":"http:\/\/elblogdejoseblasfernandez.com\/?p=1443"},"modified":"2014-08-18T14:48:50","modified_gmt":"2014-08-18T12:48:50","slug":"la-jurisdiccion-social-no-se-para-ni-en-agosto","status":"publish","type":"post","link":"https:\/\/elblogdejoseblasfernandez.com\/?p=1443","title":{"rendered":"LA JURISDICCI\u00d3N SOCIAL NO SE PARA NI EN AGOSTO"},"content":{"rendered":"<p style=\"text-align: justify;\">\u00a0\u00a0\u00a0\u00a0\u00a0\u00a0\u00a0\u00a0 El Proyecto de Ley de la Reforma de la futura Ley Org\u00e1nica del Poder\u00a0 Judicial contempla, entre otras muchas cosas, que el mes de Agosto sea h\u00e1bil\u00a0 para todos los efectos procesales y concretamente en todas las \u00a0jurisdicciones, pues el actual \u201cpar\u00f3n\u201d que conlleva en esta \u00e9poca estival, hace que poner la m\u00e1quina en funcionamiento nuevamente lleve un \u201carranque\u201d lento y complejo.<\/p>\n<p style=\"text-align: justify;\">\u00a0\u00a0\u00a0\u00a0\u00a0\u00a0\u00a0\u00a0\u00a0 Lo que no se dice que es quienes estamos\u00a0 inmersos en la Jurisdicci\u00f3n del Orden Social como tales operadores jur\u00eddicos no nos salva\u00a0 ni la \u201ccaridad\u201d en el mes de Agosto, pues\u00a0 ya la Ley contempla el llevar a cabo\u00a0 actuaciones procesales, como es el caso de los despidos con vistas orales en los Juzgados de lo Social. De\u00a0 hecho, tenemos juicios en Agosto en todos los Juzgados de Espa\u00f1a.<\/p>\n<p style=\"text-align: justify;\">\n<p style=\"text-align: justify;\">\u00a0\u00a0\u00a0\u00a0\u00a0\u00a0\u00a0\u00a0\u00a0 Por todo ello, quienes conocemos ya\u00a0 esta experiencia vemos con l\u00f3gica que el resto de las jurisdicciones no se paren en Agosto, es decir, que si un despido es urgente y debe verse\u00a0 sea el mes que sea, no pueden otras jurisdicciones, donde a veces son hasta m\u00e1s complejas, pararse por el hecho de que \u201cestamos de vacaciones\u201d.<\/p>\n<p style=\"text-align: justify;\">\u00a0\u00a0\u00a0\u00a0\u00a0\u00a0\u00a0\u00a0\u00a0 Comparto el Proyecto de Ley y sigo compartiendo que en Agosto nos tengamos que ver en los Juzgados, pues para eso estamos,\u00a0 como los m\u00e9dicos\u00a0 tienen que verse en los hospitales, con la misma profundidad o m\u00e1s que cualquier mes del a\u00f1o, ya que a \u00e9stos la poblaci\u00f3n en muchos casos les aumenta en el\u00a0 doble, por lo que no debe haber excusa para trabajar que es lo que\u00a0 dignifica a la persona y les hace ser profesionales. Por eso, se\u00f1ores Jueces, Magistrados, Secretarios \u00a0y\u00a0 Fiscales, si queremos que esto prospere y no sea lenta la Justicia como as\u00ed los espa\u00f1oles la califican, manos a la obra y las vacaciones, como cualquier \u201cespa\u00f1olito\u201d a cogerlas fraccionadas y estar\u00a0 localizables \u00a0y si tiene que ser Enero, da igual, cualquier mes es bueno y tiene su encanto.<\/p>\n","protected":false},"excerpt":{"rendered":"<p>\u00a0\u00a0\u00a0\u00a0\u00a0\u00a0\u00a0\u00a0 El Proyecto de Ley de la Reforma de la futura Ley Org\u00e1nica del Poder\u00a0 Judicial contempla, entre otras muchas cosas, que el mes de Agosto sea h\u00e1bil\u00a0 para todos los efectos procesales y concretamente en todas las \u00a0jurisdicciones, pues el actual \u201cpar\u00f3n\u201d que conlleva en esta \u00e9poca estival, hace que poner la m\u00e1quina en [&hellip;]<\/p>\n","protected":false},"author":1,"featured_media":0,"comment_status":"open","ping_status":"open","sticky":false,"template":"","format":"standard","meta":{"footnotes":""},"categories":[1],"tags":[],"class_list":["post-1443","post","type-post","status-publish","format-standard","hentry","category-sin-categoria"],"_links":{"self":[{"href":"https:\/\/elblogdejoseblasfernandez.com\/index.php?rest_route=\/wp\/v2\/posts\/1443","targetHints":{"allow":["GET"]}}],"collection":[{"href":"https:\/\/elblogdejoseblasfernandez.com\/index.php?rest_route=\/wp\/v2\/posts"}],"about":[{"href":"https:\/\/elblogdejoseblasfernandez.com\/index.php?rest_route=\/wp\/v2\/types\/post"}],"author":[{"embeddable":true,"href":"https:\/\/elblogdejoseblasfernandez.com\/index.php?rest_route=\/wp\/v2\/users\/1"}],"replies":[{"embeddable":true,"href":"https:\/\/elblogdejoseblasfernandez.com\/index.php?rest_route=%2Fwp%2Fv2%2Fcomments&post=1443"}],"version-history":[{"count":2,"href":"https:\/\/elblogdejoseblasfernandez.com\/index.php?rest_route=\/wp\/v2\/posts\/1443\/revisions"}],"predecessor-version":[{"id":1451,"href":"https:\/\/elblogdejoseblasfernandez.com\/index.php?rest_route=\/wp\/v2\/posts\/1443\/revisions\/1451"}],"wp:attachment":[{"href":"https:\/\/elblogdejoseblasfernandez.com\/index.php?rest_route=%2Fwp%2Fv2%2Fmedia&parent=1443"}],"wp:term":[{"taxonomy":"category","embeddable":true,"href":"https:\/\/elblogdejoseblasfernandez.com\/index.php?rest_route=%2Fwp%2Fv2%2Fcategories&post=1443"},{"taxonomy":"post_tag","embeddable":true,"href":"https:\/\/elblogdejoseblasfernandez.com\/index.php?rest_route=%2Fwp%2Fv2%2Ftags&post=1443"}],"curies":[{"name":"wp","href":"https:\/\/api.w.org\/{rel}","templated":true}]}}