{"id":1452,"date":"2014-08-18T15:22:18","date_gmt":"2014-08-18T13:22:18","guid":{"rendered":"http:\/\/elblogdejoseblasfernandez.com\/?p=1452"},"modified":"2025-02-10T18:42:08","modified_gmt":"2025-02-10T17:42:08","slug":"novedades-juridico-laborales-agosto2014","status":"publish","type":"post","link":"https:\/\/elblogdejoseblasfernandez.com\/?p=1452","title":{"rendered":"NOVEDADES JURIDICO-LABORALES AGOSTO\/2014"},"content":{"rendered":"<p style=\"text-align: justify;\">\u00a0<\/p>\n<p style=\"text-align: justify;\"><strong>\u00a0<\/strong>Nuevamente, este mes de Agosto\u00a0 les hacemos participarte de la circular que mensualmente se edita en mi Despacho profesional y que son novedades para tener en cuenta.<\/p>\n<p style=\"text-align: justify;\">\n<p style=\"text-align: justify;\">\n<p style=\"text-align: justify;\"><strong>APROBADO EL ESTATUTO DE LA V\u00cdCTIMA DEL DELITO.<\/strong><\/p>\n<p style=\"text-align: justify;\"><strong>\u00a0<\/strong><em>\u00a0\u00a0\u00a0\u00a0\u00a0\u00a0\u00a0\u00a0 Como ya habr\u00e1\/n o\u00eddo\u00a0 en los medios de comunicaci\u00f3n, el Gobierno ha aprobado y trasladado a las Cortes el\u00a0 Proyecto de Ley del Estatuto de la V\u00edctima del Delito, el cual\u00a0 podr\u00e1 tener\u00a0 variaciones hasta su aprobaci\u00f3n definitiva y publicaci\u00f3n en el BOE. En este estatuto se incluyen a todas las v\u00edctimas sea cual sea el delito que hayan sufrido, con importantes novedades referente a las v\u00edctimas de violencia de g\u00e9nero,\u00a0 que ser\u00e1n informadas si su agresor es puesto en libertad y d\u00e1ndoles la posibilidad de recurrir dicha decisi\u00f3n.<\/em><\/p>\n<p style=\"text-align: justify;\"><em>\u00a0\u00a0\u00a0\u00a0\u00a0\u00a0\u00a0\u00a0 Otras de las novedades es que en los casos de <strong>grandes cat\u00e1strofes<\/strong>, los abogados y procuradores no podr\u00e1n dirigirse a las v\u00edctimas para ofrecerles sus servicios profesionales hasta que no haya transcurrido un mes desde el suceso<\/em><em>.<\/em><\/p>\n<p style=\"text-align: justify;\"><em>\u00a0\u00a0\u00a0\u00a0\u00a0\u00a0\u00a0\u00a0\u00a0\u00a0 La v\u00edctima podr\u00e1 ser informada del desarrollo del proceso abierto como consecuencia de su agresi\u00f3n sin necesidad de estar personada en el procedimiento.<\/em><\/p>\n<p style=\"text-align: justify;\"><em>\u00a0<\/em><em>\u00a0\u00a0\u00a0\u00a0\u00a0\u00a0 De todo ello, le\/s iremos informando en la medida que haya variaciones.<\/em><\/p>\n<p style=\"text-align: justify;\"><strong>APROBADO\u00a0 EL PROYECTO DE LEY DE LA JURISDICCI\u00d3N VOLUNTARIA.<\/strong><\/p>\n<p style=\"text-align: justify;\"><strong>\u00a0<\/strong><em>\u00a0\u00a0\u00a0\u00a0\u00a0\u00a0\u00a0\u00a0 El Consejo de Ministros ha aprobado la remisi\u00f3n a las Cortes Generales del <strong>Proyecto de Ley de Jurisdicci\u00f3n Voluntaria<\/strong> que sistematiza la dispersa normativa existente en la materia, y cuyo objetivo es <strong>simplificar y actualizar los procedimientos en aquellos asuntos en los que no hay controversia<\/strong>, pero s\u00ed se necesita que intervenga un \u00f3rgano judicial para la tutela de determinados derechos e intereses relativos al Derecho Civil y Mercantil.<\/em><\/p>\n<p style=\"text-align: justify;\"><em>\u00a0\u00a0\u00a0\u00a0\u00a0\u00a0\u00a0\u00a0 <span style=\"text-decoration: underline;\">Algunas de las novedades son<\/span>:<\/em><\/p>\n<p style=\"text-align: justify;\"><em>\u00a0<\/em>&#8211;\u00a0\u00a0\u00a0\u00a0\u00a0\u00a0\u00a0\u00a0 <em>Se desjudicializan algunos asuntos que ser\u00e1n tratados por Notarios\u00a0 y Registradores de la Propiedad\u00a0 y lo Mercantil.<\/em><\/p>\n<p style=\"text-align: justify;\">&#8211;\u00a0\u00a0\u00a0\u00a0\u00a0\u00a0\u00a0\u00a0 <em>Se abre la posibilidad de que las bodas civiles se celebren ante Notario, aunque se podr\u00e1n hacer tambi\u00e9n como actualmente.<\/em><\/p>\n<p style=\"text-align: justify;\">&#8211;\u00a0\u00a0\u00a0\u00a0\u00a0\u00a0\u00a0\u00a0 <em>Se reducen los costes para el ciudadano en esto asuntos,\u00a0 y en muchos de ellos no ser\u00e1 necesario la intervenci\u00f3n de abogado ni procurador.<\/em><\/p>\n<p style=\"text-align: justify;\"><strong>\u00a0\u00a0\u00a0\u00a0\u00a0\u00a0\u00a0\u00a0 <\/strong><em>Ya le\/s iremos informando de todo ello a medida que se vaya desarrollando el tr\u00e1mite parlamentario con las modificaciones\u00a0 que puedan surgir en cuanto a las materias a tratar en este nuevo procedimiento.<\/em><\/p>\n<p style=\"text-align: justify;\"><strong>\u00a0<\/strong><\/p>\n<p style=\"text-align: justify;\"><strong>PR\u00d3XIMA REFORMA TRIBUTARIA:<\/strong><\/p>\n<p style=\"text-align: justify;\"><em>\u00a0 \u00a0 \u00a0 \u00a0 \u00a0En esta reforma fiscal, pendiente a\u00fan de aprobaci\u00f3n\u00a0 parlamentaria, han introducido un\u00a0 conjunto de medidas por las que est\u00e1\u00a0 previsto que se rebaje la carga fiscal, sobre todo de rentas medias y bajas; se simplifiquen y modernicen los principales tributos para favorecer el ahorro y la inversi\u00f3n; se impulse la competitividad de las empresas y el crecimiento econ\u00f3mico y se incentive la lucha contra el fraude.<\/em><\/p>\n<p style=\"text-align: justify;\"><em>\u00a0\u00a0\u00a0\u00a0\u00a0\u00a0\u00a0\u00a0 Se modificar\u00e1n\u00a0 la Ley del \u00a0IRPF y el Impuesto sobre la Renta de no Residentes, el Impuesto sobre Sociedades y el \u00a0IVA, entre otras normas fiscales, siendo algunas novedades las siguientes:<\/em><\/p>\n<p style=\"text-align: justify;\"><em>\u00a0<\/em>&#8211;\u00a0\u00a0\u00a0\u00a0\u00a0\u00a0\u00a0\u00a0 <strong><em>Cambio en la tributaci\u00f3n de las indemnizaciones por despido obligatorio<\/em><\/strong><em>, establecidas por el Estatuto de los Trabajadores, <strong>que produce efectos desde 1 de agosto de 2014. <\/strong>Se aumenta el m\u00ednimo exento hasta los 180.000 euros. De esta forma, mantendr\u00e1n la exenci\u00f3n plena en el IRPF las indemnizaciones por despido inferiores a esa cifra.\u00a0 Adem\u00e1s, el Proyecto de Ley contempla la posibilidad de aplicar el\u00a0 coeficiente de reducci\u00f3n del 30% a las indemnizaciones que se obtengan de manera fraccionada en varios a\u00f1os. <\/em><\/p>\n<p style=\"text-align: justify;\"><em>\u00a0<\/em>&#8211;\u00a0\u00a0\u00a0\u00a0\u00a0\u00a0\u00a0\u00a0 <strong><em>Exenci\u00f3n de plusval\u00edas para mayores 65 a\u00f1os: <\/em><\/strong><em>El Proyecto de Ley de reforma del IRPF incluye tambi\u00e9n como novedad la introducci\u00f3n, para los contribuyentes mayores de 65 a\u00f1os, de una nueva exenci\u00f3n para las ganancias patrimoniales derivadas de la transmisi\u00f3n de cualquier bien de su patrimonio, que se a\u00f1ade a la actual exenci\u00f3n por transmisi\u00f3n de vivienda habitual de este colectivo. La nueva medida permite eximir de tributaci\u00f3n la renta obtenida por transmitir cualquier elemento patrimonial, sea mueble o inmueble (segunda y sucesivas viviendas y otros), siempre que el importe obtenido, con el l\u00edmite m\u00e1ximo de 240.000 euros, se reinvierta en la constituci\u00f3n de rentas vitalicias que complementen la pensi\u00f3n. Para beneficiarse de la exenci\u00f3n de la ganancia en el a\u00f1o en que se produce la alteraci\u00f3n del patrimonio, en el plazo m\u00e1ximo de seis meses desde \u00e9sta el importe total obtenido (hasta 240.000 euros) debe destinarse a constituir una renta vitalicia a favor del contribuyente. Si no se destina la totalidad del importe obtenido a la constituci\u00f3n de la renta vitalicia, la ganancia estar\u00e1 exenta en la parte que proporcionalmente corresponda.<\/em><\/p>\n<p style=\"text-align: justify;\"><em>\u00a0<\/em>&#8211;\u00a0\u00a0\u00a0\u00a0\u00a0\u00a0\u00a0\u00a0 <em>Se ampl\u00eda el beneficio fiscal asociado a los impuestos negativos por personas con discapacidad a cargo o familias numerosas. En concreto, en los supuestos en los que los contribuyentes tengan a su cargo ascendientes o descendientes con discapacidad, podr\u00e1n obtener 1.200 euros por cada ascendiente o descendiente. <\/em><\/p>\n<p style=\"text-align: justify;\"><em>\u00a0<\/em>&#8211;\u00a0\u00a0\u00a0\u00a0\u00a0\u00a0\u00a0\u00a0 <strong><em>Ampliaci\u00f3n de reducci\u00f3n por alquiler de vivienda <\/em><\/strong><em>que pasas <strong>\u00a0<\/strong><\/em><em>al 60% \u00a0a la que tendr\u00e1 derecho un arrendador por los rendimientos de capital inmobiliario derivados del alquiler de una vivienda. De esta forma, se unifica la reducci\u00f3n para todos los arrendamientos de vivienda y, a la vez, se mantiene el porcentaje general actualmente vigente.<\/em><\/p>\n<p style=\"text-align: justify;\"><em>\u00a0<\/em>&#8211;\u00a0\u00a0\u00a0\u00a0\u00a0\u00a0\u00a0\u00a0 <em>La reforma fiscal supondr\u00e1 en el caso del IRPF una importante rebaja de la carga fiscal. El n\u00famero de tramos se reduce de siete a cinco. El tipo m\u00ednimo pasa del 24,75% \u00a0al 20%, en 2015, y al 19%, en 2016. El tipo m\u00e1ximo de gravamen pasa del 52% \u00a0al 47%, en 2015, y al 45%, en 2016.<\/em><\/p>\n<p style=\"text-align: justify;\"><em>\u00a0<\/em>&#8211;\u00a0\u00a0\u00a0\u00a0\u00a0\u00a0\u00a0\u00a0\u00a0 <strong><em>Aut\u00f3nomos. <\/em><\/strong><em>La rebaja del IRPF implicar\u00e1 la bajada generalizada de retenciones. <span style=\"text-decoration: underline;\">El tipo de retenci\u00f3n del aut\u00f3nomo profesional con rentas inferiores a 15.000 euros anuales se reduce del 21 por 100 al 15 por 100.<\/span> \u00a0Ello est\u00e1 operativo desde el pasado mes de julio. Adem\u00e1s, la retenci\u00f3n para aut\u00f3nomos se reducir\u00e1 del 21% \u00a0al 20% \u00a0en 2015, y al 19% \u00a0en 2016. De igual forma, se mantiene el tipo de gravamen reducido del 15 por 100 para empresas de nueva creaci\u00f3n, incluido en la Ley de Emprendedores<\/em>.<\/p>\n<p style=\"text-align: justify;\">\u00a0&#8211;\u00a0\u00a0\u00a0\u00a0\u00a0\u00a0\u00a0\u00a0\u00a0 <strong><em>El Impuesto sobre Sociedades<\/em><\/strong><em> incorpora una bajada de tributaci\u00f3n y medidas para fomentar la competitividad de las empresas y simplificaci\u00f3n de deducciones. Con el fin de consolidar la aproximaci\u00f3n de la fiscalidad de las empresas a los pa\u00edses del entorno, el tipo de gravamen general se reducir\u00e1 desde el 30%\u00a0 al 28% , en 2015 \u00a0y al 25%, en 2016. Se crea una reserva de capitalizaci\u00f3n (minoraci\u00f3n del 10%\u00a0 de la base imponible por incremento de fondos propios) que sustituye a la actual deducci\u00f3n por reinversi\u00f3n de beneficios.<\/em><\/p>\n<p style=\"text-align: justify;\"><strong>APERTURA DE\u00a0 ESTABLECIMIENTOS COMERCIALES:<\/strong><\/p>\n<p style=\"text-align: justify;\"><strong>\u00a0<\/strong>\u00a0\u00a0\u00a0\u00a0\u00a0\u00a0\u00a0\u00a0\u00a0<em>Le\/s recordamos que\u00a0 el pr\u00f3ximo d\u00eda 7 de Septiembre (domingo) los comercios podr\u00e1n permanecer abiertos, seg\u00fan\u00a0 la Orden de 7 de Noviembre de 2013, de la Consejer\u00eda de Turismo y Comercio de la Junta de Andaluc\u00eda.<\/em><\/p>\n<p style=\"text-align: justify;\">\n","protected":false},"excerpt":{"rendered":"<p>\u00a0 \u00a0Nuevamente, este mes de Agosto\u00a0 les hacemos participarte de la circular que mensualmente se edita en mi Despacho profesional y que son novedades para tener en cuenta. APROBADO EL ESTATUTO DE LA V\u00cdCTIMA DEL DELITO. \u00a0\u00a0\u00a0\u00a0\u00a0\u00a0\u00a0\u00a0\u00a0 Como ya habr\u00e1\/n o\u00eddo\u00a0 en los medios de comunicaci\u00f3n, el Gobierno ha aprobado y trasladado a las Cortes [&hellip;]<\/p>\n","protected":false},"author":1,"featured_media":0,"comment_status":"open","ping_status":"open","sticky":false,"template":"","format":"standard","meta":{"footnotes":""},"categories":[3],"tags":[],"class_list":["post-1452","post","type-post","status-publish","format-standard","hentry","category-vida-profesional"],"_links":{"self":[{"href":"https:\/\/elblogdejoseblasfernandez.com\/index.php?rest_route=\/wp\/v2\/posts\/1452","targetHints":{"allow":["GET"]}}],"collection":[{"href":"https:\/\/elblogdejoseblasfernandez.com\/index.php?rest_route=\/wp\/v2\/posts"}],"about":[{"href":"https:\/\/elblogdejoseblasfernandez.com\/index.php?rest_route=\/wp\/v2\/types\/post"}],"author":[{"embeddable":true,"href":"https:\/\/elblogdejoseblasfernandez.com\/index.php?rest_route=\/wp\/v2\/users\/1"}],"replies":[{"embeddable":true,"href":"https:\/\/elblogdejoseblasfernandez.com\/index.php?rest_route=%2Fwp%2Fv2%2Fcomments&post=1452"}],"version-history":[{"count":5,"href":"https:\/\/elblogdejoseblasfernandez.com\/index.php?rest_route=\/wp\/v2\/posts\/1452\/revisions"}],"predecessor-version":[{"id":4694,"href":"https:\/\/elblogdejoseblasfernandez.com\/index.php?rest_route=\/wp\/v2\/posts\/1452\/revisions\/4694"}],"wp:attachment":[{"href":"https:\/\/elblogdejoseblasfernandez.com\/index.php?rest_route=%2Fwp%2Fv2%2Fmedia&parent=1452"}],"wp:term":[{"taxonomy":"category","embeddable":true,"href":"https:\/\/elblogdejoseblasfernandez.com\/index.php?rest_route=%2Fwp%2Fv2%2Fcategories&post=1452"},{"taxonomy":"post_tag","embeddable":true,"href":"https:\/\/elblogdejoseblasfernandez.com\/index.php?rest_route=%2Fwp%2Fv2%2Ftags&post=1452"}],"curies":[{"name":"wp","href":"https:\/\/api.w.org\/{rel}","templated":true}]}}