{"id":1476,"date":"2014-09-11T21:13:32","date_gmt":"2014-09-11T19:13:32","guid":{"rendered":"http:\/\/elblogdejoseblasfernandez.com\/?p=1476"},"modified":"2014-09-12T20:12:15","modified_gmt":"2014-09-12T18:12:15","slug":"san-blas-vuelve-a-cortegana","status":"publish","type":"post","link":"https:\/\/elblogdejoseblasfernandez.com\/?p=1476","title":{"rendered":"SAN BLAS VUELVE A CORTEGANA"},"content":{"rendered":"<p style=\"text-align: justify;\">\u00a0\u00a0\u00a0\u00a0\u00a0\u00a0 El pasado mes de Mayo, el Hermano Mayor de la Hermandad de la Virgen de la Piedad, a la cual pertenece\u00a0 la imagen de San Blas, co-patrono de la villa de Cortegana y situado a un lateral del altar principal de la Ermita del Castillo,\u00a0 donde se venera a la Virgen de la Piedad, Patrona de Cortegana y titular de dicha Hermandad, me propuso\u00a0 restaurar\u00a0 su imagen debido \u00a0\u00a0a su deterioro \u00a0tras el paso de los a\u00f1os para \u00a0ponerla en un buen estado de conservaci\u00f3n.\u00a0 Para ello y como\u00a0 tambi\u00e9n \u00a0se ofreci\u00f3\u00a0 para la pintura de la Virgen de la Piedad\u00a0 en un cuadro\u00a0 mi primo Mart\u00edn, pues decid\u00ed restaurar la imagen y todo ello, por qu\u00e9: pues muy sencillo, mi segundo nombre es Blas y\u00a0 as\u00ed me bautizaron por mi abuelo materno, natural de Cortegana y que \u00a0al venir en el siglo pasado a C\u00e1diz con motivo de su servicio militar obligatorio conoci\u00f3 a mi abuela, gaditana hasta la m\u00e9dula y formaron\u00a0 su matrimonio, por lo que mis ra\u00edces proceden de esa uni\u00f3n de Cortegana-C\u00e1diz. <\/p>\n<p style=\"text-align: justify;\">\u00a0\u00a0\u00a0\u00a0\u00a0\u00a0\u00a0\u00a0 Mi abuelo, por el que llevo mi nombre,\u00a0 gran comerciante y hombre trabajador ejemplar, se llamaba Jos\u00e9 Blas S\u00e1nchez Rold\u00e1n, al que conoc\u00ed\u00a0 pero cuando yo era muy peque\u00f1o \u00a0falleci\u00f3 tras\u00a0 una larga enfermedad. Dicho esto,\u00a0 y frente a San Blas que fue obispo y m\u00e9dico llamado Blas de Sebaste, el cual muri\u00f3 martirizado en el a\u00f1o 316 D.C. \u00a0es \u00a0muy venerado por los enfermos de garganta y los otorrinolaring\u00f3logos, de los cuales es su Patr\u00f3n, siendo su festividad el 3 de Febrero, fecha\u00a0 que anualmente la celebro, pues\u00a0 el nombre de Blas est\u00e1 muy identificado en mi persona.<\/p>\n<p style=\"text-align: justify;\">\u00a0\u00a0\u00a0\u00a0\u00a0\u00a0\u00a0\u00a0\u00a0Para su restauraci\u00f3n tuve la suerte de localizar al autor y Licenciado en Bellas Artes por la Universidad de Sevilla, <strong>Antonio \u00c1lvarez del Pino<\/strong>, el cual ha hecho un buen trabajo, pues la imagen presentaba \u00a0un estado de conservaci\u00f3n calamitoso, tanto en su estructura interna como externa, donde\u00a0 hasta la cabeza\u00a0 estaba desprendida del torso\u00a0 en un 95%, estando sujeta \u00fanicamente al pecho\u00a0 por el extremo inferior de la barba, con riesgo inminente de decapitaci\u00f3n, cosa que ocurri\u00f3 aqu\u00ed en C\u00e1diz tras su traslado \u00a0\u00a0\u00a0el d\u00eda 2 de Abril del presente a\u00f1o. El autor de la restauraci\u00f3n es para felicitarlo, pues la verdad\u00a0 que\u00a0 con su intervenci\u00f3n\u00a0\u00a0 ha dejado una imagen totalmente restaurada \u00a0y con unos colores \u00a0en su pintura dignos de\u00a0 contemplar, habiendo hecho todo su trabajo en el Colegio Arbol\u00ed de aqu\u00ed de C\u00e1diz, pues \u00a0me gusta incidir en que San Blas tambi\u00e9n ha estado en C\u00e1diz como mi abuelo, aunque haya sido por poco tiempo.<\/p>\n<p style=\"text-align: justify;\">\u00a0\u00a0\u00a0\u00a0\u00a0\u00a0\u00a0\u00a0 Tras todo ello, el pasado 30 de Agosto y en la Iglesia del Divino Salvador de Cortegana se firm\u00f3 Acta de Devoluci\u00f3n de la imagen restaurada y\u00a0 su Hermano Mayor, \u00a0Guillermo\u00a0 de la Noval Alves, en nombre de la Hermandad recibi\u00f3 de mis manos\u00a0 la Sagrada Imagen\u00a0 para que siga siendo venerada en la Ermita \u00a0del Castillo de Cortegana, siendo testigos de la entrega el sacerdote\u00a0 Manuel Sevillano Hierro y Mart\u00edn Jos\u00e9 Garc\u00eda S\u00e1nchez, tambi\u00e9n descendiente de Cortegana por la misma raz\u00f3n que yo y estando presente\u00a0 en nombre del Ayuntamiento su Alcalde, Jos\u00e9 Enrique Borrallo Romero, as\u00ed como el Teniente de Alcalde de Cultura, Jos\u00e9 Rafael Borrallo S\u00e1nchez, los cuales me dispensaron una magn\u00edfica acogida y me hicieron firmar en el Libro de Honor del Ayuntamiento, por lo que quiero expresar desde aqu\u00ed mi agradecimiento m\u00e1s sincero al Alcalde y a la Corporaci\u00f3n Municipal. <\/p>\n<p style=\"text-align: justify;\">\u00a0\u00a0\u00a0\u00a0\u00a0\u00a0\u00a0\u00a0 Debo recalcar que\u00a0 en este emotivo acto y con la Iglesia del Divino Salvador repleta de feligreses y corteganeses, \u00a0San Blas ha vuelto a lucir sus mejores galas\u00a0 en el lugar\u00a0 que siempre estuvo y, por supuesto, me siento orgulloso de mi Patr\u00f3n porque\u00a0 he sido patrocinador de restaurar una bella imagen digna de admiraci\u00f3n.<\/p>\n<p>\u00a0\u00a0\u00a0\u00a0\u00a0\u00a0\u00a0\u00a0 Hoy San Blas\u00a0 ha vuelto a Cortegana.<\/p>\n","protected":false},"excerpt":{"rendered":"<p>\u00a0\u00a0\u00a0\u00a0\u00a0\u00a0 El pasado mes de Mayo, el Hermano Mayor de la Hermandad de la Virgen de la Piedad, a la cual pertenece\u00a0 la imagen de San Blas, co-patrono de la villa de Cortegana y situado a un lateral del altar principal de la Ermita del Castillo,\u00a0 donde se venera a la Virgen de la Piedad, [&hellip;]<\/p>\n","protected":false},"author":1,"featured_media":0,"comment_status":"open","ping_status":"open","sticky":false,"template":"","format":"standard","meta":{"footnotes":""},"categories":[12],"tags":[],"class_list":["post-1476","post","type-post","status-publish","format-standard","hentry","category-vida-privada"],"_links":{"self":[{"href":"https:\/\/elblogdejoseblasfernandez.com\/index.php?rest_route=\/wp\/v2\/posts\/1476","targetHints":{"allow":["GET"]}}],"collection":[{"href":"https:\/\/elblogdejoseblasfernandez.com\/index.php?rest_route=\/wp\/v2\/posts"}],"about":[{"href":"https:\/\/elblogdejoseblasfernandez.com\/index.php?rest_route=\/wp\/v2\/types\/post"}],"author":[{"embeddable":true,"href":"https:\/\/elblogdejoseblasfernandez.com\/index.php?rest_route=\/wp\/v2\/users\/1"}],"replies":[{"embeddable":true,"href":"https:\/\/elblogdejoseblasfernandez.com\/index.php?rest_route=%2Fwp%2Fv2%2Fcomments&post=1476"}],"version-history":[{"count":3,"href":"https:\/\/elblogdejoseblasfernandez.com\/index.php?rest_route=\/wp\/v2\/posts\/1476\/revisions"}],"predecessor-version":[{"id":1484,"href":"https:\/\/elblogdejoseblasfernandez.com\/index.php?rest_route=\/wp\/v2\/posts\/1476\/revisions\/1484"}],"wp:attachment":[{"href":"https:\/\/elblogdejoseblasfernandez.com\/index.php?rest_route=%2Fwp%2Fv2%2Fmedia&parent=1476"}],"wp:term":[{"taxonomy":"category","embeddable":true,"href":"https:\/\/elblogdejoseblasfernandez.com\/index.php?rest_route=%2Fwp%2Fv2%2Fcategories&post=1476"},{"taxonomy":"post_tag","embeddable":true,"href":"https:\/\/elblogdejoseblasfernandez.com\/index.php?rest_route=%2Fwp%2Fv2%2Ftags&post=1476"}],"curies":[{"name":"wp","href":"https:\/\/api.w.org\/{rel}","templated":true}]}}