{"id":1487,"date":"2014-09-12T21:01:26","date_gmt":"2014-09-12T19:01:26","guid":{"rendered":"http:\/\/elblogdejoseblasfernandez.com\/?p=1487"},"modified":"2014-09-12T21:01:26","modified_gmt":"2014-09-12T19:01:26","slug":"la-apertura-del-ano-judicial-y-el-cutrerio-de-unos-juzgados-en-cadiz","status":"publish","type":"post","link":"https:\/\/elblogdejoseblasfernandez.com\/?p=1487","title":{"rendered":"LA  APERTURA DEL A\u00d1O JUDICIAL  Y EL CUTRERIO DE UNOS  JUZGADOS EN C\u00c1DIZ."},"content":{"rendered":"<p style=\"text-align: justify;\">\u00a0\u00a0\u00a0\u00a0\u00a0\u00a0\u00a0\u00a0 El pasado d\u00eda 9 del cte. mes de Septiembre, S.M. El Rey Felipe VI apertura por primera vez el a\u00f1o judicial en la sede del Tribunal Supremo, donde le acompa\u00f1aron\u00a0 tanto el Presidente\u00a0 de dicho Tribunal y del Consejo General del Poder Judicial, como el Fiscal General del Estado y el Ministro de Justicia, Alberto Ru\u00edz Gallard\u00f3n. Independientemente, \u00a0tambi\u00e9n lo hicieron los representantes de los\u00a0 Consejos Generales\u00a0 de Notarios, Graduados Sociales, Procuradores\u00a0 y Abogados, as\u00ed como\u00a0 Magistrados, Vocales del Consejo General del Poder Judicial, miembros de las Comisiones de Justicia del Congreso y del Senado y un largo etc\u00e9tera que\u00a0 en un solemne acto y brillante ceremonia dieron \u00a0\u00a0esplendor a lo que debe ser\u00a0 el mundo de la Justicia.<\/p>\n<p style=\"text-align: justify;\">\n<p style=\"text-align: justify;\">\u00a0\u00a0\u00a0\u00a0\u00a0\u00a0\u00a0\u00a0 Esto, que lo comparto, pues he asistido por mi condici\u00f3n de Presidente del Consejo General y hoy como miembro de la Comisi\u00f3n de\u00a0 Justicia del Senado, refleja c\u00f3mo quienes somos operadores jur\u00eddicos y quienes forman parte de la judicatura con su\u00a0 togas y sus condecoraciones le dan brillantez a un acto donde\u00a0 la presencia del \u00a0Rey \u00a0\u00a0hace que todos\u00a0 los que trabajamos en ese mundo \u00a0nos sintamos orgullosos de su organizaci\u00f3n y reflejo. \u00a0\u00a0Pero si esto es as\u00ed y as\u00ed debe ser en toda Espa\u00f1a, en una sede judicial como ocurre\u00a0 en la sede de los Juzgados de lo Social de C\u00e1diz, sigue\u00a0 siendo cutre\u00a0 todo el contenido\u00a0 que rodea a \u00e9stos, pues\u00a0 encontrarnos como lo hacemos en las oficinas de un estadio de futbol, \u00a0con salas \u00a0de vistas rid\u00edculas y pasillos llenos de panfletos donde los funcionarios\u00a0 reivindican sus derechos, cosa que entiendo debe estar aglutinada en un tabl\u00f3n de anuncios, as\u00ed como\u00a0 con \u00a0pasillos sucios e impresentables, m\u00e1s grave a\u00fan \u00a0es que nos encontremos\u00a0 que la foto\u00a0 que preside \u00a0una de las salas de vistas est\u00e9 recortada de un peri\u00f3dico y la nueva figura de S.M. El Rey Felipe VI, \u00a0sin toga, est\u00e9 pegada en el cristal de la\u00a0 foto de su padre Juan Carlos I, algo indigno y rid\u00edculo, ya que \u00a0su autor o autores,\u00a0 o han querido hacer la mofa de quien preside esos actos, o desde luego, no tienen\u00a0 ni estilo ni respeto\u00a0 a lo que significa \u00a0una sede judicial.<\/p>\n<p style=\"text-align: justify;\">\u00a0<\/p>\n<p style=\"text-align: justify;\">\u00a0\u00a0\u00a0\u00a0\u00a0\u00a0<\/p>\n<p style=\"text-align: justify;\">\u00a0\u00a0 Claro, que si miramos los maceteros que adornan el pasillo, nos encontraremos\u00a0 con\u00a0 una vasija de pl\u00e1stico donde en su\u00a0 interior\u00a0 le colocan una revista del Consejo General del Poder Judicial, totalmente visible y\u00a0 protege dicha revista\u00a0 a unas hojas o ramas secas\u00a0 impresentables por su\u00a0 forma y especie. Es decir, que mientras en Madrid se hacen las cosas como es debido, aqu\u00ed algunos campan por su respecto y encima servimos de \u201ccachondeo\u201d con estos dos ejemplos donde\u00a0 cualquier persona o justiciable que vaya al Juzgado no sabr\u00e1 si est\u00e1 ante un Tribunal o ante el mercadillo\u00a0 o baratillo de la Plaza de Las Flores. Por mi parte, quiero dejar constancia de lo deplorable e indigno que supone esto y pido a quien corresponda que intervenga por el respeto de los que all\u00ed trabajamos y, en especial, por los Magistrados, Secretarios Judiciales, Fiscales, Graduados Sociales y Abogados, que somos los que junto con los funcionarios damos todos los d\u00edas la cara sobre la maltrecha situaci\u00f3n de la Justicia.<\/p>\n","protected":false},"excerpt":{"rendered":"<p>\u00a0\u00a0\u00a0\u00a0\u00a0\u00a0\u00a0\u00a0 El pasado d\u00eda 9 del cte. mes de Septiembre, S.M. El Rey Felipe VI apertura por primera vez el a\u00f1o judicial en la sede del Tribunal Supremo, donde le acompa\u00f1aron\u00a0 tanto el Presidente\u00a0 de dicho Tribunal y del Consejo General del Poder Judicial, como el Fiscal General del Estado y el Ministro de Justicia, [&hellip;]<\/p>\n","protected":false},"author":1,"featured_media":0,"comment_status":"open","ping_status":"open","sticky":false,"template":"","format":"standard","meta":{"footnotes":""},"categories":[3],"tags":[],"class_list":["post-1487","post","type-post","status-publish","format-standard","hentry","category-vida-profesional"],"_links":{"self":[{"href":"https:\/\/elblogdejoseblasfernandez.com\/index.php?rest_route=\/wp\/v2\/posts\/1487","targetHints":{"allow":["GET"]}}],"collection":[{"href":"https:\/\/elblogdejoseblasfernandez.com\/index.php?rest_route=\/wp\/v2\/posts"}],"about":[{"href":"https:\/\/elblogdejoseblasfernandez.com\/index.php?rest_route=\/wp\/v2\/types\/post"}],"author":[{"embeddable":true,"href":"https:\/\/elblogdejoseblasfernandez.com\/index.php?rest_route=\/wp\/v2\/users\/1"}],"replies":[{"embeddable":true,"href":"https:\/\/elblogdejoseblasfernandez.com\/index.php?rest_route=%2Fwp%2Fv2%2Fcomments&post=1487"}],"version-history":[{"count":1,"href":"https:\/\/elblogdejoseblasfernandez.com\/index.php?rest_route=\/wp\/v2\/posts\/1487\/revisions"}],"predecessor-version":[{"id":1492,"href":"https:\/\/elblogdejoseblasfernandez.com\/index.php?rest_route=\/wp\/v2\/posts\/1487\/revisions\/1492"}],"wp:attachment":[{"href":"https:\/\/elblogdejoseblasfernandez.com\/index.php?rest_route=%2Fwp%2Fv2%2Fmedia&parent=1487"}],"wp:term":[{"taxonomy":"category","embeddable":true,"href":"https:\/\/elblogdejoseblasfernandez.com\/index.php?rest_route=%2Fwp%2Fv2%2Fcategories&post=1487"},{"taxonomy":"post_tag","embeddable":true,"href":"https:\/\/elblogdejoseblasfernandez.com\/index.php?rest_route=%2Fwp%2Fv2%2Ftags&post=1487"}],"curies":[{"name":"wp","href":"https:\/\/api.w.org\/{rel}","templated":true}]}}