{"id":1507,"date":"2014-10-01T20:01:57","date_gmt":"2014-10-01T18:01:57","guid":{"rendered":"http:\/\/elblogdejoseblasfernandez.com\/?p=1507"},"modified":"2014-10-01T20:01:57","modified_gmt":"2014-10-01T18:01:57","slug":"comunicacion-del-poder-judicial-el-tribunal-supremo-condena-a-un-funcionario-de-la-seguridad-social","status":"publish","type":"post","link":"https:\/\/elblogdejoseblasfernandez.com\/?p=1507","title":{"rendered":"COMUNICACION DEL PODER JUDICIAL: EL TRIBUNAL SUPREMO CONDENA A UN FUNCIONARIO DE LA SEGURIDAD SOCIAL"},"content":{"rendered":"<p style=\"text-align: justify;\">Mi\u00e9rcoles, 1 de octubre de 2014<\/p>\n<p style=\"text-align: justify;\"><strong>El Supremo condena a tres a\u00f1os y medio de prisi\u00f3n a un funcionario de la Seguridad Social por revelar datos de trabajadores y empresas<\/strong><\/p>\n<p style=\"text-align: justify;\"><em>Revoca la decisi\u00f3n de la Audiencia Provincial de Valladolid, que le absolvi\u00f3<\/em><\/p>\n<p style=\"text-align: justify;\">Autor:\u00a0<strong>Comunicaci\u00f3n Poder Judicial<\/strong><\/p>\n<p style=\"text-align: justify;\">El Tribunal Supremo ha condenado a tres a\u00f1os y seis meses de c\u00e1rcel a un funcionario de la Seguridad Social por pasar datos de trabajadores y empresas al jefe de seguridad de El Corte Ingl\u00e9s en Valladolid y a agentes de la Polic\u00eda y la Guardia Civil, con quienes manten\u00eda una relaci\u00f3n personal. <\/p>\n<p style=\"text-align: justify;\">El alto tribunal revoca la absoluci\u00f3n dictada por la Audiencia de Valladolid, provincia donde trabajaba el funcionario, y considera que cometi\u00f3 un delito de revelaci\u00f3n de datos de car\u00e1cter personal, por lo que, adem\u00e1s de a la pena de c\u00e1rcel, es condenado a inhabilitaci\u00f3n absoluta por seis a\u00f1os y a pagar una multa de 3.240 euros.<\/p>\n<p style=\"text-align: justify;\">La Audiencia vallisoletana le absolvi\u00f3 al entender que su conducta encajaba en el uso indebido de informaci\u00f3n por parte de funcionario (art\u00edculo 417 del C\u00f3digo Penal) y no en el de acceso a datos reservados de car\u00e1cter personal por el que acusaba la Fiscal\u00eda (art\u00edculos 197 y 198 del C\u00f3digo), por lo que en virtud del principio acusatorio no proced\u00eda la condena.<\/p>\n<p style=\"text-align: justify;\">\n<p style=\"text-align: justify;\">El Supremo no comparte ese criterio e indica que una cosa es que como funcionario de la Tesorer\u00eda de la Seguridad Social \u00a0estuviera autorizado para acceder a determinadas bases de datos a trav\u00e9s de una clave, y otra que esa autorizaci\u00f3n amparase el acceso a tales bases al margen de cualquier expediente o actuaci\u00f3n oficial.<\/p>\n<p style=\"text-align: justify;\">El funcionario pasaba los datos obtenidos -muchos de ellos no pertenecientes al \u00e1mbito provincial de Valladolid- tambi\u00e9n a mutuas laborales, sin que se haya acreditado que cobrara remuneraci\u00f3n por ello.<\/p>\n<p style=\"text-align: justify;\">\u00a0<\/p>\n","protected":false},"excerpt":{"rendered":"<p>Mi\u00e9rcoles, 1 de octubre de 2014 El Supremo condena a tres a\u00f1os y medio de prisi\u00f3n a un funcionario de la Seguridad Social por revelar datos de trabajadores y empresas Revoca la decisi\u00f3n de la Audiencia Provincial de Valladolid, que le absolvi\u00f3 Autor:\u00a0Comunicaci\u00f3n Poder Judicial El Tribunal Supremo ha condenado a tres a\u00f1os y seis [&hellip;]<\/p>\n","protected":false},"author":1,"featured_media":0,"comment_status":"open","ping_status":"open","sticky":false,"template":"","format":"standard","meta":{"footnotes":""},"categories":[1],"tags":[],"class_list":["post-1507","post","type-post","status-publish","format-standard","hentry","category-sin-categoria"],"_links":{"self":[{"href":"https:\/\/elblogdejoseblasfernandez.com\/index.php?rest_route=\/wp\/v2\/posts\/1507","targetHints":{"allow":["GET"]}}],"collection":[{"href":"https:\/\/elblogdejoseblasfernandez.com\/index.php?rest_route=\/wp\/v2\/posts"}],"about":[{"href":"https:\/\/elblogdejoseblasfernandez.com\/index.php?rest_route=\/wp\/v2\/types\/post"}],"author":[{"embeddable":true,"href":"https:\/\/elblogdejoseblasfernandez.com\/index.php?rest_route=\/wp\/v2\/users\/1"}],"replies":[{"embeddable":true,"href":"https:\/\/elblogdejoseblasfernandez.com\/index.php?rest_route=%2Fwp%2Fv2%2Fcomments&post=1507"}],"version-history":[{"count":2,"href":"https:\/\/elblogdejoseblasfernandez.com\/index.php?rest_route=\/wp\/v2\/posts\/1507\/revisions"}],"predecessor-version":[{"id":1512,"href":"https:\/\/elblogdejoseblasfernandez.com\/index.php?rest_route=\/wp\/v2\/posts\/1507\/revisions\/1512"}],"wp:attachment":[{"href":"https:\/\/elblogdejoseblasfernandez.com\/index.php?rest_route=%2Fwp%2Fv2%2Fmedia&parent=1507"}],"wp:term":[{"taxonomy":"category","embeddable":true,"href":"https:\/\/elblogdejoseblasfernandez.com\/index.php?rest_route=%2Fwp%2Fv2%2Fcategories&post=1507"},{"taxonomy":"post_tag","embeddable":true,"href":"https:\/\/elblogdejoseblasfernandez.com\/index.php?rest_route=%2Fwp%2Fv2%2Ftags&post=1507"}],"curies":[{"name":"wp","href":"https:\/\/api.w.org\/{rel}","templated":true}]}}