{"id":1513,"date":"2014-10-02T21:22:51","date_gmt":"2014-10-02T19:22:51","guid":{"rendered":"http:\/\/elblogdejoseblasfernandez.com\/?p=1513"},"modified":"2014-10-02T21:22:51","modified_gmt":"2014-10-02T19:22:51","slug":"despidos-encubiertos-en-la-agencia-de-vivienda-y-rehabilitacion-de-andalucia-avra","status":"publish","type":"post","link":"https:\/\/elblogdejoseblasfernandez.com\/?p=1513","title":{"rendered":"DESPIDOS ENCUBIERTOS EN LA AGENCIA DE VIVIENDA  Y REHABILITACI\u00d3N DE ANDALUC\u00cdA (AVRA)"},"content":{"rendered":"<p style=\"text-align: justify;\">\u00a0\u00a0\u00a0\u00a0\u00a0\u00a0\u00a0\u00a0 Desde la entrada en el Gobierno Andaluz de Izquierda Unida, donde entre otros logros, pese a ser\u00a0 partido perdedor en las elecciones andaluzas, firm\u00f3 el Pacto de Gobierno con el PSOE, \u00e9sta se hizo cargo de la antigua EPSA, hoy AVRA y\u00a0 bajo la tutela de Izquierda\u00a0 Unida\u00a0 y tras m\u00faltiples promesas que han quedado en saco\u00a0 roto y lo\u00a0 que es m\u00e1s importante, no recupera el parque p\u00fablico de viviendas, \u00a0han \u00a0iniciado despidos encubiertos para los trabajadores de esa Agencia de Vivienda. Es curioso ver c\u00f3mo\u00a0 est\u00e1n \u00a0desmantelando centros de trabajo y las siete oficinas que\u00a0 posee las est\u00e1n dejando\u00a0 sin valor humano alguno.<\/p>\n<p style=\"text-align: justify;\">\u00a0\u00a0\u00a0\u00a0\u00a0\u00a0\u00a0\u00a0\u00a0 Ahora se amparan en la reforma laboral y\u00a0 mencionan\u00a0 \u201cel desequilibrio patente del personal de la Agencia\u201d y\u00a0 han iniciado Expedientes de Regulaci\u00f3n de Empleo \u00a0bajo la excusa de la redistribuci\u00f3n de personal por las distintas Gerencias Provinciales, justificando internalizar el servicio, \u00a0han empezado a trasladar a su personal \u00a0\u00a0en base al art\u00edculo 40 del Estatuto de los Trabajadores y est\u00e1n practicando comunicaciones \u00a0de movilidad\u00a0 geogr\u00e1fica de puestos \u00a0de trabajo para que en el plazo de 30 d\u00edas los que trabajan en C\u00e1diz se desplacen a Ja\u00e9n y \u00a0los de\u00a0 Huelva vayan a Almer\u00eda, \u00a0por ejemplo. Es decir, intercambian de punta a punta de Andaluc\u00eda a gran parte de la plantilla\u00a0 porque \u00a0de antemano saben que renunciar\u00e1n a esos traslados y por ende ir\u00e1n al desempleo con 20 d\u00edas de indemnizaci\u00f3n por a\u00f1o de servicio. Esto lo est\u00e1 haciendo la Consejer\u00eda matriz de Fomento y Vivienda que tutela Izquierda Unida. Es decir, al\u00a0 personal administrativo y auxiliar administrativo, a las trabajadoras sociales y a los Licenciados en Derecho, les est\u00e1n practicando\u00a0\u00a0 un despido encubierto y centrados est\u00e1n en este movimiento los que se encuentran en las gerencias de Huelva, C\u00f3rdoba, Ja\u00e9n, Granada, Almer\u00eda y M\u00e1laga.<\/p>\n<p style=\"text-align: justify;\">\n<p style=\"text-align: justify;\">\u00a0\u00a0\u00a0\u00a0\u00a0\u00a0\u00a0\u00a0 En resumen, aplican la movilidad geogr\u00e1fica, los trabajadores renuncian porque con un sueldo aproximado de \u00a0unos 800 euros no tienen capacidad econ\u00f3mica para trasladarse a otra ciudad de Andaluc\u00eda, \u00a0donde tienen que afrontar\u00a0 gastos\u00a0 de nueva vivienda, desplazamientos, cargas familiares, trabajos en origen de c\u00f3nyuges, etc. etc. y\u00a0 optan por\u00a0 la indemnizaci\u00f3n de 20 d\u00edas de salario y el desempleo.\u00a0 <\/p>\n<p style=\"text-align: justify;\">\u00a0\u00a0\u00a0\u00a0\u00a0\u00a0\u00a0\u00a0 Esta es la pol\u00edtica de Izquierda Unida, donde\u00a0 la mayor\u00eda comulgan con CCOO y donde el ejemplo de velar por los intereses de los trabajadores es una aut\u00e9ntica pantomima. Sin embargo,\u00a0 iban detr\u00e1s de las pancartas criticando la reforma laboral de Rajoy y hoy, precisamente son los que\u00a0 mejor la interpretan y nadie les gana en la aplicaci\u00f3n de ella y mientras el PSOE de comparsa\u00a0 en esta \u201cferia\u201d de los trabajadores. Vivir para ver.<\/p>\n<p style=\"text-align: justify;\">\n<p style=\"text-align: justify;\">\u00a0<\/p>\n","protected":false},"excerpt":{"rendered":"<p>\u00a0\u00a0\u00a0\u00a0\u00a0\u00a0\u00a0\u00a0 Desde la entrada en el Gobierno Andaluz de Izquierda Unida, donde entre otros logros, pese a ser\u00a0 partido perdedor en las elecciones andaluzas, firm\u00f3 el Pacto de Gobierno con el PSOE, \u00e9sta se hizo cargo de la antigua EPSA, hoy AVRA y\u00a0 bajo la tutela de Izquierda\u00a0 Unida\u00a0 y tras m\u00faltiples promesas que han [&hellip;]<\/p>\n","protected":false},"author":1,"featured_media":0,"comment_status":"open","ping_status":"open","sticky":false,"template":"","format":"standard","meta":{"footnotes":""},"categories":[4],"tags":[],"class_list":["post-1513","post","type-post","status-publish","format-standard","hentry","category-vida-publica"],"_links":{"self":[{"href":"https:\/\/elblogdejoseblasfernandez.com\/index.php?rest_route=\/wp\/v2\/posts\/1513","targetHints":{"allow":["GET"]}}],"collection":[{"href":"https:\/\/elblogdejoseblasfernandez.com\/index.php?rest_route=\/wp\/v2\/posts"}],"about":[{"href":"https:\/\/elblogdejoseblasfernandez.com\/index.php?rest_route=\/wp\/v2\/types\/post"}],"author":[{"embeddable":true,"href":"https:\/\/elblogdejoseblasfernandez.com\/index.php?rest_route=\/wp\/v2\/users\/1"}],"replies":[{"embeddable":true,"href":"https:\/\/elblogdejoseblasfernandez.com\/index.php?rest_route=%2Fwp%2Fv2%2Fcomments&post=1513"}],"version-history":[{"count":1,"href":"https:\/\/elblogdejoseblasfernandez.com\/index.php?rest_route=\/wp\/v2\/posts\/1513\/revisions"}],"predecessor-version":[{"id":1518,"href":"https:\/\/elblogdejoseblasfernandez.com\/index.php?rest_route=\/wp\/v2\/posts\/1513\/revisions\/1518"}],"wp:attachment":[{"href":"https:\/\/elblogdejoseblasfernandez.com\/index.php?rest_route=%2Fwp%2Fv2%2Fmedia&parent=1513"}],"wp:term":[{"taxonomy":"category","embeddable":true,"href":"https:\/\/elblogdejoseblasfernandez.com\/index.php?rest_route=%2Fwp%2Fv2%2Fcategories&post=1513"},{"taxonomy":"post_tag","embeddable":true,"href":"https:\/\/elblogdejoseblasfernandez.com\/index.php?rest_route=%2Fwp%2Fv2%2Ftags&post=1513"}],"curies":[{"name":"wp","href":"https:\/\/api.w.org\/{rel}","templated":true}]}}