{"id":1523,"date":"2014-10-06T21:08:38","date_gmt":"2014-10-06T19:08:38","guid":{"rendered":"http:\/\/elblogdejoseblasfernandez.com\/?p=1523"},"modified":"2014-10-06T21:08:38","modified_gmt":"2014-10-06T19:08:38","slug":"convocadas-nuevas-elecciones-a-las-salas-de-gobierno-de-los-tribunales-de-justicia-de-espana","status":"publish","type":"post","link":"https:\/\/elblogdejoseblasfernandez.com\/?p=1523","title":{"rendered":"CONVOCADAS NUEVAS ELECCIONES  A LAS SALAS DE GOBIERNO DE LOS TRIBUNALES DE JUSTICIA DE ESPA\u00d1A."},"content":{"rendered":"<p style=\"text-align: justify;\">\u00a0\u00a0\u00a0\u00a0\u00a0\u00a0\u00a0\u00a0 Los m\u00e1s de\u00a0 cinco mil Jueces espa\u00f1oles tendr\u00e1n que votar a sus representantes en los \u00d3rganos de Gobierno del Tribunal Supremo, Audiencia Nacional y los TSJ, el pr\u00f3ximo 26 de Noviembre, todo ello, convocado\u00a0 por la Comisi\u00f3n Permanente del Consejo General del Poder Judicial.<\/p>\n<p style=\"text-align: justify;\">\u00a0\u00a0\u00a0\u00a0\u00a0\u00a0\u00a0\u00a0\u00a0 El 26 de Noviembre de 2009 se eligieron los miembros de estas Salas de Gobierno y ahora, a los cinco a\u00f1os, toca su renovaci\u00f3n, por lo que acudiremos al oportuno proceso electoral que de manera conjunta y \u00fanica se har\u00e1n para todas las Salas de Gobierno de Espa\u00f1a.<\/p>\n<p style=\"text-align: justify;\">\n<p style=\"text-align: justify;\">\u00a0\u00a0\u00a0\u00a0\u00a0\u00a0\u00a0\u00a0\u00a0 En el Tribunal Supremo se designaran a cinco Magistrados titulares y cinco sustitutos, para la Sala de Gobierno de la Audiencia Nacional, tres titulares y tres de sustitutos y finalmente, las 17 Salas de Gobierno de los Tribunales Superiores de Justicia, tambi\u00e9n elegir\u00e1n a los correspondientes titulares y suplentes. As\u00ed habr\u00e1 de elegirse 15 Magistrados titulares y 15 sustitutos en el TSJ de Andaluc\u00eda, 14 en Castilla y Le\u00f3n, 8 en Castilla La Mancha, 7 en Canarias, Catalu\u00f1a y Galicia, 6 en Arag\u00f3n, Comunidad Valenciana y Pa\u00eds Vasco; 5 en Extremadura y 4 Magistrados titulares y 4 sustitutos en Asturias, Baleares, Cantabria, Madrid, Murcia, Navarra y La Rioja.<\/p>\n<p style=\"text-align: justify;\">\u00a0\u00a0\u00a0\u00a0\u00a0\u00a0\u00a0\u00a0\u00a0 Creo que el pr\u00f3ximo 26 de Noviembre habr\u00e1 un importante cambio en los \u00d3rganos de Gobierno de los Jueces y es hora de que\u00a0 la\u00a0 uniformidad, el sentido com\u00fan, el no ir cada uno por un sitio y el ser conscientes del momento que se atraviesa sea decisivo para este Poder Judicial del que tanto esperan los espa\u00f1oles y que se deje a un lado el corporativismo y de una vez por otra la responsabilidad disciplinaria\u00a0 tambi\u00e9n sea tarjeta de visita en todos los \u00d3rganos Jurisdiccionales, pues los Jueces son independientes, pero en muchos Juzgados hay que poner orden \u00a0y cordura y eso es responsabilidad de los \u00d3rganos de Gobierno, no del justiciable. As\u00ed que los operadores jur\u00eddicos nos encontraremos\u00a0 m\u00e1s\u00a0 aglutinados\u00a0 si tambi\u00e9n vemos\u00a0 a unos Jueces \u00a0serios y comprometidos, pues todos formamos la familia que envuelve \u00a0\u00a0a LA JUSTICIA ESPA\u00d1OLA.<\/p>\n<p><strong>\u00a0<\/strong><\/p>\n<p>&nbsp;<\/p>\n","protected":false},"excerpt":{"rendered":"<p>\u00a0\u00a0\u00a0\u00a0\u00a0\u00a0\u00a0\u00a0 Los m\u00e1s de\u00a0 cinco mil Jueces espa\u00f1oles tendr\u00e1n que votar a sus representantes en los \u00d3rganos de Gobierno del Tribunal Supremo, Audiencia Nacional y los TSJ, el pr\u00f3ximo 26 de Noviembre, todo ello, convocado\u00a0 por la Comisi\u00f3n Permanente del Consejo General del Poder Judicial. \u00a0\u00a0\u00a0\u00a0\u00a0\u00a0\u00a0\u00a0\u00a0 El 26 de Noviembre de 2009 se eligieron los [&hellip;]<\/p>\n","protected":false},"author":1,"featured_media":0,"comment_status":"open","ping_status":"open","sticky":false,"template":"","format":"standard","meta":{"footnotes":""},"categories":[3],"tags":[],"class_list":["post-1523","post","type-post","status-publish","format-standard","hentry","category-vida-profesional"],"_links":{"self":[{"href":"https:\/\/elblogdejoseblasfernandez.com\/index.php?rest_route=\/wp\/v2\/posts\/1523","targetHints":{"allow":["GET"]}}],"collection":[{"href":"https:\/\/elblogdejoseblasfernandez.com\/index.php?rest_route=\/wp\/v2\/posts"}],"about":[{"href":"https:\/\/elblogdejoseblasfernandez.com\/index.php?rest_route=\/wp\/v2\/types\/post"}],"author":[{"embeddable":true,"href":"https:\/\/elblogdejoseblasfernandez.com\/index.php?rest_route=\/wp\/v2\/users\/1"}],"replies":[{"embeddable":true,"href":"https:\/\/elblogdejoseblasfernandez.com\/index.php?rest_route=%2Fwp%2Fv2%2Fcomments&post=1523"}],"version-history":[{"count":2,"href":"https:\/\/elblogdejoseblasfernandez.com\/index.php?rest_route=\/wp\/v2\/posts\/1523\/revisions"}],"predecessor-version":[{"id":1528,"href":"https:\/\/elblogdejoseblasfernandez.com\/index.php?rest_route=\/wp\/v2\/posts\/1523\/revisions\/1528"}],"wp:attachment":[{"href":"https:\/\/elblogdejoseblasfernandez.com\/index.php?rest_route=%2Fwp%2Fv2%2Fmedia&parent=1523"}],"wp:term":[{"taxonomy":"category","embeddable":true,"href":"https:\/\/elblogdejoseblasfernandez.com\/index.php?rest_route=%2Fwp%2Fv2%2Fcategories&post=1523"},{"taxonomy":"post_tag","embeddable":true,"href":"https:\/\/elblogdejoseblasfernandez.com\/index.php?rest_route=%2Fwp%2Fv2%2Ftags&post=1523"}],"curies":[{"name":"wp","href":"https:\/\/api.w.org\/{rel}","templated":true}]}}