{"id":1535,"date":"2014-10-14T20:57:39","date_gmt":"2014-10-14T18:57:39","guid":{"rendered":"http:\/\/elblogdejoseblasfernandez.com\/?p=1535"},"modified":"2014-10-14T20:57:39","modified_gmt":"2014-10-14T18:57:39","slug":"tarjeta-roja-a-las-tarjetas-negras","status":"publish","type":"post","link":"https:\/\/elblogdejoseblasfernandez.com\/?p=1535","title":{"rendered":"TARJETA ROJA A LAS TARJETAS NEGRAS"},"content":{"rendered":"<p style=\"text-align: justify;\">Quiero trasladar, a traves de mi blog, un art\u00edculo de mi amigo Alejandro Mu\u00f1oz-Alonso cuyo titulo es \u00abTarjeta Roja a las Tarjetas Negras\u00bb,\u00a0 cuyo contenido me parece\u00a0 muy acertado y considero que\u00a0hay que darle publicidad:<\/p>\n<p style=\"text-align: justify;\">\n<p style=\"text-align: justify;\" align=\"center\"><strong>\u00a0<em>\u00ab<\/em><\/strong><em><strong>TARJETA ROJA A LAS TARJETAS NEGRAS<\/strong><\/em><\/p>\n<p style=\"text-align: justify;\"><em>\u00a0Luis de Guindos \u2013que ha sido y es punta de lanza en la lucha contra la crisis econ\u00f3mica, especialmente en sus aspectos internacionales- ha dicho, a prop\u00f3sito del escandaloso asunto de las tarjetas \u201cnegras\u201d u \u201copacas\u201d de Caja Madrid que tal cosa \u201cle revuelve el est\u00f3mago\u201d. No puedo estar m\u00e1s de acuerdo con \u00e9l. Esta suciedad de alba\u00f1al revuelve el est\u00f3mago a cualquier persona que tenga una m\u00ednima idea de lo que es el servicio p\u00fablico y a m\u00ed me produce n\u00e1useas tanto la desverg\u00fcenza de quienes asignan o asignaron tales tarjetas como de sus usuarios. La fingida ingenuidad de estos \u00faltimos, afirmando que todo era legal o que, simplemente, cumpl\u00edan instrucciones, me parece un eco remoto de aquellos viejos tiempos, en buena hora dejados atr\u00e1s, cuando el cumplimiento de \u00f3rdenes superiores pretend\u00eda justificar todos los horrores.<\/em><\/p>\n<p style=\"text-align: justify;\"><em>Hace falta tener alma de c\u00e1ntaro y la sensibilidad de un mosquito para hacerse el loco escud\u00e1ndose en un supuesto o real permiso superior para dilapidar fondos sometidos, precisamente, a la custodia de quienes hacen o permiten tan irresponsables abusos. Eso siempre es un crimen contra los ciudadanos a quienes tales personajes est\u00e1n obligados a servir. Y si tal latrocinio se comete en un momento en que tantos espa\u00f1oles han batallado y batallan contra una brutal y cruel crisis econ\u00f3mica, se ven en esa terrible exclusi\u00f3n social que es el desempleo o soportan estoicamente la p\u00e9rdida de su poder adquisitivo y la congelaci\u00f3n de su salarios, entonces nos hallamos ante un crimen continuado que clama al cielo y exige una reparaci\u00f3n plena, por muchas normas internas (\u00bfpero pueden existir ese tipo de normas?) que se aduzcan como pretendida justificaci\u00f3n.\u00a0<\/em><\/p>\n<p style=\"text-align: justify;\"><em>Los focos de la informaci\u00f3n period\u00edstica se han fijado, justamente, en el caso de Caja Madrid que, a juzgar por esas noticias, ten\u00eda ciertas semejanzas con la cueva de Alibab\u00e1 (nombre por cierto, ahora, de un exitoso fondo chino). Pero todos sabemos muy bien que el caso madrile\u00f1o no es una excepci\u00f3n en un supuestamente pl\u00e1cido panorama de las cajas de ahorro. En su conjunto, las cajas han sido la parte m\u00e1s escandalosa del sistema financiero que, por su generalizado desgobierno, pusieron a este Ejecutivo en la necesidad de solicitar de la UE un pr\u00e9stamo para remediar el naufragio de estas instituciones pretendidamente \u201csociales\u201d, con todo lo que eso significa. Y no se trata de salvar a los bancos, que tienen su buena parte de culpa, pero nada comparable con la ca\u00f3tica org\u00eda de las cajas, a las que sus estatutos encomendaron alta finalidades de servicio a los ciudadanos, especialmente a los econ\u00f3micamente m\u00e1s d\u00e9biles.<\/em><\/p>\n<p style=\"text-align: justify;\"><em>Sin m\u00e1s que repasar la hemeroteca, sabemos que esc\u00e1ndalos similares se han producido en la Castilla-La Mancha de Bono- Barreda; en Catalu\u00f1a, con un antiguo vicepresidente como gestor de una de esa cajas y con los nacionalistas dedicados su deporte favorito de chupar del bote a costa de los dineros p\u00fablicos; en Andaluc\u00eda, cortijo socialista que se transmite de una generaci\u00f3n a otra como si nuestro sur fuera una Corea del Norte. Y no se salvan Valencia, Galicia y tantos otros casos que cuesta trabajo recordar, por higiene mental, para evitar las n\u00e1useas y el est\u00f3mago revuelto. No encuentro una palabra en espa\u00f1ol (despu\u00e9s de consultar el Casares y el Mar\u00eda Moliner) para expresar todo lo que ha sido este desenfrenado carnaval financiero, que tanto nos ha costado. No puede extra\u00f1ar que algunos espa\u00f1oles, ante este esc\u00e1ndalo, se pregunten c\u00f3mo es posible que quede todav\u00eda dinero en esta Espa\u00f1a que, en a\u00f1os pasados, antes de la crisis y durante la crisis, se ha parecido mucho a un gigantesco puerto de arrebatacapas. Las capas, por supuesto del espa\u00f1olito medio, arrebatadas por la pandilla de sinverg\u00fcenzas de todos los colores pol\u00edticos y sindicales.<\/em><\/p>\n<p style=\"text-align: justify;\"><em>La politizaci\u00f3n de las cajas, con sus puestos para uso de pol\u00edticos y sindicalistas premiados a saber por qu\u00e9 (pero, dada su constatada conducta, por nada noble o digno) ha sido la ra\u00edz del mal que, esperemos, no vuelva a repetirse. Las instituciones financieras deben estar regidas por profesionales de las finanzas y nunca pueden convertirse en el pesebre para pagar perrunas fidelidades pol\u00edticas. Y a las personas que ocupan las c\u00fapulas de estas instituciones tampoco pueden asignarse (o autoasignarse) sueldos escandalosos a distancias gal\u00e1cticas de los que trabajosamente ingresan cada mes los espa\u00f1olitos medios. Hace veinticinco siglos ya ense\u00f1aba Arist\u00f3teles que cuando, en una comunidad pol\u00edtica, la distancia entre los que m\u00e1s ganan y los que menos ingresan, alcanza una distancia excesiva, la estabilidad desaparece y todos los males son posibles. Hace mucho tiempo que en Espa\u00f1a se perdi\u00f3 ese mesotes aristot\u00e9lico, si es que alguna vez ha existido por aqu\u00ed.<\/em><\/p>\n<p style=\"text-align: justify;\"><em>Ante la tendencia a culpar al Gobierno de la Naci\u00f3n por todas las situaciones que suscitan la protesta p\u00fablica, conviene no perder de vista que estamos en un sistema de distribuci\u00f3n de poderes y competencias (que, seguramente, ha ido demasiado lejos) y que conviene un an\u00e1lisis m\u00e1s fino a la hora de asignar responsabilidades. Los presidentes de las comunidades aut\u00f3nomas han hecho frecuentemente mangas y capirotes con las cajas de sus regiones, siempre celosos ante la posibilidad de que nadie desde instancias estatales pretenda corregirles y siempre en nombre de las sagradas competencias transferidas. Aqu\u00ed por cualquier nimiedad el presidente de turno se encara con el Presidente del Gobierno en nombre de sus reales o supuestas y siempre intocables competencias: De Mas a Rivero la lista no es breve. \u00bfSe imagina alguien al gobernador de California o de Texas intentando plantar cara al que suele llamarse \u201cinquilino de la Casa Blanca\u201d? All\u00ed todos saben que entre un gobernador de un estado y el Presidente de los Estados Unidos la distancia es gal\u00e1ctica. No est\u00e1n al mismo nivel. Algunos de estos \u201cbarones\u201d hispanos, con o sin baron\u00eda, se parecen m\u00e1s a aquellos caciquiles poncios del siglo XIX que a gobernantes democr\u00e1ticos del siglo XXI, al frente de regiones que nunca fueron soberanas.<\/em><\/p>\n<p style=\"text-align: justify;\"><em>Tambi\u00e9n ha habido un grav\u00edsimo incumplimiento de sus obligaciones por parte de algunos de los anteriores gobernadores del Banco de Espa\u00f1a, cuya acci\u00f3n en tiempo y forma y de acuerdo con sus competencias, habr\u00eda evitado algunos de los peores males que han acompa\u00f1ado, cuando no provocado, la crisis econ\u00f3mica. El actual gobernador, Luis M\u00aa Linde, tiene las ideas claras y es de desear que habr\u00e1 aprendido de esos pasados y lamentables gatuperios que nuestra m\u00e1s elemental higiene democr\u00e1tica exige que no se vuelvan a repetir.<\/em><\/p>\n<p style=\"text-align: justify;\"><em>Por todo eso tiene especial importancia la Ley de Transparencia recientemente aprobada por las Cortes (Ley 19\/2013 de 9 de diciembre de transparencia, acceso a la informaci\u00f3n p\u00fablica y buen gobierno) por medio de la cual el Gobierno quiere dotarse \u2013y dotar a todas las Administraciones- de los instrumentos adecuados para impedir estas formas de corrupci\u00f3n que han pretendido hacerse presentables. Una ley, por cierto, que no ha sido suficientemente analizada, comentada y explicada a la opini\u00f3n p\u00fablica por los medios de comunicaci\u00f3n y, a cuya luz, es evidente que esas conductas a las que nos referimos ser\u00edan totalmente sancionables. Si esta ley hubiera estado vigente cuando se produjeron esos esc\u00e1ndalos, los desvergonzados aprovechados de ese desorden tendr\u00edan que devolver todo lo gastado en beneficio propio y no del servicio p\u00fablico. Ahora los jueces dir\u00e1n la \u00faltima palabra.<\/em><\/p>\n<p style=\"text-align: justify;\"><em>Las Cortes y la opini\u00f3n p\u00fablica deben conocer el destino exacto del \u00faltimo euro que figure en los Presupuestos Generales del Estado o en los de las comunidades aut\u00f3nomas y con el nuevo art\u00edculo 135 de la Constituci\u00f3n (que algunos, desde la izquierda y el nacionalismo, parece que querr\u00edan ahora suprimir o \u201cinterpretar\u201d) debe servir para imponer orden y limpieza en el uso de los dineros p\u00fablicos. Montoro conoce bien su oficio y por eso le critican. \u00bfAlguien cree que los problemas de este tipo que pesan sobre nosotros nos los van resolver los populismos de izquierda o de derecha que pululan por ah\u00ed para satisfacci\u00f3n de ingenuos y de mala-leches?<\/em><\/p>\n<p style=\"text-align: justify;\"><em><strong>Alejandro Mu\u00f1oz-Alonso\u00bb<\/strong>\u00a0\u00a0\u00a0<\/em><\/p>\n<p style=\"text-align: justify;\">\n","protected":false},"excerpt":{"rendered":"<p>Quiero trasladar, a traves de mi blog, un art\u00edculo de mi amigo Alejandro Mu\u00f1oz-Alonso cuyo titulo es \u00abTarjeta Roja a las Tarjetas Negras\u00bb,\u00a0 cuyo contenido me parece\u00a0 muy acertado y considero que\u00a0hay que darle publicidad: \u00a0\u00abTARJETA ROJA A LAS TARJETAS NEGRAS \u00a0Luis de Guindos \u2013que ha sido y es punta de lanza en la lucha [&hellip;]<\/p>\n","protected":false},"author":1,"featured_media":0,"comment_status":"open","ping_status":"open","sticky":false,"template":"","format":"standard","meta":{"footnotes":""},"categories":[4],"tags":[],"class_list":["post-1535","post","type-post","status-publish","format-standard","hentry","category-vida-publica"],"_links":{"self":[{"href":"https:\/\/elblogdejoseblasfernandez.com\/index.php?rest_route=\/wp\/v2\/posts\/1535","targetHints":{"allow":["GET"]}}],"collection":[{"href":"https:\/\/elblogdejoseblasfernandez.com\/index.php?rest_route=\/wp\/v2\/posts"}],"about":[{"href":"https:\/\/elblogdejoseblasfernandez.com\/index.php?rest_route=\/wp\/v2\/types\/post"}],"author":[{"embeddable":true,"href":"https:\/\/elblogdejoseblasfernandez.com\/index.php?rest_route=\/wp\/v2\/users\/1"}],"replies":[{"embeddable":true,"href":"https:\/\/elblogdejoseblasfernandez.com\/index.php?rest_route=%2Fwp%2Fv2%2Fcomments&post=1535"}],"version-history":[{"count":1,"href":"https:\/\/elblogdejoseblasfernandez.com\/index.php?rest_route=\/wp\/v2\/posts\/1535\/revisions"}],"predecessor-version":[{"id":1539,"href":"https:\/\/elblogdejoseblasfernandez.com\/index.php?rest_route=\/wp\/v2\/posts\/1535\/revisions\/1539"}],"wp:attachment":[{"href":"https:\/\/elblogdejoseblasfernandez.com\/index.php?rest_route=%2Fwp%2Fv2%2Fmedia&parent=1535"}],"wp:term":[{"taxonomy":"category","embeddable":true,"href":"https:\/\/elblogdejoseblasfernandez.com\/index.php?rest_route=%2Fwp%2Fv2%2Fcategories&post=1535"},{"taxonomy":"post_tag","embeddable":true,"href":"https:\/\/elblogdejoseblasfernandez.com\/index.php?rest_route=%2Fwp%2Fv2%2Ftags&post=1535"}],"curies":[{"name":"wp","href":"https:\/\/api.w.org\/{rel}","templated":true}]}}