{"id":1548,"date":"2014-10-20T09:36:24","date_gmt":"2014-10-20T07:36:24","guid":{"rendered":"http:\/\/elblogdejoseblasfernandez.com\/?p=1548"},"modified":"2014-10-20T09:36:24","modified_gmt":"2014-10-20T07:36:24","slug":"consultorio-juridico-del-excmo-colegio-oficial-de-graduados-sociales-de-cadiz-de-fecha-19-10-2014","status":"publish","type":"post","link":"https:\/\/elblogdejoseblasfernandez.com\/?p=1548","title":{"rendered":"CONSULTORIO JUR\u00cdDICO DEL EXCMO. COLEGIO OFICIAL DE GRADUADOS SOCIALES DE C\u00c1DIZ, DE FECHA 19-10-2014"},"content":{"rendered":"<p style=\"text-align: justify;\">Como viene siendo costumbre, publico en mi blog el\u00a0 Consultorio Jur\u00eddico que mi Colegio profesional viene confeccionando y que sale publicado en los distintos diarios de la provincia, como son Diario de C\u00e1diz, Diario de Jerez y Europa Sur; el \u00faltimo sali\u00f3 ayer domingo, 19-10-2014.<\/p>\n<p style=\"text-align: justify;\">\u00a0<\/p>\n<p style=\"text-align: justify;\">\n<p align=\"center\"><strong>CONSULTORIO JUR\u00cdDICO DEL EXCMO. COLEGIO OFICIAL DE GRADUADOS SOCIALES DE C\u00c1DIZ-CEUTA.<\/strong><\/p>\n<p style=\"text-align: justify;\"><span style=\"text-decoration: underline;\">\u00a0<\/span><span style=\"text-decoration: underline;\">Pregunta<\/span>: Mi pareja ha fallecido recientemente, pero no estaba unida a \u00e9l por v\u00ednculo marital, sino\u00a0 como\u00a0 pareja de hecho y a la hora de reclamar la herencia, me contestan que yo no soy la heredera legal, sino sus familiares, pues tampoco ten\u00edamos hijos. \u00bfEllo es as\u00ed?<\/p>\n<p style=\"text-align: justify;\"><span style=\"text-decoration: underline;\">Respuesta<\/span>: Si. El C\u00f3digo Civil no reconoce la aplicaci\u00f3n del Derecho Sucesorio en caso de fallecimiento de uno de los miembros de una pareja de hecho. En Espa\u00f1a, este tipo de parejas, tampoco pueden acogerse a las deducciones fiscales\u00a0 previstas en la Ley del Impuesto de Sucesiones que se aplica\u00a0 s\u00f3lo a las parejas casadas, salvo en algunas Comunidades Aut\u00f3nomas, entre las que\u00a0 no se encuentra Andaluc\u00eda.<\/p>\n<p style=\"text-align: center;\">\u00a0********************<\/p>\n<p style=\"text-align: justify;\"><span style=\"text-decoration: underline;\">Pregunta:<\/span> Acabo de causar baja m\u00e9dica por enfermedad com\u00fan y me dice el m\u00e9dico que no debo\u00a0 presentar ya los partes de confirmaci\u00f3n semanalmente, pero mi empresa me los est\u00e1 \u00a0pidiendo. No s\u00e9 qu\u00e9 hacer, pues\u00a0 el m\u00e9dico no\u00a0 me expide tal parte de confirmaci\u00f3n.<\/p>\n<p style=\"text-align: justify;\"><span style=\"text-decoration: underline;\">Respuesta<\/span>: Efectivamente, desde la entrada en vigor el pasado 1 de Septiembre de 2014 del Real Decreto 625\/2014, de 18 de Julio, ya\u00a0 desaparecen los partes semanales. Los\u00a0 partes de baja m\u00e9dica se\u00a0 ajustar\u00e1n a la previsi\u00f3n del seguimiento cl\u00ednico. Si la duraci\u00f3n se estima entre 5 y 30 d\u00edas, el parte de confirmaci\u00f3n se expedir\u00e1 cada\u00a0 dos semanas y as\u00ed sucesivamente. No obstante, tambi\u00e9n es cierto que hasta tanto no se aprueben los nuevos partes de baja m\u00e9dica seguir\u00e1n siendo v\u00e1lidos los actuales que ser\u00e1n tramitados\u00a0 con arreglo a la regulaci\u00f3n anterior, por lo que \u00a0deber\u00e1 aclararlo con su m\u00e9dico, por si ha habido una mala interpretaci\u00f3n de la norma por su parte.<\/p>\n<p>\u00a0\u00a0\u00a0\u00a0\u00a0\u00a0\u00a0\u00a0\u00a0\u00a0\u00a0\u00a0\u00a0\u00a0\u00a0\u00a0\u00a0\u00a0\u00a0\u00a0\u00a0\u00a0\u00a0\u00a0\u00a0\u00a0\u00a0\u00a0\u00a0\u00a0\u00a0\u00a0\u00a0\u00a0\u00a0\u00a0\u00a0\u00a0\u00a0\u00a0\u00a0\u00a0\u00a0\u00a0\u00a0\u00a0\u00a0\u00a0\u00a0\u00a0\u00a0 ***********************<\/p>\n<p><span style=\"text-decoration: underline;\">Pregunta:<\/span> \u00bfPuedo cobrar el paro como empleada de hogar?<\/p>\n<p style=\"text-align: justify;\"><span style=\"text-decoration: underline;\">Respuesta<\/span>: Su trabajo por cuenta ajena en el R\u00e9gimen de Empleados del hogar no cotiza por la contingencia de desempleo, por lo que si solamente acredita cotizaciones en dicho r\u00e9gimen no tiene derecho. No obstante,\u00a0 si en los seis a\u00f1os anteriores a su alta\u00a0 como empleada de hogar, cotiz\u00f3 al menos 360 d\u00edas en el R\u00e9gimen General o en otro con cotizaci\u00f3n por desempleo y su baja como empleada de hogar\u00a0 no ha sido voluntaria,\u00a0 sino por causas no imputables a usted,\u00a0 podr\u00e1 considerarse\u00a0 que se encuentra\u00a0 en situaci\u00f3n legal de desempleo y, por tanto, se tendr\u00e1n en cuenta esas cotizaciones anteriores para\u00a0 el cobro de la prestaci\u00f3n.<\/p>\n<p>\u00a0\u00a0\u00a0\u00a0\u00a0\u00a0\u00a0\u00a0\u00a0\u00a0\u00a0\u00a0\u00a0\u00a0\u00a0\u00a0\u00a0\u00a0\u00a0\u00a0\u00a0\u00a0\u00a0\u00a0\u00a0\u00a0\u00a0\u00a0\u00a0\u00a0\u00a0\u00a0\u00a0\u00a0\u00a0\u00a0\u00a0\u00a0\u00a0\u00a0\u00a0\u00a0\u00a0\u00a0\u00a0\u00a0\u00a0\u00a0\u00a0\u00a0\u00a0 ****************<\/p>\n<p>CONSULTE CON UN GRADUADO SOCIAL COLEGIADO.<\/p>\n<p>PROFESIONAL DEL DERECHO.<\/p>\n<p>Tel\u00e9fono: 956270938<\/p>\n<p><a href=\"http:\/\/www.graduadosocialcadiz.com\/\">www.graduadosocialcadiz.com<\/a><\/p>\n","protected":false},"excerpt":{"rendered":"<p>Como viene siendo costumbre, publico en mi blog el\u00a0 Consultorio Jur\u00eddico que mi Colegio profesional viene confeccionando y que sale publicado en los distintos diarios de la provincia, como son Diario de C\u00e1diz, Diario de Jerez y Europa Sur; el \u00faltimo sali\u00f3 ayer domingo, 19-10-2014. \u00a0 CONSULTORIO JUR\u00cdDICO DEL EXCMO. COLEGIO OFICIAL DE GRADUADOS SOCIALES [&hellip;]<\/p>\n","protected":false},"author":1,"featured_media":0,"comment_status":"open","ping_status":"open","sticky":false,"template":"","format":"standard","meta":{"footnotes":""},"categories":[3],"tags":[],"class_list":["post-1548","post","type-post","status-publish","format-standard","hentry","category-vida-profesional"],"_links":{"self":[{"href":"https:\/\/elblogdejoseblasfernandez.com\/index.php?rest_route=\/wp\/v2\/posts\/1548","targetHints":{"allow":["GET"]}}],"collection":[{"href":"https:\/\/elblogdejoseblasfernandez.com\/index.php?rest_route=\/wp\/v2\/posts"}],"about":[{"href":"https:\/\/elblogdejoseblasfernandez.com\/index.php?rest_route=\/wp\/v2\/types\/post"}],"author":[{"embeddable":true,"href":"https:\/\/elblogdejoseblasfernandez.com\/index.php?rest_route=\/wp\/v2\/users\/1"}],"replies":[{"embeddable":true,"href":"https:\/\/elblogdejoseblasfernandez.com\/index.php?rest_route=%2Fwp%2Fv2%2Fcomments&post=1548"}],"version-history":[{"count":1,"href":"https:\/\/elblogdejoseblasfernandez.com\/index.php?rest_route=\/wp\/v2\/posts\/1548\/revisions"}],"predecessor-version":[{"id":1550,"href":"https:\/\/elblogdejoseblasfernandez.com\/index.php?rest_route=\/wp\/v2\/posts\/1548\/revisions\/1550"}],"wp:attachment":[{"href":"https:\/\/elblogdejoseblasfernandez.com\/index.php?rest_route=%2Fwp%2Fv2%2Fmedia&parent=1548"}],"wp:term":[{"taxonomy":"category","embeddable":true,"href":"https:\/\/elblogdejoseblasfernandez.com\/index.php?rest_route=%2Fwp%2Fv2%2Fcategories&post=1548"},{"taxonomy":"post_tag","embeddable":true,"href":"https:\/\/elblogdejoseblasfernandez.com\/index.php?rest_route=%2Fwp%2Fv2%2Ftags&post=1548"}],"curies":[{"name":"wp","href":"https:\/\/api.w.org\/{rel}","templated":true}]}}