{"id":1895,"date":"2015-07-07T12:09:08","date_gmt":"2015-07-07T10:09:08","guid":{"rendered":"http:\/\/elblogdejoseblasfernandez.com\/?p=1895"},"modified":"2015-07-07T12:09:08","modified_gmt":"2015-07-07T10:09:08","slug":"entrevista-en-el-diario-de-cadiz","status":"publish","type":"post","link":"https:\/\/elblogdejoseblasfernandez.com\/?p=1895","title":{"rendered":"ENTREVISTA EN EL DIARIO DE CADIZ"},"content":{"rendered":"<p style=\"text-align: justify;\">El pasado domingo, 5 de Julio, sali\u00f3 publicada\u00a0 en el Diario de C\u00e1diz una entrevista\u00a0 sobre mi paso por al Ayuntamiento y que traslado a este blog, as\u00ed como enlace directo a la noticia<\/p>\n<p style=\"text-align: justify;\"><a href=\"http:\/\/www.diariodecadiz.es\/article\/cadiz\/2065373\/la\/deuda\/es\/asumible\/como\/tiene\/una\/hipoteca.html\">http:\/\/www.diariodecadiz.es\/article\/cadiz\/2065373\/la\/deuda\/es\/asumible\/como\/tiene\/una\/hipoteca.html<\/a><\/p>\n<h1 style=\"text-align: justify;\">\u00a0<\/h1>\n<h1 style=\"text-align: justify;\">\u00ab<strong>La deuda es asumible, como el que tiene una hipoteca\u00bb<\/strong><\/h1>\n<p style=\"text-align: justify;\">Jos\u00e9 Blas Fern\u00e1ndez ha perdido la delegaci\u00f3n de Hacienda, pero ha ganado el 50% de su vida. Las horas que pasaba en el despacho situado frente al Sal\u00f3n de Plenos las emplea ahora en su despacho profesional en la Avenida, desde el que analiza su gesti\u00f3n y el cambio pol\u00edtico en el Ayuntamiento.<\/p>\n<p><strong>-\u00bfC\u00f3mo lleva la oposici\u00f3n tras veinte a\u00f1os en el Gobierno?<\/strong><\/p>\n<p style=\"text-align: justify;\">-Ya estuve doce a\u00f1os de oposici\u00f3n y no me asusta ni me da miedo. La ejercer\u00e9 como hay que hacerlo, siendo leal al gobierno. Me duele mi ciudad y procurar\u00e9 que las cosas prosperen en la medida de mis posibilidades; y me opondr\u00e9 a aquello que me parezca mal.<\/p>\n<p style=\"text-align: justify;\"><strong>\u00a0\u00a0\u00a0 -\u00bfQu\u00e9 balance hace de su etapa en el gobierno municipal?<\/strong><\/p>\n<p style=\"text-align: justify;\">-Han sido veinte a\u00f1os intens\u00edsimos, de un trabajo extenuante. Yo he estado en la cocina del Ayuntamiento, como quien dice. He sido un pol\u00edtico que he trabajado y he hablado siempre con los t\u00e9cnicos, que tengo que decir que han sido excelentes y colaboradores. Y en estos \u00faltimos a\u00f1os me ha tocado la crisis profunda, horrible, donde yo me convert\u00eda por un lado en el hombre del frac para cobrar a la gente, y por otro en el pedig\u00fce\u00f1o que iba a pedir a los bancos. Para m\u00ed ha sido primordial, por ejemplo, no despedir a nadie del Ayuntamiento, ni dejar de pagar la n\u00f3mina, los seguros sociales y los impuestos a Hacienda.<\/p>\n<p style=\"text-align: justify;\">El cansancio ha sido tremendo porque el trabajo era incansable. Los a\u00f1os 10, 11 y 12 han sido terribles. Pese a esto, he estado muy c\u00f3modo porque el trabajo que yo hac\u00eda ve\u00eda que ten\u00eda un resultado, que con Te\u00f3fila Mart\u00ednez se hac\u00edan proyectos. He trabajado adem\u00e1s muy coordinado con ella; si yo le dec\u00eda que no se pod\u00eda hacer algo porque no hab\u00eda medios, ella lo entend\u00eda; y cuando se pod\u00eda hacer, pues se hac\u00eda. Eso es lo que yo me llevo, veo que todo lo que se ha hecho en la ciudad hab\u00eda que hacerlo. Y desgraciadamente en el apartado social nos ha tocado una etapa muy mala que hemos tenido que asumir los ayuntamientos, sin tener competencias para ello.<\/p>\n<p style=\"text-align: justify;\"><strong>-\u00bfLa crisis ha sido la causa del resultado electoral?<\/strong><\/p>\n<p style=\"text-align: justify;\">-Es que la gente ha ido a pedirlo todo al Ayuntamiento, creyendo que solucionaba todo. Yo ve\u00eda venir esto. Con el populismo, el antisistema y el antitodo hemos pasado a\u00f1os muy malos en el Ayuntamiento. Ya hace dos a\u00f1os dije que no me gustaba c\u00f3mo estaba esto. Han ido al puro enfrentamiento, no ideol\u00f3gico, sino hasta casi f\u00edsico. Ha sido bochornoso lo que hemos pasado los concejales, y el colof\u00f3n fue la salida del Ayuntamiento tras la toma de posesi\u00f3n, que hasta nos escupieron. Creo que todo ha sido un montaje; pero estoy muy satisfecho de nuestra gesti\u00f3n. Ah\u00ed est\u00e1. Hemos dejado infraestructuras y equipamientos para cincuenta a\u00f1os. Y conseguir lo que esta alcaldesa ha hecho en veinte a\u00f1os va a ser dif\u00edcil.<\/p>\n<p><strong>-Tambi\u00e9n dicen que ha habido un voto contra los casos de corrupci\u00f3n. \u00bfSaldr\u00e1 a la luz alg\u00fan esc\u00e1ndalo econ\u00f3mico en el Ayuntamiento o podemos estar tranquilos los gaditanos con los pol\u00edticos que tenemos?<\/strong><\/p>\n<p style=\"text-align: justify;\">-En la parte que corresponde a la Hacienda local no habr\u00e1 ning\u00fan esc\u00e1ndalo. Estamos en manos de los t\u00e9cnicos, todo lo que se ha hecho en la ciudad cuenta con el visto bueno de ellos, que adem\u00e1s est\u00e1n sometidos a unas leyes. Lo que pasa es que si a m\u00ed no me gustan las pantallas LED, no puedo decir que es ilegal. Y si no me gusta el aparcamiento de Santa B\u00e1rbara, no digo que alguien se ha llevado dinero. No podemos destruir proyectos pol\u00edticos con acusaciones.<\/p>\n<p><strong>-Lleva dos d\u00e9cadas haciendo las cuentas de la ciudad, \u00bfrealmente es usted el malo de la pel\u00edcula?<\/strong><\/p>\n<p style=\"text-align: justify;\">-No. Lo que pasa es que el papel del que lleva Hacienda no es agradable. Cobrar unos impuestos, ponerlos, dar la cara en nombre de la Econom\u00eda a nadie le apetece. Pero la econom\u00eda mantiene todo el Ayuntamiento, que tiene unas plantillas, unos servicios y unos presupuestos. El malo de la pel\u00edcula era el que recortaba y dec\u00eda que no a proyectos o a liberar partidas. Los a\u00f1os 10 al 14 fueron horribles por la cantidad de recortes que hubo que hacer.<\/p>\n<p><strong>-\u00bfEst\u00e1 tan mal la econom\u00eda municipal como la pintan?<\/strong><\/p>\n<p style=\"text-align: justify;\">-No est\u00e1 tan mal. El Ayuntamiento tiene un problema que es la falta de suelo. C\u00e1diz s\u00f3lo vive del IBI y, a mucha distancia, del impuesto de veh\u00edculos. Pero el problema es que no podemos ampliar m\u00e1s lo que tiene, aqu\u00ed no hay pol\u00edgonos ni plusval\u00edas. Yo siempre digo que aqu\u00ed s\u00f3lo se piden licencias de cocinas y cuartos de ba\u00f1os, y el que lo declara. Todas son obras menores. Ahora el gobierno se va a dar cuenta de que esto es lo que hay.<\/p>\n<p><strong>-Pero se marchan ustedes dejando una deuda de 250 millones.<\/strong><\/p>\n<p style=\"text-align: justify;\">-S\u00ed, pero es una deuda asumible. Es una deuda viva, a largo plazo. Mientras pagues y vayas renegociando esa deuda, no hay problemas. Es como el que tiene una hipoteca. Y tambi\u00e9n hay que mirar lo que nos deben, y lo que hemos dejado de recibir.<\/p>\n<p style=\"text-align: justify;\"><strong>-Pues han creado hasta una concejal\u00eda de Deuda. <\/strong><\/p>\n<p style=\"text-align: justify;\">\u00a0-No la entiendo. Yo lo que quiero ver no es gestos de nombres, sino ejecuciones de proyectos. Yo veo ya la ciudad que empieza a descuidarse, ya se ven algunas zonas m\u00e1s sucias. Llevamos desde el 13 de junio y todav\u00eda no ha habido m\u00e1s que el pleno de investidura. Est\u00e1n viviendo de la inercia de lo que ha dejado el PP.<\/p>\n<p style=\"text-align: justify;\"><strong>-\u00bfHay otras formas de llevar la econom\u00eda del Ayuntamiento?<\/strong><\/p>\n<p style=\"text-align: justify;\">-Hoy en d\u00eda los delegados de Hacienda tenemos un techo de gasto y un equilibrio presupuestario que condiciona mucho lo que hacemos; hay un control f\u00e9rreo. Y con esto quiero decir que est\u00e1 pr\u00e1cticamente cuadriculado lo que tenemos que hacer. Con todo eso, hay que hacer proyectos, que es fundamental para una ciudad. Y abrir las puertas del Ayuntamiento todos los d\u00edas cuesta mucho dinero.<\/p>\n<p style=\"text-align: justify;\"><strong>-El nuevo gobierno habla de despilfarro, sobre todo en publicidad, que lleg\u00f3 a cifrar en 140 millones. \u00bfEso es as\u00ed?<\/strong><\/p>\n<p style=\"text-align: justify;\">-El gasto que podemos haber hecho, ellos lo van a ver. Si el despilfarro es crear empleo o hacer publicidad institucional para atraer gente a la ciudad, estoy de acuerdo. Y si ellos entienden otra cosa, pues que cierren empresas, que echen gente a la calle&#8230; Ahora gobiernan ellos, que por cierto lo primero que han hecho es ponerse un sueldo los nueve.<\/p>\n<p><strong>-\u00bfSe pueden bajar los impuestos? <\/strong><\/p>\n<p style=\"text-align: justify;\">-T\u00e9cnicamente est\u00e1n hasta estudiados por el interventor. Hoy hay que calcular el coste del servicio, y la basura, por ejemplo, cuesta mucho m\u00e1s de lo que se paga. Si quieren bajar los impuestos, que los bajen, \u00bfpero de d\u00f3nde sale el dinero? Y hay que recordar que llevamos seis a\u00f1os congel\u00e1ndolos. Todo el mundo protesta por los impuestos, \u00bfpero sabe cu\u00e1ntos pagan? El 32% de los ciudadanos. S\u00f3lo el que tiene un piso, un coche, el IAE o un velador. Y para de contar.<\/p>\n<p style=\"text-align: justify;\"><strong>-\u00bfY la zona azul, se podr\u00eda eliminar o reducir? <\/strong><\/p>\n<p style=\"text-align: justify;\">-Si la eliminamos, le canto dos problemas inmediatos. El primero es el de los coches ventosa, que estar\u00edan aparcados permanentemente y nadie aparcar\u00eda en el centro o en el Paseo en verano. Y el segundo es que Emasa entrar\u00eda en quiebra autom\u00e1tica. Y entonces que echen a la plantilla. Eso son falacias y demagogias. Nadie quiere pagar nada y tener servicios de todo, pero eso no se puede hacer.<\/p>\n<p style=\"text-align: justify;\"><strong>-Habla usted de demagogia. \u00bfCree que ha habido mucho de eso en las \u00faltimas elecciones?<\/strong><\/p>\n<p style=\"text-align: justify;\">-Creo que se ha llegado al poder en una pura demagogia, aprovechando los momentos dif\u00edciles que est\u00e1n pasando muchas personas. La demagogia del asamblearismo; porque adem\u00e1s no han dicho de d\u00f3nde viene la crisis, y la crisis m\u00e1s profunda la dej\u00f3 Zapatero, que ha sido el peor presidente de la historia y se quit\u00f3 del medio; que algunos parece que tienen alzheimer pol\u00edtico, y eso no est\u00e1 bien. Han ido a tumbar a la alcaldesa y al equipo de gobierno, con malas artes incluso. Lo que nos han hecho es de personas de muy bajo nivel. Nosotros no hemos hecho demagogia de un desahucio y sin embargo aumentamos la partida de servicios sociales en un 300%. Son aut\u00e9nticos agitadores sociales. Lo que hemos asumido en los plenos ha sido de aut\u00e9ntica verg\u00fcenza. Han ido a abatir medi\u00e1ticamente a Te\u00f3fila porque era un pilar del PP.<\/p>\n<p style=\"text-align: justify;\"><strong>-\u00bfCree que la ciudad no se ha portado bien con Te\u00f3fila Mart\u00ednez?<\/strong><\/p>\n<p style=\"text-align: justify;\">-Creo que ha sido injusto, muy injusto. Yo creo en la alternancia, pero ir a derribar al adversario pol\u00edtico es muy injusto. Vuelvo a decir que Te\u00f3fila ha sido la mejor alcaldesa y ha trabajado mucho. Ha habido mucho Judas a Te\u00f3fila.<\/p>\n<p><strong>-\u00bfY c\u00f3mo valora lo que ha ocurrido despu\u00e9s del 24-M?<\/strong><\/p>\n<p style=\"text-align: justify;\">-Nunca lo entender\u00e9 lo que ha hecho el PSOE. Tuvo miedo y creo que ser\u00e1 un error hist\u00f3rico.<\/p>\n<p style=\"text-align: justify;\"><strong>-\u00bfQu\u00e9 me dice sobre esa llamada que hizo su partido a la desesperada, ofreci\u00e9ndole a Fran Gonz\u00e1lez ser alcalde durante dos a\u00f1os?<\/strong><\/p>\n<p style=\"text-align: justify;\">-Yo la desconozco, pero tampoco me sorprende. Hay precedentes de gobiernos del PSOE con el PP, ya pas\u00f3 en El Puerto y en Puerto Real, por ejemplo. Lo que no es de recibo es lo que han hecho en los ayuntamientos de toda Espa\u00f1a: ir a quitar al PP por la misma cara.<\/p>\n<p><strong>-\u00bfC\u00f3mo ve este final?<\/strong><\/p>\n<p style=\"text-align: justify;\">-Yo creo que no termina el mismo equipo de gobierno, y lo creo porque es lo que se palpa. Pero habr\u00e1 que dejarles un margen de confianza. Y les deseo lo mejor, porque eso ser\u00e1 bueno para C\u00e1diz y ah\u00ed no hay color pol\u00edtico para m\u00ed, s\u00f3lo el color de mi ciudad.<\/p>\n<p style=\"text-align: justify;\">\n","protected":false},"excerpt":{"rendered":"<p>El pasado domingo, 5 de Julio, sali\u00f3 publicada\u00a0 en el Diario de C\u00e1diz una entrevista\u00a0 sobre mi paso por al Ayuntamiento y que traslado a este blog, as\u00ed como enlace directo a la noticia http:\/\/www.diariodecadiz.es\/article\/cadiz\/2065373\/la\/deuda\/es\/asumible\/como\/tiene\/una\/hipoteca.html \u00a0 \u00abLa deuda es asumible, como el que tiene una hipoteca\u00bb Jos\u00e9 Blas Fern\u00e1ndez ha perdido la delegaci\u00f3n de Hacienda, [&hellip;]<\/p>\n","protected":false},"author":1,"featured_media":0,"comment_status":"open","ping_status":"open","sticky":false,"template":"","format":"standard","meta":{"footnotes":""},"categories":[4],"tags":[],"class_list":["post-1895","post","type-post","status-publish","format-standard","hentry","category-vida-publica"],"_links":{"self":[{"href":"https:\/\/elblogdejoseblasfernandez.com\/index.php?rest_route=\/wp\/v2\/posts\/1895","targetHints":{"allow":["GET"]}}],"collection":[{"href":"https:\/\/elblogdejoseblasfernandez.com\/index.php?rest_route=\/wp\/v2\/posts"}],"about":[{"href":"https:\/\/elblogdejoseblasfernandez.com\/index.php?rest_route=\/wp\/v2\/types\/post"}],"author":[{"embeddable":true,"href":"https:\/\/elblogdejoseblasfernandez.com\/index.php?rest_route=\/wp\/v2\/users\/1"}],"replies":[{"embeddable":true,"href":"https:\/\/elblogdejoseblasfernandez.com\/index.php?rest_route=%2Fwp%2Fv2%2Fcomments&post=1895"}],"version-history":[{"count":2,"href":"https:\/\/elblogdejoseblasfernandez.com\/index.php?rest_route=\/wp\/v2\/posts\/1895\/revisions"}],"predecessor-version":[{"id":1898,"href":"https:\/\/elblogdejoseblasfernandez.com\/index.php?rest_route=\/wp\/v2\/posts\/1895\/revisions\/1898"}],"wp:attachment":[{"href":"https:\/\/elblogdejoseblasfernandez.com\/index.php?rest_route=%2Fwp%2Fv2%2Fmedia&parent=1895"}],"wp:term":[{"taxonomy":"category","embeddable":true,"href":"https:\/\/elblogdejoseblasfernandez.com\/index.php?rest_route=%2Fwp%2Fv2%2Fcategories&post=1895"},{"taxonomy":"post_tag","embeddable":true,"href":"https:\/\/elblogdejoseblasfernandez.com\/index.php?rest_route=%2Fwp%2Fv2%2Ftags&post=1895"}],"curies":[{"name":"wp","href":"https:\/\/api.w.org\/{rel}","templated":true}]}}