{"id":1900,"date":"2015-07-09T20:29:32","date_gmt":"2015-07-09T18:29:32","guid":{"rendered":"http:\/\/elblogdejoseblasfernandez.com\/?p=1900"},"modified":"2015-07-09T20:31:11","modified_gmt":"2015-07-09T18:31:11","slug":"la-inspeccion-de-trabajo-se-moderniza","status":"publish","type":"post","link":"https:\/\/elblogdejoseblasfernandez.com\/?p=1900","title":{"rendered":"LA INSPECCI\u00d3N DE TRABAJO SE MODERNIZA"},"content":{"rendered":"<p style=\"text-align: justify;\">\u00a0\u00a0\u00a0\u00a0\u00a0\u00a0\u00a0\u00a0 Hoy\u00a0 se ha \u00a0debatido\u00a0\u00a0en el pleno de la C\u00e1mara Alta el <strong>Proyecto de Ley Ordenadora del Sistema de Inspecci\u00f3n de Trabajo y Seguridad Social,<\/strong> el cual lo he defendido, como ponente,\u00a0 ante el resto de Grupos Parlamentarios por mi condici\u00f3n de Senador, quedando aprobado el mismo sin ning\u00fan voto en contra, por lo que en breve saldr\u00e1 publicada la Ley \u00a0en el BOE. Dicha norma pretende intensificar la coordinaci\u00f3n en la lucha contra el fraude laboral y el empleo irregular, contemplando \u00a0la creaci\u00f3n de una <strong>nueva oficina para luchar contra el fraude<\/strong>, detectarlo y programar y ejecutar actuaciones de inspecci\u00f3n y plantea tambi\u00e9n la coordinaci\u00f3n y colaboraci\u00f3n entre la Administraci\u00f3n General del Estado y las Administraciones de las Comunidades Aut\u00f3nomas.\u00a0<\/p>\n<p style=\"text-align: justify;\">\n<p style=\"text-align: justify;\">\u00a0\u00a0\u00a0\u00a0\u00a0\u00a0\u00a0\u00a0\u00a0 La \u00a0todav\u00eda vigente \u00a0Ley Ordenadora de la Inspecci\u00f3n de Trabajo y Seguridad Social \u00a0(Ley 42\/1997, de 14 de Noviembre) ten\u00eda que ser actualizada para adaptarla al actual mercado laboral. Por eso, la nueva \u00a0Ley aprobada, \u00a0que ha sido consensuada con las organizaciones sindicales y agentes sociales,\u00a0 \u00a0se inserta en el conjunto de medidas adoptadas por el Gobierno para la racionalizaci\u00f3n, simplificaci\u00f3n y modernizaci\u00f3n de las Administraciones P\u00fablicas.\u00a0\u00a0\u00a0\u00a0Prev\u00e9, igualmente, \u00a0el aumento de los recursos destinados por la Inspecci\u00f3n a la prevenci\u00f3n de riesgos laborales y para combatir la siniestralidad laboral, para lo que se crear\u00e1 un grupo de funcionarios, con lo que se fortifica el Cuerpo de Inspectores de Trabajo y de la Seguridad Social. \u00a0Como datos a destacar de la Memoria\u00a0 que acompa\u00f1a a la Ley en sus antecedentes decir que en 2014, la Inspecci\u00f3n de Trabajo llev\u00f3 a cabo 1.161.895 actuaciones; de las cuales 648.119 fueron en materia de Seguridad Social; 306.221 en Seguridad y Salud laboral; 124.382 en relaciones laborales; 34.660 en extranjer\u00eda; 4.199 obstrucciones; 24.031 informes y 20.283 en materia de empleo, alcanzando el importe de las sanciones por infracciones a 330 millones de euros en dicho a\u00f1o.\u00a0<\/p>\n<p style=\"text-align: justify;\">\u00a0\u00a0\u00a0\u00a0\u00a0\u00a0\u00a0\u00a0<\/p>\n","protected":false},"excerpt":{"rendered":"<p>\u00a0\u00a0\u00a0\u00a0\u00a0\u00a0\u00a0\u00a0 Hoy\u00a0 se ha \u00a0debatido\u00a0\u00a0en el pleno de la C\u00e1mara Alta el Proyecto de Ley Ordenadora del Sistema de Inspecci\u00f3n de Trabajo y Seguridad Social, el cual lo he defendido, como ponente,\u00a0 ante el resto de Grupos Parlamentarios por mi condici\u00f3n de Senador, quedando aprobado el mismo sin ning\u00fan voto en contra, por lo que [&hellip;]<\/p>\n","protected":false},"author":1,"featured_media":0,"comment_status":"open","ping_status":"open","sticky":false,"template":"","format":"standard","meta":{"footnotes":""},"categories":[1],"tags":[],"class_list":["post-1900","post","type-post","status-publish","format-standard","hentry","category-sin-categoria"],"_links":{"self":[{"href":"https:\/\/elblogdejoseblasfernandez.com\/index.php?rest_route=\/wp\/v2\/posts\/1900","targetHints":{"allow":["GET"]}}],"collection":[{"href":"https:\/\/elblogdejoseblasfernandez.com\/index.php?rest_route=\/wp\/v2\/posts"}],"about":[{"href":"https:\/\/elblogdejoseblasfernandez.com\/index.php?rest_route=\/wp\/v2\/types\/post"}],"author":[{"embeddable":true,"href":"https:\/\/elblogdejoseblasfernandez.com\/index.php?rest_route=\/wp\/v2\/users\/1"}],"replies":[{"embeddable":true,"href":"https:\/\/elblogdejoseblasfernandez.com\/index.php?rest_route=%2Fwp%2Fv2%2Fcomments&post=1900"}],"version-history":[{"count":2,"href":"https:\/\/elblogdejoseblasfernandez.com\/index.php?rest_route=\/wp\/v2\/posts\/1900\/revisions"}],"predecessor-version":[{"id":1906,"href":"https:\/\/elblogdejoseblasfernandez.com\/index.php?rest_route=\/wp\/v2\/posts\/1900\/revisions\/1906"}],"wp:attachment":[{"href":"https:\/\/elblogdejoseblasfernandez.com\/index.php?rest_route=%2Fwp%2Fv2%2Fmedia&parent=1900"}],"wp:term":[{"taxonomy":"category","embeddable":true,"href":"https:\/\/elblogdejoseblasfernandez.com\/index.php?rest_route=%2Fwp%2Fv2%2Fcategories&post=1900"},{"taxonomy":"post_tag","embeddable":true,"href":"https:\/\/elblogdejoseblasfernandez.com\/index.php?rest_route=%2Fwp%2Fv2%2Ftags&post=1900"}],"curies":[{"name":"wp","href":"https:\/\/api.w.org\/{rel}","templated":true}]}}