{"id":1932,"date":"2015-08-10T14:12:07","date_gmt":"2015-08-10T12:12:07","guid":{"rendered":"http:\/\/elblogdejoseblasfernandez.com\/?p=1932"},"modified":"2015-08-10T14:12:07","modified_gmt":"2015-08-10T12:12:07","slug":"recuperacion-con-r-de-rajoy","status":"publish","type":"post","link":"https:\/\/elblogdejoseblasfernandez.com\/?p=1932","title":{"rendered":"RECUPERACION CON \u00abR\u00bb DE RAJOY"},"content":{"rendered":"<p style=\"text-align: justify;\">Quiero haceros participes de un magn\u00edfico art\u00edculo que\u00a0 ha hecho mi amigo y compa\u00f1ero en el Senado, Alejandro Mu\u00f1oz-Alonso.<\/p>\n<p style=\"text-align: justify;\">\u00abMuy mal les ha sentado a los componentes de la variopinta oposici\u00f3n que pulula por el escenario pol\u00edtico espa\u00f1ol que el Gobierno de Rajoy presente los Presupuestos (PGE) para 2016. Pero ten\u00eda toda la l\u00f3gica que los presentase porque este Gobierno est\u00e1 en plena tarea de recuperaci\u00f3n, de salida de la crisis, una tarea que no ha terminado, de la que queda mucho por hacer \u2013 como se dice y se repite desde los \u00e1mbitos oficiales- aunque con la mayor desfachatez, y contra toda evidencia, esas oposiciones se atreven a decir que esa palpable recuperaci\u00f3n ni siquiera ha empezado. En ese contexto, los PGE no son m\u00e1s que el itinerario obligado para alcanzar el \u00e9xito final, prosiguiendo las pol\u00edticas que vienen dando excelentes resultados, por m\u00e1s que les disgusten a nacionalistas y dem\u00e1s patriotas de la izquierda, que no pueden ocultar su contrariedad. No hay ni una sola norma jur\u00eddica que establezca que cuando al Gobierno saliente le quedan pocos meses antes de unas elecciones generales, se quede liberado de la obligaci\u00f3n constitucional del art\u00edculo 134 de la Constituci\u00f3n, que le exige presentar los PGE al menos tres meses antes de que termine el a\u00f1o natural. Y eso es lo que ha hecho el Gobierno de Rajoy.<\/p>\n<p style=\"text-align: justify;\">El Gobierno Zapatero no cumpli\u00f3 esa norma en 2011 porque se sent\u00eda derrotado y no se ve\u00eda con \u00e1nimos ni con ideas de afrontar un futuro que sus miembros, mejor que nadie, sab\u00edan que estaba plagado de negros nubarrones con un casi inevitable rescate a la griega a la vuelta del camino. Pero Rajoy no ha tirado la toalla, ha hecho una buena tarea y se ofrece para seguir haci\u00e9ndola. Y los espa\u00f1oles, como ocurre en todas las democracias, tienen en su mano, con sus votos, decidir si prefieren que se contin\u00fae la tarea emprendida o si optan por el aventurerismo de los experimentos encomendando la gobernaci\u00f3n del pa\u00eds a los que fracasan siempre cuando gobiernan o a quienes, sin programas definidos y carentes de equipos conocidos y acreditados, pero con toda la arrogancia que da la biso\u00f1ez, se presentan como los \u00fanicos capaces de \u201cregenerar\u201d el sistema, a base de sus geniales ocurrencias.<\/p>\n<p style=\"text-align: justify;\">La recuperaci\u00f3n es un hecho, incipiente, si se quiere, pero patente, salvo para la numerosa legi\u00f3n de los ciegos voluntarios. Y no solo porque as\u00ed quede reflejado en los PGE, \u00a0sino porque hay otros muchos datos y hechos que lo atestiguan. Es un hecho que el consumo crece y eso lo percibe toda la sociedad. Tambi\u00e9n crecen las inversiones, aunque ciertos equipos municipales, presos de sus prejuicios ideol\u00f3gicos, de estricta ra\u00edz comunista, est\u00e9n frenando muchas decisiones ya adoptadas. Crece la venta de casas y de autom\u00f3viles. Los espa\u00f1oles viajan m\u00e1s, dentro y fuera de Espa\u00f1a y son tambi\u00e9n m\u00e1s los extranjeros que nos visitan. \u00a0La oposici\u00f3n prefiere mirar para otro lado. Los ingleses cuando inventaron la instituci\u00f3n de la oposici\u00f3n la asignaron el adjetivo de \u201cleal\u201d, era \u201cla leal oposici\u00f3n de S.M.\u201d, que no era una mera lealtad al rey sino a los intereses generales del pa\u00eds y del Estado. Pero la oposici\u00f3n de por aqu\u00ed, debe haber perdido esa lealtad por el camino.<\/p>\n<p style=\"text-align: justify;\">Quedan todav\u00eda muchos parados, pero se est\u00e1n creando puestos de trabajo m\u00e1s que en ning\u00fan otro momento desde que estall\u00f3 la crisis. Y se crear\u00e1n todav\u00eda m\u00e1s porque las previsiones de crecimiento que dan las instituciones y agencias internacionales as\u00ed lo demuestran. Y no se debe a factores externos, como dicen los abundantes miserables de turno, porque la bajada del petr\u00f3leo ha sido igual para todos los pa\u00edses y la devaluaci\u00f3n del euro respecto del d\u00f3lar tambi\u00e9n. Pero c\u00f3mo Espa\u00f1a hab\u00eda tomado las dif\u00edciles medidas para estabilizar la econom\u00eda en 2012 y 2013, se ha podido beneficiar mejor que los otros pa\u00edses de la eurozona. La recuperaci\u00f3n se debe a Rajoy y no a un conjunto de favorables circunstancias, venidas de m\u00e1s all\u00e1 de nuestras fronteras. Ahora queda por saber si los espa\u00f1oles son conscientes de esta realidad o se dejan embaucar por las patra\u00f1as resentidas de la oposici\u00f3n.<\/p>\n<p style=\"text-align: justify;\">Espa\u00f1a duplica el crecimiento medio de la eurozona que en 2015 ser\u00e1 de 1\u20195 % y se sit\u00faa muy por encima de Alemania, la tradicional \u201clocomotora\u201d de la econom\u00eda europea que se va a quedar en un modesto 1\u20197 %. Nuestra deuda p\u00fablica es, desde luego, muy elevada pues supera el 90 % sobre el PIB, pero supuesta una etapa de crecimiento mantenido esa cifra es asumible y a la vista est\u00e1 c\u00f3mo disminuye en los propios PGE el servicio de la deuda porque se pagan menos intereses y se paga el principal cuando corresponde. Nuestro d\u00e9ficit p\u00fablico no est\u00e1 todav\u00eda por debajo del 3 % del PIB, pero lo va a estar como muy tarde en 2018. Y para 2020 es un deseo perfectamente alcanzable que haya 20 millones de trabajadores empleados y cotizando a la Seguridad Social. Todo ello si se prosigue con las pol\u00edticas emprendidas hasta ahora, que son, adem\u00e1s, las que patrocina la UE, porque son las \u00fanicas que se acomodan a las normas comunitarias. Pero, sobre todo, al sentido com\u00fan. La alternativa es la v\u00eda hel\u00e9nica hacia el desastre, que parece tentar a una buena parte de esa oposici\u00f3n, que quiere echar por tierra las pol\u00edticas aplicadas en esta legislatura\u2026para volver al nefasto zapaterismo.<\/p>\n<p style=\"text-align: justify;\">Es un tanto bochornoso escuchar a las oposiciones que los empleos creados son \u201cde escasa calidad\u201d o \u201ctemporales\u201d. \u00bfTienen\u00a0 acaso ellos \u2013que nos llevaron a la penosa situaci\u00f3n de una crisis que negaban y que nos hundi\u00f3- la varita m\u00e1gica para lograr de un solo golpe esos empleos mejor pagados y duraderos, que todos deseamos? Si estos empleos son de tan poco valor, \u00bfes que prefieren que todos esos trabajadores que se han beneficiado de la actual creaci\u00f3n de empleo vuelvan al paro? \u00bfPor qu\u00e9 no se dirigen con ese mensaje a los nuevos empleados? La miseria pol\u00edtica es siempre polifac\u00e9tica pero este discurso de partidos y sindicatos se acerca a los l\u00edmites de la abyecci\u00f3n.<\/p>\n<p style=\"text-align: justify;\">El com\u00fan denominador de todas estas oposiciones, por otra parte tan divididas y desgarradas, es echar al PP ya Rajoy. Ese es su estribillo compartido, al menos desde 2003. Hace a\u00f1os hemos escrito, en m\u00e1s de una ocasi\u00f3n, en esta columna, que Rajoy es el Presidente del Gobierno que ha sido objeto de una campa\u00f1a de acoso y derribo m\u00e1s sistem\u00e1tica y permanente. Contra \u00e9l han valido toda clase se infundios, por desmadrados y est\u00fapidos que fueran. Pero ese Rajoy al que tildan de poco simp\u00e1tico o de que no tiene carisma, posee, sin embargo una cualidad indispensable para un l\u00edder y no demasiado frecuente: determinaci\u00f3n. Una virtud pol\u00edtica especialmente necesaria \u201cen tiempos de tribulaci\u00f3n\u201d y que le da fuerza para resistir presiones e imposiciones, tanto las que han venido desde dentro, como las que han llegado de Bruselas, porque cualquiera que analice sus trayectoria sabe que las \u201crecomendaciones\u201d de la UE o del MFI o del BCE, las escucha pero, antes de aplicarlas, las pasa por el tamiz de los intereses de los espa\u00f1oles y las rechaza si el resultado es negativo. Por eso no ha habido una segunda subida del IVA y por eso en estos PGE se inicia una prometida y deseada bajada de impuestos. Pero, a diferencia de los pol\u00edticos de la oposici\u00f3n, que siguen pensando que el dinero nace de los \u00e1rboles, Rajoy no ofrece lo que no tiene.<\/p>\n<p style=\"text-align: justify;\">Aunque se oye que ese pol\u00edtico reci\u00e9n llegado \u2013aunque todav\u00eda no al \u00e1mbito de la pol\u00edtica nacional- y que preside ese partido en agraz y sin perfiles definidos que se autotitula Ciudadanos- le quiere discutir a Rajoy la Presidencia del Gobierno uno no sabe muy bien si estallar en carcajadas o si sorprenderse de que tal grado de desfachatez circule libremente por el panorama nacional. Rajoy es el Presidente del Gobierno con m\u00e1s \u00e9xito de la eurozona. Es un hecho que en Europa no duda nadie y que se utiliza como el m\u00e1s valioso contrapunto contra el aventurerismo griego.<\/p>\n<p style=\"text-align: justify;\">Para salvaguardar el futuro de todo el pa\u00eds, los espa\u00f1oles debieran darle a Rajoy una mayor\u00eda suficiente para que pudiera gobernar otra legislatura, culminando la tarea emprendida en esta. Las encuestas son muy dudosas, pero mucho cuidado con las encuestas. \u00bfAlguien se cree de verdad que el\/la pol\u00edtico\/a m\u00e1s popular de Espa\u00f1a es la se\u00f1ora Uxue Barcos? Menuda broma: Si se encuestase a esos que la valoran tan positivamente, se ver\u00eda que, ni la mitad, podr\u00edan identificarla personal o pol\u00edticamente. El funcionamiento del equ\u00edvoco mecanismo se conoce muy bien, pero a los medios les encantan estas listas de aprobados y suspensos sin ning\u00fan sentido<\/p>\n<p style=\"text-align: justify;\">Pero si Rajoy necesitara los votos de alguna otra formaci\u00f3n, si \u00e9sta posee el m\u00e1s indispensable sentido de la responsabilidad, sabr\u00e1 que podr\u00e1 negociar muchas cosas (salvo aquellas que afectan al inter\u00e9s general de Espa\u00f1a o salvo peque\u00f1as mandangas que no mejoran el sistema y que solo tienen un mero inter\u00e9s electoral); pero lo que no podr\u00e1 hacer, en ning\u00fan caso, es discutirle la direcci\u00f3n pol\u00edtica del pa\u00eds. Una misi\u00f3n para la que no hay en este momento ninguna otra persona con las m\u00ednimas cualidades para desempe\u00f1arla. Y desde luego, esto incluye a los l\u00edderes de los nuevos partidos que, a empujones, tratan de hacerse un hueco en la pol\u00edtica espa\u00f1ola. Y el \u00fanico partido que podr\u00eda ser alternativa o que, responsablemente, podr\u00eda servir de apoyo a esta tarea, carece en este momento de un liderazgo competente y consolidado para afrontarla\u00bb.<\/p>\n","protected":false},"excerpt":{"rendered":"<p>Quiero haceros participes de un magn\u00edfico art\u00edculo que\u00a0 ha hecho mi amigo y compa\u00f1ero en el Senado, Alejandro Mu\u00f1oz-Alonso. \u00abMuy mal les ha sentado a los componentes de la variopinta oposici\u00f3n que pulula por el escenario pol\u00edtico espa\u00f1ol que el Gobierno de Rajoy presente los Presupuestos (PGE) para 2016. Pero ten\u00eda toda la l\u00f3gica que [&hellip;]<\/p>\n","protected":false},"author":1,"featured_media":0,"comment_status":"open","ping_status":"open","sticky":false,"template":"","format":"standard","meta":{"footnotes":""},"categories":[5],"tags":[],"class_list":["post-1932","post","type-post","status-publish","format-standard","hentry","category-parlamentario"],"_links":{"self":[{"href":"https:\/\/elblogdejoseblasfernandez.com\/index.php?rest_route=\/wp\/v2\/posts\/1932","targetHints":{"allow":["GET"]}}],"collection":[{"href":"https:\/\/elblogdejoseblasfernandez.com\/index.php?rest_route=\/wp\/v2\/posts"}],"about":[{"href":"https:\/\/elblogdejoseblasfernandez.com\/index.php?rest_route=\/wp\/v2\/types\/post"}],"author":[{"embeddable":true,"href":"https:\/\/elblogdejoseblasfernandez.com\/index.php?rest_route=\/wp\/v2\/users\/1"}],"replies":[{"embeddable":true,"href":"https:\/\/elblogdejoseblasfernandez.com\/index.php?rest_route=%2Fwp%2Fv2%2Fcomments&post=1932"}],"version-history":[{"count":1,"href":"https:\/\/elblogdejoseblasfernandez.com\/index.php?rest_route=\/wp\/v2\/posts\/1932\/revisions"}],"predecessor-version":[{"id":1933,"href":"https:\/\/elblogdejoseblasfernandez.com\/index.php?rest_route=\/wp\/v2\/posts\/1932\/revisions\/1933"}],"wp:attachment":[{"href":"https:\/\/elblogdejoseblasfernandez.com\/index.php?rest_route=%2Fwp%2Fv2%2Fmedia&parent=1932"}],"wp:term":[{"taxonomy":"category","embeddable":true,"href":"https:\/\/elblogdejoseblasfernandez.com\/index.php?rest_route=%2Fwp%2Fv2%2Fcategories&post=1932"},{"taxonomy":"post_tag","embeddable":true,"href":"https:\/\/elblogdejoseblasfernandez.com\/index.php?rest_route=%2Fwp%2Fv2%2Ftags&post=1932"}],"curies":[{"name":"wp","href":"https:\/\/api.w.org\/{rel}","templated":true}]}}