{"id":1934,"date":"2015-08-12T11:47:46","date_gmt":"2015-08-12T09:47:46","guid":{"rendered":"http:\/\/elblogdejoseblasfernandez.com\/?p=1934"},"modified":"2015-08-12T11:47:46","modified_gmt":"2015-08-12T09:47:46","slug":"ciencias-del-trabajo-una-facultad-que-cumple-sus-xxv-anos-en-cadiz","status":"publish","type":"post","link":"https:\/\/elblogdejoseblasfernandez.com\/?p=1934","title":{"rendered":"CIENCIAS DEL TRABAJO, UNA FACULTAD QUE CUMPLE SUS XXV A\u00d1OS EN C\u00c1DIZ"},"content":{"rendered":"<p style=\"text-align: justify;\">\u00a0\u00a0\u00a0\u00a0\u00a0\u00a0\u00a0\u00a0 La actual Facultad de Ciencias del Trabajo de C\u00e1diz tuvo su origen en el a\u00f1o 1990, cuando por Decreto 205\/1990, de 3 de Julio, se cre\u00f3 la Escuela Universitaria de Graduado Social en la Universidad de C\u00e1diz, public\u00e1ndose este Decreto en el BOJA de 4 de Agosto de 1990, por el entonces Consejero de Educaci\u00f3n y Ciencias, en funciones, <strong>Antonio Pascual Acosta<\/strong> y siendo Presidente de la Junta de Andaluc\u00eda, <strong>Jos\u00e9 Rodriguez de la Borbolla y Camoyan<\/strong>. Hasta aqu\u00ed, todo parece sencillo y como si todo se\u00a0\u00a0 hubiera\u00a0 iniciado gracias a la voluntad caprichosa de unos pocos, pero al cumplirse en este a\u00f1o 2015 su XXV aniversario hay que recordar c\u00f3mo\u00a0 y\u00a0 cu\u00e1ndo se llega\u00a0 hasta aqu\u00ed y c\u00f3mo\u00a0 una larga historia precedente a esa fecha\u00a0 ha existido.<\/p>\n<p style=\"text-align: justify;\">\u00a0\u00a0\u00a0\u00a0\u00a0\u00a0\u00a0\u00a0 El origen de las hoy Facultades\u00a0 de Ciencias del Trabajo nace en el a\u00f1o 1925, por el Real Decreto de 17 de Agosto, cuando se crean las Escuelas Sociales y se promulgan por\u00a0 Orden\u00a0 de 12 de Agosto de 1926, como estudios de nivel superior. M\u00e1s tarde, por Decreto de 21 de Julio de 1933, estas Escuelas Sociales\u00a0 pasan a depender del Ministerio de Instrucci\u00f3n P\u00fablica y Bellas Artes y el 12 de Octubre del mismo a\u00f1o, por un Decreto de la entonces Rep\u00fablica, \u00a0\u00a0se devuelven estas ense\u00f1anzas al Ministerio de Trabajo, por entender que su tutela era un instrumento b\u00e1sico de control del mundo laboral. La desgraciada Guerra Civil paraliz\u00f3 las ense\u00f1anzas y luego por Orden de 4 de Marzo de 1940 se declara la subsistencia de estas Escuelas gracias a la buena intervenci\u00f3n del Catedr\u00e1tico <strong>Eugenio P\u00e9rez Botija<\/strong>, el cual pide que estas pasen a la Universidad, cosa que se queda algo suspendido hasta que en C\u00e1diz se crea la Academia Profesional de San Raimundo de Pe\u00f1afort, por Orden de Mayo de 1955, destinada a impartir ense\u00f1anzas de Derecho para alumnos por libre, pero ese Seminario desiste de ese fin y en Octubre de 1959\u00a0 obtiene el reconocimiento de la Escuela Social de Granada y se empiezan a impartir los estudios de Graduado Social, recordando aqu\u00ed a su fundadores, promotores y profesores ejemplares como fueron <strong>Francisco Wihelmi<\/strong>, Magistrado de Trabajo, <strong>Francisco Esteban Hanza<\/strong>, Inspector de Trabajo y Delegado del Ministerio de Trabajo en la provincia, <strong>Hip\u00f3lito Hern\u00e1ndez Garc\u00eda<\/strong>, Fiscal-Jefe de la Audiencia Provincial de C\u00e1diz,\u00a0 <strong>Antonio Bresca Fern\u00e1ndez<\/strong>, Coronel-Auditor de la Armada y <strong>Emilio Jim\u00e9nez\u00a0 Villarejo<\/strong>, General-Auditor de la Armada, cre\u00e1ndose en 1967 la Secci\u00f3n Filial \u201cCentro Monse\u00f1or Cirarda\u201d, en Jerez Ftra. En ese Seminario cursaron muchos alumnos sus estudios y hoy son excelentes profesionales del Derecho Socio-Laboral, gracias a personas que trabajaron como profesores y entre otros recuerdo tambi\u00e9n a <strong>Alfredo Salvador Bosque, Jos\u00e9 Lorca, Juan Palma, Julio Vecino, Juan Manzano, Antonio Mar\u00edn, Jes\u00fas Mancha, Emilio Corbacho y Jos\u00e9 Luis Marquina<\/strong>, entre otros, siendo su gran anfitri\u00f3n hasta el ocaso de este Seminario, el General-Auditor de la Armada y gran Director, \u00a0<strong>Emilio Jim\u00e9nez Villarejo<\/strong>, quien fue nombrado Colegiado Em\u00e9rito\u00a0 del Colegio de Graduados Sociales de C\u00e1diz el 2 de Julio de 2010.<\/p>\n<p style=\"text-align: justify;\">\u00a0\u00a0\u00a0\u00a0\u00a0\u00a0\u00a0\u00a0 Pero con el Seminario a\u00fan en marcha, por Real Decreto 921\/1980, de 3 de Mayo, de Ordenaci\u00f3n de las Ense\u00f1anzas de Graduado Social,\u00a0 \u00e9stas pasan a depender del Ministerio de Universidades e Investigaci\u00f3n y dejan para siempre el de Trabajo, pasando los estudios universitarios por Real Decreto 1524\/1986, de 3 de Junio a la Universidad como Diplomatura, hasta que por Real Decreto 1592\/1999, de 15 de Octubre, se estableci\u00f3 el T\u00edtulo de Licenciado en Ciencias del Trabajo, siendo Ministro de Educaci\u00f3n en ese momento, <strong>Mariano Rajoy,<\/strong> actual Presidente del Gobierno de Espa\u00f1a.<\/p>\n<p style=\"text-align: justify;\">\u00a0\u00a0\u00a0\u00a0\u00a0\u00a0\u00a0\u00a0 Por todo esto, la Facultad de Ciencias del Trabajo de C\u00e1diz cumple 25 a\u00f1os de su existencia, sino olvidar que\u00a0 en el a\u00f1o 2000 sufre su edificio una renovaci\u00f3n total con unas magn\u00edficas instalaciones y un capital humano inconfundible, siendo acreedora por su trayectoria y coincidiendo con esta efem\u00e9rides de la concesi\u00f3n de la <strong>Medalla de Oro del Colegio Oficial de Graduados Sociales de C\u00e1diz<\/strong>, en base a su lazos de uni\u00f3n que siempre hemos tenido,\u00a0 y con\u00a0 la figura de su actual Decana y Catedr\u00e1tica de Derecho del Trabajo, <strong>Eva Garrido P\u00e9rez<\/strong>, se han llegado a conseguir grandes logros y ciclos profesionales que quedan ah\u00ed para la historia de la Universidad y de la Facultad.<\/p>\n<p style=\"text-align: justify;\">\u00a0\u00a0\u00a0\u00a0\u00a0\u00a0\u00a0\u00a0 No quiero cerrar este recuerdo sin mencionar a muchos profesores y catedr\u00e1ticos que en estos \u00faltimos a\u00f1os han trabajado por estos estudios y por la profesi\u00f3n en definitiva y quiero mencionar a <strong>Francisca Fuentes Rodr\u00edguez<\/strong>, que fue tambi\u00e9n Decana y conseguidora junto al Colegio de Graduados Sociales de C\u00e1diz del actual \u201cGrado\u201d, as\u00ed como al entonces Rector de la Universidad de C\u00e1diz, <strong>Jos\u00e9 Luis Romero Polanco<\/strong>, <strong>Jos\u00e9 M\u00aa Santamar\u00eda, Rodrigo S\u00e1nchez, M\u00aa Amalia Blandino, M\u00aa Dolores Cervilla, \u00a0Carmen Jover, David Almorza, Carlos Guill\u00e9n, Mar\u00eda del Junco, Miguel Sanz <\/strong>y otros muchos que han colaborado en este\u00a0 proyecto, pidiendo disculpas por no mencionarlos a todos debido a la larga lista de nombres.<\/p>\n<p style=\"text-align: justify;\">\u00a0\u00a0\u00a0\u00a0\u00a0\u00a0\u00a0\u00a0 Por todo ello, este curso que se inicia, no puede olvidar que la Facultad\u00a0 gaditana cumple sus Bodas de Plata y que desde el Colegio le deseamos lo mejor, siendo ese precioso edificio ubicado en la calle Enrique Villegas V\u00e9lez, n\u00ba 1, en el coraz\u00f3n del Barrio de la Vi\u00f1a, frente a la playa de La Caleta y entre los\u00a0 Baluartes de San Sebasti\u00e1n y Santa Catalina, el cual fue en su d\u00eda la \u201cCasa de la Moneda\u201d, una de las Facultades m\u00e1s brillantes de nuestra Universidad gaditana.<\/p>\n<p style=\"text-align: justify;\">\u00a1Enhorabuena a tantos profesionales que desde 1990 os hab\u00e9is formado all\u00ed!<\/p>\n","protected":false},"excerpt":{"rendered":"<p>\u00a0\u00a0\u00a0\u00a0\u00a0\u00a0\u00a0\u00a0 La actual Facultad de Ciencias del Trabajo de C\u00e1diz tuvo su origen en el a\u00f1o 1990, cuando por Decreto 205\/1990, de 3 de Julio, se cre\u00f3 la Escuela Universitaria de Graduado Social en la Universidad de C\u00e1diz, public\u00e1ndose este Decreto en el BOJA de 4 de Agosto de 1990, por el entonces Consejero de [&hellip;]<\/p>\n","protected":false},"author":1,"featured_media":0,"comment_status":"open","ping_status":"open","sticky":false,"template":"","format":"standard","meta":{"footnotes":""},"categories":[3],"tags":[],"class_list":["post-1934","post","type-post","status-publish","format-standard","hentry","category-vida-profesional"],"_links":{"self":[{"href":"https:\/\/elblogdejoseblasfernandez.com\/index.php?rest_route=\/wp\/v2\/posts\/1934","targetHints":{"allow":["GET"]}}],"collection":[{"href":"https:\/\/elblogdejoseblasfernandez.com\/index.php?rest_route=\/wp\/v2\/posts"}],"about":[{"href":"https:\/\/elblogdejoseblasfernandez.com\/index.php?rest_route=\/wp\/v2\/types\/post"}],"author":[{"embeddable":true,"href":"https:\/\/elblogdejoseblasfernandez.com\/index.php?rest_route=\/wp\/v2\/users\/1"}],"replies":[{"embeddable":true,"href":"https:\/\/elblogdejoseblasfernandez.com\/index.php?rest_route=%2Fwp%2Fv2%2Fcomments&post=1934"}],"version-history":[{"count":2,"href":"https:\/\/elblogdejoseblasfernandez.com\/index.php?rest_route=\/wp\/v2\/posts\/1934\/revisions"}],"predecessor-version":[{"id":1938,"href":"https:\/\/elblogdejoseblasfernandez.com\/index.php?rest_route=\/wp\/v2\/posts\/1934\/revisions\/1938"}],"wp:attachment":[{"href":"https:\/\/elblogdejoseblasfernandez.com\/index.php?rest_route=%2Fwp%2Fv2%2Fmedia&parent=1934"}],"wp:term":[{"taxonomy":"category","embeddable":true,"href":"https:\/\/elblogdejoseblasfernandez.com\/index.php?rest_route=%2Fwp%2Fv2%2Fcategories&post=1934"},{"taxonomy":"post_tag","embeddable":true,"href":"https:\/\/elblogdejoseblasfernandez.com\/index.php?rest_route=%2Fwp%2Fv2%2Ftags&post=1934"}],"curies":[{"name":"wp","href":"https:\/\/api.w.org\/{rel}","templated":true}]}}