{"id":1940,"date":"2015-09-02T12:48:21","date_gmt":"2015-09-02T10:48:21","guid":{"rendered":"http:\/\/elblogdejoseblasfernandez.com\/?p=1940"},"modified":"2015-09-02T12:48:21","modified_gmt":"2015-09-02T10:48:21","slug":"la-incorporacion-de-pensionistas-al-sistema-se-reduce","status":"publish","type":"post","link":"https:\/\/elblogdejoseblasfernandez.com\/?p=1940","title":{"rendered":"LA INCORPORACI\u00d3N  DE PENSIONISTAS AL SISTEMA SE REDUCE."},"content":{"rendered":"<p align=\"center\">\u00a0<\/p>\n<p style=\"text-align: justify;\">\u00a0\u00a0\u00a0\u00a0\u00a0\u00a0\u00a0\u00a0 El Sistema\u00a0 P\u00fablico de Pensiones sigue siendo una de las grandes preocupaciones de los espa\u00f1oles y beneficiarios del mismo, pues los pensionistas ya poseen una n\u00f3mina que en este pasado mes de Agosto ha alcanzado los 8.270,54.- millones de euros, cuant\u00eda record que cada vez sigue subiendo m\u00e1s.<\/p>\n<p style=\"text-align: justify;\">\u00a0\u00a0\u00a0\u00a0\u00a0\u00a0\u00a0\u00a0 Los m\u00e1s de 8 millones de\u00a0 pensionistas supone un crecimiento de 2,8% en tasa anual el m\u00e1s\u00a0\u00a0 bajo de la serie hist\u00f3rica, pues aunque por Ley la subida es del 0,25%, \u00a0la incorporaci\u00f3n de pensionistas al sistema se est\u00e1 produciendo a menor\u00a0 ritmo que en a\u00f1os precedentes cuando durante los a\u00f1os del 2010 al 2013 y\u00a0 por\u00a0 la grave situaci\u00f3n\u00a0 de la econom\u00eda espa\u00f1ola, muchos hasta se prejubilaron con menor edad de la establecida por miedo a una deterioro de su econom\u00eda dom\u00e9stica, asegur\u00e1ndose as\u00ed unos ingresos permanentes, debi\u00e9ndose tener en cuenta que el n\u00famero anual de beneficiarios\u00a0 ha sido del 1%, el m\u00e1s reducido tambi\u00e9n de la serie hist\u00f3rica. Con estos datos,\u00a0 observamos c\u00f3mo el actual Gobierno sigue preocupado (como no pod\u00eda ser menos), pues el ritmo de las pensiones \u00a0en\u00a0 un pa\u00eds en el que no aumentaban las afiliaciones hasta ahora que se comprueban que son s\u00f3lidas las medidas tomadas, \u00a0era preocupante para el sistema el incremento de las prestaciones, \u00a0por lo que las pensiones desde el 2014 han mejorado en 227.000 pensiones y si comparamos con el escenario del 2011, han sido de 1.081.291 nuevas; un gasto de crecimiento constante que lleg\u00f3 a superar el 8% interanual en 2008, cuando\u00a0 comenz\u00f3 la crisis.\u00a0\u00a0 <\/p>\n<p style=\"text-align: justify;\">\u00a0\u00a0 \u00a0\u00a0\u00a0\u00a0\u00a0\u00a0Hoy, la pensi\u00f3n media de jubilaci\u00f3n alcanz\u00f3 los 1.023,50.- euros en Agosto, un 2.2% m\u00e1s que en el mismo periodo del pasado a\u00f1o, mientras otras, como viudedad,\u00a0 orfandad y en favor de familiares se situ\u00f3\u00a0 en 885,53.- euros, lo que supone un aumento interanual\u00a0 del 1,8%.<\/p>\n<p style=\"text-align: justify;\">\u00a0\u00a0\u00a0\u00a0\u00a0\u00a0\u00a0\u00a0 En definitiva, se debe saber que nuestro sistema p\u00fablico\u00a0 ya cuenta con 9.308.146 pensiones que es un 1% de\u00a0 incremento al a\u00f1o anterior, de las que 5.645.223\u00a0 son jubilaciones, 2.350.932 son\u00a0 de viudedad, 933.072 de incapacidad permanente, 339.811 de orfandad y 39.108 de favor de familiares.\u00a0 Todo un reto que tenemos por delante y que ya se atisba un esfuerzo del sistema y m\u00e1s con la\u00a0 separaci\u00f3n de las pensiones contributivas y no contributivas que\u00a0 ha sido todo un acierto, por lo que este gasto cada vez mayor de las pensiones debe ser un acicate para que\u00a0 comprendamos mejor que\u00a0 hay que erradicar la econom\u00eda sumergida y llevar una\u00a0 gran batalla contra el fraude en todos los aspectos, tanto en el\u00a0 mercado laboral\u00a0 (lo cual conlleva afiliaciones y cotizaciones) como contra el cobro\u00a0 indebido de prestaciones. Todo ello, si queremos que nuestros pensionistas actuales y futuros cobren puntualmente y tengan una vejez sin sobresaltos.<\/p>\n","protected":false},"excerpt":{"rendered":"<p>\u00a0 \u00a0\u00a0\u00a0\u00a0\u00a0\u00a0\u00a0\u00a0 El Sistema\u00a0 P\u00fablico de Pensiones sigue siendo una de las grandes preocupaciones de los espa\u00f1oles y beneficiarios del mismo, pues los pensionistas ya poseen una n\u00f3mina que en este pasado mes de Agosto ha alcanzado los 8.270,54.- millones de euros, cuant\u00eda record que cada vez sigue subiendo m\u00e1s. \u00a0\u00a0\u00a0\u00a0\u00a0\u00a0\u00a0\u00a0 Los m\u00e1s de 8 [&hellip;]<\/p>\n","protected":false},"author":1,"featured_media":0,"comment_status":"open","ping_status":"open","sticky":false,"template":"","format":"standard","meta":{"footnotes":""},"categories":[3],"tags":[],"class_list":["post-1940","post","type-post","status-publish","format-standard","hentry","category-vida-profesional"],"_links":{"self":[{"href":"https:\/\/elblogdejoseblasfernandez.com\/index.php?rest_route=\/wp\/v2\/posts\/1940","targetHints":{"allow":["GET"]}}],"collection":[{"href":"https:\/\/elblogdejoseblasfernandez.com\/index.php?rest_route=\/wp\/v2\/posts"}],"about":[{"href":"https:\/\/elblogdejoseblasfernandez.com\/index.php?rest_route=\/wp\/v2\/types\/post"}],"author":[{"embeddable":true,"href":"https:\/\/elblogdejoseblasfernandez.com\/index.php?rest_route=\/wp\/v2\/users\/1"}],"replies":[{"embeddable":true,"href":"https:\/\/elblogdejoseblasfernandez.com\/index.php?rest_route=%2Fwp%2Fv2%2Fcomments&post=1940"}],"version-history":[{"count":2,"href":"https:\/\/elblogdejoseblasfernandez.com\/index.php?rest_route=\/wp\/v2\/posts\/1940\/revisions"}],"predecessor-version":[{"id":1944,"href":"https:\/\/elblogdejoseblasfernandez.com\/index.php?rest_route=\/wp\/v2\/posts\/1940\/revisions\/1944"}],"wp:attachment":[{"href":"https:\/\/elblogdejoseblasfernandez.com\/index.php?rest_route=%2Fwp%2Fv2%2Fmedia&parent=1940"}],"wp:term":[{"taxonomy":"category","embeddable":true,"href":"https:\/\/elblogdejoseblasfernandez.com\/index.php?rest_route=%2Fwp%2Fv2%2Fcategories&post=1940"},{"taxonomy":"post_tag","embeddable":true,"href":"https:\/\/elblogdejoseblasfernandez.com\/index.php?rest_route=%2Fwp%2Fv2%2Ftags&post=1940"}],"curies":[{"name":"wp","href":"https:\/\/api.w.org\/{rel}","templated":true}]}}