{"id":1954,"date":"2015-09-08T20:20:01","date_gmt":"2015-09-08T18:20:01","guid":{"rendered":"http:\/\/elblogdejoseblasfernandez.com\/?p=1954"},"modified":"2015-09-08T20:23:36","modified_gmt":"2015-09-08T18:23:36","slug":"el-magistrado-marquina-nos-ha-dejado","status":"publish","type":"post","link":"https:\/\/elblogdejoseblasfernandez.com\/?p=1954","title":{"rendered":"EL MAGISTRADO MARQUINA NOS HA DEJADO"},"content":{"rendered":"<p style=\"text-align: justify;\">\u00a0\u00a0\u00a0\u00a0\u00a0\u00a0\u00a0\u00a0 Ayer, d\u00eda 7 de Septiembre, muchos profesionales del Derecho Laboral y de la Judicatura despedimos a quien fue durante muchos a\u00f1os Magistrado de Trabajo (hoy de lo Social), Titular que fue de los Juzgados de lo Social de C\u00e1diz y Jerez Ftra. y Magistrado de Sala del Tribunal Superior de Justicia de Andalucia, con sede en Sevilla, refiri\u00e9ndome a <strong>Jos\u00e9 Luis Marquina Diez, <\/strong>\u00a0que \u00a0nos dej\u00f3 a quienes le conoc\u00edamos y especialmente a su familia en el dolor y la tristeza de verlo partir tras una larga vida dedicada a su misi\u00f3n de\u00a0 Juez. La Jurisdicci\u00f3n Social lo tuvo como un hombre conocedor de la materia y en sus sentencias siempre se notaba y ve\u00eda\u00a0 el profundo conocimiento de las leyes laborales y de Seguridad Social y, en especial, \u00a0porque pon\u00eda humanidad, cari\u00f1o y destreza judicial\u00a0 en todas sus resoluciones, pues han sido muchos a\u00f1os los que hemos visto la Justicia que impart\u00eda cercana y justa y aquella Justicia de laboratorio, que es cuando al justiciable no lo tienes cerca y te encuentras en\u00a0 un Tribunal Superior como fue el caso de Jos\u00e9 Luis Marquina.<\/p>\n<p style=\"text-align: justify;\">\u00a0\u00a0\u00a0\u00a0\u00a0\u00a0\u00a0\u00a0\u00a0 Jos\u00e9 Luis ha vivido muchos cambios bruscos que el Legislador le ha facilitado, desde la reforma de la Ley Org\u00e1nica del Poder Judicial hasta cientos de textos procesales\u00a0 que tuvo que interpretar, pero\u00a0 la nobleza de un Juez y ser persona antes que Juez le hizo acreedor del afecto de todos los operadores jur\u00eddicos que\u00a0 hemos trabajado y trabajamos en la Jurisdicci\u00f3n del Orden Social.\u00a0 Por eso, desde aqu\u00ed y como Presidente del Colegio de Graduados Sociales de C\u00e1diz-Ceuta, siempre te estaremos agradecidos por tu buen\u00a0 hacer y por tu cercan\u00eda, pues tantos a\u00f1os\u00a0 impartiendo Justicia y como profesor de este Colectivo sentimos\u00a0 tu partida,\u00a0 pero te tendremos presente como t\u00fa quer\u00edas, es decir, como amigo y \u00a0con tu \u00a0simp\u00e1tico y controvertido car\u00e1cter,\u00a0 pero con los valores que supiste mantener y los que supiste trasladar.\u00a0 Por eso la Jurisdicci\u00f3n Social hoy ha perdido un gran Magistrado.<\/p>\n<p>\u00a0\u00a0\u00a0\u00a0\u00a0\u00a0\u00a0\u00a0\u00a0 Para su viuda, <strong>Victoria Romero Sorroche e hijos, <\/strong>\u00a0nuestro recuerdo y afecto, pues\u00a0 han tenido un esposo y un padre modelo a seguir.<\/p>\n<p>&nbsp;<\/p>\n","protected":false},"excerpt":{"rendered":"<p>\u00a0\u00a0\u00a0\u00a0\u00a0\u00a0\u00a0\u00a0 Ayer, d\u00eda 7 de Septiembre, muchos profesionales del Derecho Laboral y de la Judicatura despedimos a quien fue durante muchos a\u00f1os Magistrado de Trabajo (hoy de lo Social), Titular que fue de los Juzgados de lo Social de C\u00e1diz y Jerez Ftra. y Magistrado de Sala del Tribunal Superior de Justicia de Andalucia, con [&hellip;]<\/p>\n","protected":false},"author":1,"featured_media":0,"comment_status":"open","ping_status":"open","sticky":false,"template":"","format":"standard","meta":{"footnotes":""},"categories":[3],"tags":[],"class_list":["post-1954","post","type-post","status-publish","format-standard","hentry","category-vida-profesional"],"_links":{"self":[{"href":"https:\/\/elblogdejoseblasfernandez.com\/index.php?rest_route=\/wp\/v2\/posts\/1954","targetHints":{"allow":["GET"]}}],"collection":[{"href":"https:\/\/elblogdejoseblasfernandez.com\/index.php?rest_route=\/wp\/v2\/posts"}],"about":[{"href":"https:\/\/elblogdejoseblasfernandez.com\/index.php?rest_route=\/wp\/v2\/types\/post"}],"author":[{"embeddable":true,"href":"https:\/\/elblogdejoseblasfernandez.com\/index.php?rest_route=\/wp\/v2\/users\/1"}],"replies":[{"embeddable":true,"href":"https:\/\/elblogdejoseblasfernandez.com\/index.php?rest_route=%2Fwp%2Fv2%2Fcomments&post=1954"}],"version-history":[{"count":3,"href":"https:\/\/elblogdejoseblasfernandez.com\/index.php?rest_route=\/wp\/v2\/posts\/1954\/revisions"}],"predecessor-version":[{"id":1962,"href":"https:\/\/elblogdejoseblasfernandez.com\/index.php?rest_route=\/wp\/v2\/posts\/1954\/revisions\/1962"}],"wp:attachment":[{"href":"https:\/\/elblogdejoseblasfernandez.com\/index.php?rest_route=%2Fwp%2Fv2%2Fmedia&parent=1954"}],"wp:term":[{"taxonomy":"category","embeddable":true,"href":"https:\/\/elblogdejoseblasfernandez.com\/index.php?rest_route=%2Fwp%2Fv2%2Fcategories&post=1954"},{"taxonomy":"post_tag","embeddable":true,"href":"https:\/\/elblogdejoseblasfernandez.com\/index.php?rest_route=%2Fwp%2Fv2%2Ftags&post=1954"}],"curies":[{"name":"wp","href":"https:\/\/api.w.org\/{rel}","templated":true}]}}