{"id":1964,"date":"2015-09-18T14:01:10","date_gmt":"2015-09-18T12:01:10","guid":{"rendered":"http:\/\/elblogdejoseblasfernandez.com\/?p=1964"},"modified":"2015-09-18T14:01:10","modified_gmt":"2015-09-18T12:01:10","slug":"mi-comparecencia-en-el-parlamento-andaluz","status":"publish","type":"post","link":"https:\/\/elblogdejoseblasfernandez.com\/?p=1964","title":{"rendered":"MI COMPARECENCIA EN EL PARLAMENTO ANDALUZ"},"content":{"rendered":"<p style=\"text-align: justify;\">\u00a0 El pasado 11 de Septiembre\u00a0 comparec\u00ed en la Comisi\u00f3n de Empleo, Empresa y Comercio del Parlamento de Andaluc\u00eda,\u00a0\u00a0 <strong>en mi calidad de Presidente de la Asociaci\u00f3n Espa\u00f1ola de Graduados Sociales Aut\u00f3nomos (AEGA)<\/strong>, junto a otros agentes sociales y organizaciones sindicales y\u00a0 empresariales interesados\u00a0 todos en la redacci\u00f3n del Proyecto de Ley de medidas urgentes para favorecer la inserci\u00f3n laboral, la estabilidad en el empleo, el retorno del talento y el fomento del trabajo aut\u00f3nomo, que los grupos pol\u00edticos est\u00e1n debatiendo en el Parlamento de Andaluc\u00eda, que deriva del Decreto Ley 2\/2015, de 3 de Marzo, de medidas urgentes\u00a0 para favorecer la inserci\u00f3n laboral, la estabilidad en el empleo, el retorno del talento y el fomento del trabajo aut\u00f3nomo, que fue publicado en el BOJA\u00a0 n\u00ba 48 de 11 de Marzo de 2015. Todo ello, dentro del tr\u00e1mite de iniciativa legislativa.<\/p>\n<p style=\"text-align: justify;\">En mi intervenci\u00f3n\u00a0 reclam\u00e9 \u201ccredibilidad\u201d en el sistema p\u00fablico andaluz de ayudas que fomenten la generaci\u00f3n de empleo, un factor del que, ahora mismo, adolece, debido a la tardanza con que se resuelven los expedientes de empresas que solicitan subvenciones a la creaci\u00f3n de puestos de trabajo y la posterior falta de recursos econ\u00f3micos para abonar las cuant\u00edas aprobadas, adem\u00e1s\u00a0 afirm\u00e9 que \u201cquienes crean empleo son las peque\u00f1as y medianas empresas\u201d, y que esta palanca se tiene que aprovechar creando un sistema p\u00fablico de ayudas que re\u00fana una serie de condiciones: en primer lugar, que sea \u201ccre\u00edble\u201d; en segundo t\u00e9rmino, que exista un nexo de comunicaci\u00f3n fluida entre colectivos como los Graduados Sociales, en su condici\u00f3n de asesores jur\u00eddicos de las empresas, y la administraci\u00f3n, para que exista fluidez en los tr\u00e1mites de ayudas. Y, en tercer lugar, que se elimine la \u201cambig\u00fcedad\u201d y \u201cduplicidad\u201d de leyes estatales y auton\u00f3micas que, en ocasiones, generan \u201cconfusi\u00f3n y contradicciones\u201d, pues no se puede legislar mirando s\u00f3lo a una Comunidad Aut\u00f3noma cuando existen leyes estatales que prevalecen en su contenido\u00a0 a muchas iniciativas como esta, recordando el PLEMCA y las ATIPE.<\/p>\n<p style=\"text-align: justify;\">\n<p style=\"text-align: justify;\">Alert\u00e9 ante los parlamentarios de la comisi\u00f3n a que se vigile la mala praxis de aquellas ayudas que se contemplan para alumnos en pr\u00e1cticas, en forma de becas, \u201cporque no son trabajadores y su situaci\u00f3n y funciones tienen que estar muy delimitadas\u201d y\u00a0 reclam\u00e9, por \u00faltimo, una mayor representatividad en los foros pertinentes de los aut\u00f3nomos que ejercen profesiones liberales, pues \u201c47 figuras profesionales est\u00e1n obligadas a ser trabajadores aut\u00f3nomos, adem\u00e1s de pertenecer a corporaciones de derecho p\u00fablico como los colegios profesionales, por lo que es muy importante que tambi\u00e9n est\u00e9n representados, ya que, adem\u00e1s de trabajadores, son empleadores\u201d,. Hice\u00a0 hincapi\u00e9, igualmente, en la creaci\u00f3n de empleo ficticio por parte de los Ayuntamientos para trabajadores en exclusi\u00f3n social que no es ni m\u00e1s ni menos que\u00a0 una filiaci\u00f3n\u00a0 temporal para luego percibir las prestaciones de desempleo y todas aquellas que derivan\u00a0 de estas altas, entendiendo que ello es un fraude de ley para la obtenci\u00f3n de prestaciones\u00a0 y no son competencias \u00e9stas de los Ayuntamientos, pues se est\u00e1 ante una competencia impropia de las Corporaciones Locales.<\/p>\n<p style=\"text-align: justify;\">\u00a0<\/p>\n","protected":false},"excerpt":{"rendered":"<p>\u00a0 El pasado 11 de Septiembre\u00a0 comparec\u00ed en la Comisi\u00f3n de Empleo, Empresa y Comercio del Parlamento de Andaluc\u00eda,\u00a0\u00a0 en mi calidad de Presidente de la Asociaci\u00f3n Espa\u00f1ola de Graduados Sociales Aut\u00f3nomos (AEGA), junto a otros agentes sociales y organizaciones sindicales y\u00a0 empresariales interesados\u00a0 todos en la redacci\u00f3n del Proyecto de Ley de medidas urgentes [&hellip;]<\/p>\n","protected":false},"author":1,"featured_media":0,"comment_status":"open","ping_status":"open","sticky":false,"template":"","format":"standard","meta":{"footnotes":""},"categories":[3],"tags":[],"class_list":["post-1964","post","type-post","status-publish","format-standard","hentry","category-vida-profesional"],"_links":{"self":[{"href":"https:\/\/elblogdejoseblasfernandez.com\/index.php?rest_route=\/wp\/v2\/posts\/1964","targetHints":{"allow":["GET"]}}],"collection":[{"href":"https:\/\/elblogdejoseblasfernandez.com\/index.php?rest_route=\/wp\/v2\/posts"}],"about":[{"href":"https:\/\/elblogdejoseblasfernandez.com\/index.php?rest_route=\/wp\/v2\/types\/post"}],"author":[{"embeddable":true,"href":"https:\/\/elblogdejoseblasfernandez.com\/index.php?rest_route=\/wp\/v2\/users\/1"}],"replies":[{"embeddable":true,"href":"https:\/\/elblogdejoseblasfernandez.com\/index.php?rest_route=%2Fwp%2Fv2%2Fcomments&post=1964"}],"version-history":[{"count":1,"href":"https:\/\/elblogdejoseblasfernandez.com\/index.php?rest_route=\/wp\/v2\/posts\/1964\/revisions"}],"predecessor-version":[{"id":1968,"href":"https:\/\/elblogdejoseblasfernandez.com\/index.php?rest_route=\/wp\/v2\/posts\/1964\/revisions\/1968"}],"wp:attachment":[{"href":"https:\/\/elblogdejoseblasfernandez.com\/index.php?rest_route=%2Fwp%2Fv2%2Fmedia&parent=1964"}],"wp:term":[{"taxonomy":"category","embeddable":true,"href":"https:\/\/elblogdejoseblasfernandez.com\/index.php?rest_route=%2Fwp%2Fv2%2Fcategories&post=1964"},{"taxonomy":"post_tag","embeddable":true,"href":"https:\/\/elblogdejoseblasfernandez.com\/index.php?rest_route=%2Fwp%2Fv2%2Ftags&post=1964"}],"curies":[{"name":"wp","href":"https:\/\/api.w.org\/{rel}","templated":true}]}}