{"id":1969,"date":"2015-09-25T11:15:29","date_gmt":"2015-09-25T09:15:29","guid":{"rendered":"http:\/\/elblogdejoseblasfernandez.com\/?p=1969"},"modified":"2015-09-25T12:22:54","modified_gmt":"2015-09-25T10:22:54","slug":"se-inaugura-gracias-al-gobierno-del-pp-el-mejor-puente-de-espana","status":"publish","type":"post","link":"https:\/\/elblogdejoseblasfernandez.com\/?p=1969","title":{"rendered":"SE INAUGURA, GRACIAS AL GOBIERNO DEL PP, EL MEJOR PUENTE DE ESPA\u00d1A"},"content":{"rendered":"<p style=\"text-align: justify;\"><strong>\u00a0\u00a0\u00a0\u00a0\u00a0\u00a0\u00a0\u00a0 <\/strong>M\u00e1s de 8 a\u00f1os se ha tardado en construir\u00a0 uno de los mejores puentes de Europa,\u00a0 pues\u00a0 antes del par\u00f3n llevado a cabo por el Gobierno de Jos\u00e9 Luis Rodriguez Zapatero y pese a que la Ministra de Fomento, D\u00f1a. Magdalena Alvarez, es gaditana, s\u00f3lo tuvimos\u00a0 una gran parafernalia\u00a0 de la presentaci\u00f3n\u00a0 en el antiguo chalet del Gobierno Civil de Cadiz y\u00a0 como es habitual, \u00a0en el Sr. Rodriguez Zapatero, \u00a0todo qued\u00f3 \u00a0lleno de trampas econ\u00f3micas\u00a0 y fue\u00a0 la Ministra de Fomento del actual Gobierno del Partido Popular quien con el gran puntal de Te\u00f3fila Mart\u00ednez y su equipo de Gobierno han hecho posible trabajar y dejarse la piel para que hoy, d\u00eda de la Merced, se abriese al tr\u00e1fico el tercer acceso a C\u00e1diz para bien de los gaditanos y de su provincia.<\/p>\n<p style=\"text-align: justify;\">\u00a0\u00a0\u00a0\u00a0\u00a0\u00a0\u00a0\u00a0 He tenido el honor de asistir en mi doble condici\u00f3n, \u00a0\u00a0como Concejal del Ayuntamiento de C\u00e1diz y como Senador de esta provincia y, la verdad, que ha quedado en mi retina momentos y an\u00e9cdotas inolvidables como a\u00fan recuerdo la inauguraci\u00f3n en octubre de 1969 del primer puente \u201cJos\u00e9 Le\u00f3n de Carranza\u201d.<\/p>\n<p style=\"text-align: justify;\">\u00a0\u00a0\u00a0\u00a0\u00a0\u00a0\u00a0\u00a0 Sobre las doce de la ma\u00f1ana del d\u00eda 24 de\u00a0este mes de Septiembre, \u00a0el director de las obras, Fernando Pedrazo, hizo una exposici\u00f3n sobre paneles\u00a0 de todo el acontecer de esta gran infraestructura, donde la ingenier\u00eda ha sido la gran protagonista del evento y donde se nos dijo, por simple curiosidad, que los tirantes puestos uno detr\u00e1s de otro llegar\u00edan hasta Par\u00eds, es decir, que estamos ante el puente atirantado m\u00e1s grande del mundo, con 69 metros de g\u00e1libo \u00a0vertical o altura sobre el nivel del mar y donde los pilonos\u00a0 que sustentan los 176 tirantes de acero alcanzan los 185 metros de altura, haci\u00e9ndose un lugar entre las torres m\u00e1s altas de Espa\u00f1a. Esto sit\u00faa a este puente en altitud, tan s\u00f3lo por detr\u00e1s \u00a0\u00a0\u00a0del Verrazano de Nueva York, de 211 metros de altura y de 3 kil\u00f3metros de largo y 5 si se incluyen los tramos de C\u00e1diz y Puerto Real.<\/p>\n<p style=\"text-align: justify;\">\n<p style=\"text-align: justify;\">\u00a0\u00a0\u00a0\u00a0\u00a0\u00a0\u00a0\u00a0 El Presidente del Gobierno, Mariano Rajoy, estuvo acompa\u00f1ado de la Presidenta de la Junta de Andaluc\u00eda, alg\u00fan que otro Consejero y por supuesto, de la Ministra Ana Pastor, donde tras la explicaci\u00f3n de la obra estuvimos embarcados en unos autobuses viendo una de las maravillas m\u00e1s importantes con las \u00a0que hoy cuenta no s\u00f3lo C\u00e1diz, sino Espa\u00f1a. Quiero, por tanto, hacer menci\u00f3n\u00a0 a que\u00a0 la que ha sido alcaldesa durante 20 a\u00f1os y a la que he acompa\u00f1ado en sus luces y sombras, ha recibido la satisfacci\u00f3n de ver\u00a0 este gran proyecto resuelto y puesto en valor, pues cu\u00e1nta ilusi\u00f3n ten\u00edamos los gaditanos en verlo y hoy ya es una realidad meridiana, pero no quiero olvidar ni dejar atr\u00e1s\u00a0 las m\u00faltiples pamplinas que el Alcalde actual de C\u00e1diz, el cual precisamente no ha sido el m\u00e1s votado, sino que est\u00e1 ah\u00ed por el fruto de la mesa de camilla del Partido Socialista, manifest\u00f3 \u00a0al decir \u00a0que a\u00fan la ciudad no estaba preparada para recibir\u00a0 esta infraestructura, es decir que \u201cKichi\u201d, \u00a0que lo sabe todo y que como buen liberado sindical tendr\u00e1 unos conocimientos alt\u00edsimos de no hacer nada, pues por criticar y por poner\u00a0 un poquito de chirigoteo o perd\u00f3n comparsa, al puente,\u00a0 asisti\u00f3 con la boca chica y\u00a0 por supuesto ning\u00fan\u00a0 concejal de podemos tuvo tiempo para acompa\u00f1arle, pues sab\u00eda que el \u00e9xito no era de ellos y que para hacer el rid\u00edculo siempre ten\u00edan tiempo. Pero no importa, C\u00e1diz ha recibido este gran regalo\u00a0 y nos abrimos de nuevo a toda la provincia con las mejores conexiones para que todas las infraestructuras que los gaditanos han podido recibir en estos \u00faltimos 20 a\u00f1os tengan el ensamblaje perfecto para seguir hacia la prosperidad y al futuro que tanto nos merecemos.\u00a0 <\/p>\n<p style=\"text-align: justify;\">\u00a0\u00a0\u00a0\u00a0\u00a0\u00a0\u00a0\u00a0 Quiero recordar en esta inauguraci\u00f3n a muchos amigos y amigas que all\u00ed han estado y, por ejemplo,\u00a0 he visto con cari\u00f1o a muchos periodistas del Diario de C\u00e1diz como Jos\u00e9 Antonio Hidalgo, Melchor Mateo, Pablo Durio, Rafael Nava, Pedro Espinosa y otros que no pude saludar ante tanta gente, tambi\u00e9n a compa\u00f1eros de partido como \u00a0Antonio Sanz en calidad de Delegado del Gobierno, Javier de Torre, Subdelegado del Gobierno, Eugenio Santa B\u00e1rbara, Jefe de la Inspecci\u00f3n de Trabajo, Susana D\u00edaz, Presidenta de la Junta, con la cual\u00a0 tuve\u00a0 oportunidad de recordar\u00a0 nuestro trabajo en la Comisi\u00f3n de Empleo del Senado, \u00a0cuando antes de ser Presidenta era Senadora\u00a0\u00a0 por la Comunidad Aut\u00f3noma, \u00a0concejales y ex concejales del Ayuntamiento, Parlamentarios como Aurelio Romero, \u00a0Teresa Sillero, Sebasti\u00e1n Ruiz, el Consejero y Vice-Presidente de la Junta de Andalucia, Chiqui Jim\u00e9nez Barrios \u00a0y otros que posiblemente de los que me olvide por la multitud de gente que me rodeaban, pero en resumen ha sido un gran d\u00eda para C\u00e1diz y me siento orgulloso de haber llegado hasta aqu\u00ed y quedar para la historia tanto como Parlamentario de un Gobierno\u00a0 que ha forjado y hecho esto, como Primer Teniente de Alcalde y Concejal de un Ayuntamiento que ha sabido tener cintura y conseguir algo que era impensable desde 1980.<\/p>\n<p style=\"text-align: justify;\">\u00a0\u00a0\u00a0\u00a0\u00a0\u00a0\u00a0\u00a0\u00a0 Para terminar, quiero dejar mi felicitaci\u00f3n a Javier Manterola, autor del proyecto del puente que como Ingeniero de Caminos y espa\u00f1ol es una eminencia de la ingenier\u00eda y con el cual he departido varias veces en las visitas que hicimos\u00a0 durante la construcci\u00f3n y, c\u00f3mo no, a Dragados y Construcciones donde trabaj\u00e9 y donde me form\u00e9 en muchos conocimientos del Derecho del Trabajo, pues tuve a un gran maestro como es Juan Antonio Sagardoy Bengoechea que\u00a0 trabaj\u00f3 en la misma empresa y cerca de los a\u00f1os 80 los dos abandonamos la empresa para ejercer libremente.<\/p>\n<p style=\"text-align: justify;\">\u00a0\u00a0\u00a0\u00a0\u00a0\u00a0\u00a0\u00a0 Kichi, lo siento\u00a0 por ti, pero t\u00fa en este asunto s\u00f3lo has valido para hacerte una foto y por desgracia\u00a0 con una vestimenta poco apropiada para el evento. As\u00ed no se representa a todos los gaditanos.<\/p>\n<p style=\"text-align: justify;\">\u00a0<\/p>\n<p style=\"text-align: justify;\">\u00a0<\/p>\n<p style=\"text-align: justify;\">\u00a0<\/p>\n","protected":false},"excerpt":{"rendered":"<p>\u00a0\u00a0\u00a0\u00a0\u00a0\u00a0\u00a0\u00a0 M\u00e1s de 8 a\u00f1os se ha tardado en construir\u00a0 uno de los mejores puentes de Europa,\u00a0 pues\u00a0 antes del par\u00f3n llevado a cabo por el Gobierno de Jos\u00e9 Luis Rodriguez Zapatero y pese a que la Ministra de Fomento, D\u00f1a. Magdalena Alvarez, es gaditana, s\u00f3lo tuvimos\u00a0 una gran parafernalia\u00a0 de la presentaci\u00f3n\u00a0 en el [&hellip;]<\/p>\n","protected":false},"author":1,"featured_media":0,"comment_status":"open","ping_status":"open","sticky":false,"template":"","format":"standard","meta":{"footnotes":""},"categories":[1,4],"tags":[],"class_list":["post-1969","post","type-post","status-publish","format-standard","hentry","category-sin-categoria","category-vida-publica"],"_links":{"self":[{"href":"https:\/\/elblogdejoseblasfernandez.com\/index.php?rest_route=\/wp\/v2\/posts\/1969","targetHints":{"allow":["GET"]}}],"collection":[{"href":"https:\/\/elblogdejoseblasfernandez.com\/index.php?rest_route=\/wp\/v2\/posts"}],"about":[{"href":"https:\/\/elblogdejoseblasfernandez.com\/index.php?rest_route=\/wp\/v2\/types\/post"}],"author":[{"embeddable":true,"href":"https:\/\/elblogdejoseblasfernandez.com\/index.php?rest_route=\/wp\/v2\/users\/1"}],"replies":[{"embeddable":true,"href":"https:\/\/elblogdejoseblasfernandez.com\/index.php?rest_route=%2Fwp%2Fv2%2Fcomments&post=1969"}],"version-history":[{"count":5,"href":"https:\/\/elblogdejoseblasfernandez.com\/index.php?rest_route=\/wp\/v2\/posts\/1969\/revisions"}],"predecessor-version":[{"id":1976,"href":"https:\/\/elblogdejoseblasfernandez.com\/index.php?rest_route=\/wp\/v2\/posts\/1969\/revisions\/1976"}],"wp:attachment":[{"href":"https:\/\/elblogdejoseblasfernandez.com\/index.php?rest_route=%2Fwp%2Fv2%2Fmedia&parent=1969"}],"wp:term":[{"taxonomy":"category","embeddable":true,"href":"https:\/\/elblogdejoseblasfernandez.com\/index.php?rest_route=%2Fwp%2Fv2%2Fcategories&post=1969"},{"taxonomy":"post_tag","embeddable":true,"href":"https:\/\/elblogdejoseblasfernandez.com\/index.php?rest_route=%2Fwp%2Fv2%2Ftags&post=1969"}],"curies":[{"name":"wp","href":"https:\/\/api.w.org\/{rel}","templated":true}]}}