{"id":2006,"date":"2015-10-19T21:18:05","date_gmt":"2015-10-19T19:18:05","guid":{"rendered":"http:\/\/elblogdejoseblasfernandez.com\/?p=2006"},"modified":"2015-10-19T21:24:24","modified_gmt":"2015-10-19T19:24:24","slug":"el-sr-camacho-o%c2%b4neale-se-ha-quedado-obsoleto-en-sus-argumentos","status":"publish","type":"post","link":"https:\/\/elblogdejoseblasfernandez.com\/?p=2006","title":{"rendered":"EL SR. CAMACHO O\u00b4NEALE SE HA QUEDADO  OBSOLETO EN SUS ARGUMENTOS"},"content":{"rendered":"<p style=\"text-align: justify;\">\u00a0\u00a0\u00a0\u00a0 Ante la respuesta p\u00fablica del Decano del Colegio de Abogados de Jerez, donde se ha mostrado beligerante con el logro de los Graduados Sociales de obtener el turno de oficio y como consecuencia de una Tribuna Libre publicada por el referido Decano en el Diario de Jerez el pasado domingo, d\u00eda 18 de este mes de Octubre, publico en este blog la respuesta que le he dado al mismo:<\/p>\n<p style=\"text-align: justify;\">\u00abHay quienes, como el Decano del Colegio de Abogados de Jerez de la Frontera, Marcos Camacho O\u2019Neale, se sienten m\u00e1s c\u00f3modos en el pasado que en el presente, y no digamos en el futuro. \u00a0Gracias a la Tribuna Libre publicada este pasado domingo por DIARIO DE JEREZ, sabemos que a esta persona no le gustan los Graduados Sociales, que considera que es una profesi\u00f3n de segundo nivel en comparaci\u00f3n con la suya. Le molesta que, quienes cursan el mismo n\u00famero de cr\u00e9ditos, quienes completan unos estudios de id\u00e9ntico rango acad\u00e9mico, que quienes son tambi\u00e9n operadores jur\u00eddicos, seg\u00fan la Ley, le puedan mover la silla a tan ilustre se\u00f1or abogado.<\/p>\n<p style=\"text-align: justify;\">\u00a0<\/p>\n<p style=\"text-align: justify;\">\u00a0<\/p>\n<p style=\"text-align: justify;\">Tan preocupado anda al ver que sus privilegios de anta\u00f1o se difuminan, que no tiene m\u00e1s argumentos contra quienes evolucionan y avanzan, para atender una sociedad que demanda especialistas, que lanzar soflamas vac\u00edas de contenido del tipo: \u201cLos graduados juegan a ser abogados\u201d o \u201clo que no se consigue en la universidad se gana en los pasillos\u201d, entre otras perlas cultivadas por la mente de este representante profesional ante un hecho que pone en riesgo su zona de confort: que la reforma de la Ley de Enjuiciamiento Civil incluye en una Disposici\u00f3n Final Und\u00e9cima, una encomienda al Gobierno de la Naci\u00f3n, para que en un a\u00f1o se regule la capacitaci\u00f3n profesional de los Graduados Sociales de cara a su acceso al denominado \u201cturno de oficio\u201d, en los procedimientos de \u00edndole \u00a0de Seguridad Social, laboral y mercantil .<\/p>\n<p style=\"text-align: justify;\">Al letrado Camacho O\u00b4Neale le gusta desenterrar pol\u00e9micas antiguas, caducas y sin sentido, olvidadas ya para la mayor\u00eda, de guerras entre profesiones y profesionales, que no tienen sentido en el modelo de sociedad actual. En sus notas de prensa y \u00a0art\u00edculos nos muestra una l\u00ednea de defensa basada en el ataque f\u00e1cil, en la descalificaci\u00f3n superficial y en estereotipos clasistas hacia \u00a0todo un colectivo profesional como somos los Graduados Sociales.<\/p>\n<p style=\"text-align: justify;\">Por muchas cortinas de humo que el se\u00f1or Marcos Camacho O\u2019Neale trate de interponer entre la realidad y la sociedad, los hechos son contundentes y muchos m\u00e1s tozudos que sus amarillistas argumentos.<\/p>\n<p style=\"text-align: justify;\">Es un hecho que abogados y graduados sociales son dos profesiones de colegiaci\u00f3n obligada con el mismo rango acad\u00e9mico: cuatro cursos y t\u00edtulo de grado. Unos, graduados en Derecho y otros, graduados en Relaciones Laborales y Recursos Humanos.<\/p>\n<p style=\"text-align: justify;\">Tambi\u00e9n es un hecho, \u00a0del que parece quiere escapar el se\u00f1or Camacho,\u00a0 que la Ley Org\u00e1nica del Poder Judicial contempla tres profesiones que tienen el mismo rango de operador jur\u00eddico: Abogados, Graduados Sociales y Procuradores. Todos ellos, previa colegiaci\u00f3n obligatoria y con sus respectivas figuras procesales para actuar ante los Tribunales de Justicia, con la misma toga y a la misma altura en estrados que los Jueces, Magistrados y Fiscales, por lo que los Graduados Sociales tenemos, por ley, atribuciones para ejercer como operadores jur\u00eddicos en los \u00e1mbitos de la Jurisdicci\u00f3n Social y Mercantil y, por mucho que le moleste al decano de los abogados de Jerez, nuestra especializaci\u00f3n en estas materias es una garant\u00eda para la Justicia y los justiciables.<\/p>\n<p style=\"text-align: justify;\">A partir de ah\u00ed viene otro hecho m\u00e1s producto de la l\u00f3gica evoluci\u00f3n de nuestra sociedad. Ya sabemos que el se\u00f1or Marcos Camacho O\u00b4Neale se encuentra m\u00e1s c\u00f3modo en el pasado. Pero tendr\u00e1 que respetar que, si los Graduados Sociales pueden actuar ante los tribunales de lo Social y lo Mercantil, puedan igualmente hacerlo en aquellos casos que est\u00e9n bajo el amparo del sistema de representaci\u00f3n t\u00e9cnica gratuita, el denominado \u201cturno de oficio\u201d. Es algo tan obvio, l\u00f3gico y justo, que las Cortes, el \u00f3rgano democr\u00e1tico que representa la soberan\u00eda popular, eso que el se\u00f1or Camacho llama despectivamente \u201clos pasillos del Congreso\u201d, ha dado una encomienda al Gobierno de la Naci\u00f3n para que, en el plazo de un a\u00f1o, el acceso a este sistema de protecci\u00f3n al justiciable que carece de recursos en un procedimiento de orden social o mercantil, pueda llevarse a cabo con las mismas garant\u00edas que ahora existen en otras parcelas: penal, civil, etc.<\/p>\n<p style=\"text-align: justify;\">A partir de este mandato de las Cortes, una comisi\u00f3n integrada por el Ministerio de Justicia y los Consejos Generales de la Abogac\u00eda y Graduados Sociales, deber\u00e1 establecer los procedimientos de acceso a este turno de oficio y los requisitos en materia de formaci\u00f3n para que los Graduados Sociales, y tambi\u00e9n los Abogados, puedan acceder al mismo. Esto no se rige por un capricho unilateral del se\u00f1or Marcos Camacho O\u00b4Neale, cuya opini\u00f3n cuenta m\u00e1s bien poco y s\u00f3lo sirve para descalificar a unos profesionales que han sabido ganarse el respeto de la sociedad a la que sirven. Nuestra sociedad evoluciona, insisto. No se queda inm\u00f3vil ni anclada, como a usted le gustar\u00eda, se\u00f1or Camacho, para mantener antiguas prebendas y cotos cerrados. En democracia, se evoluciona constantemente en busca de \u00e1reas de mejora y especializaci\u00f3n en todos los \u00f3rdenes. Mientras usted convierte este debate en una cuesti\u00f3n clasista, de viajeros de primera y segunda clase, los graduados sociales seguiremos haciendo nuestro trabajo, especializ\u00e1ndonos en las materias que nos son propias, el \u00e1mbito social, laboral y mercantil.<\/p>\n<p style=\"text-align: justify;\">\n<p style=\"text-align: justify;\">Alg\u00fan d\u00eda, por qu\u00e9 no, veremos presidiendo una Sala de lo Social a un juez o una jueza con la m\u00e1xima especializaci\u00f3n, con el t\u00edtulo de Grado en Relaciones Laborales y Recursos Humanos. Cuando eso llegue,\u00a0 se\u00f1or Marcos Camacho O\u00b4Neale, vaya cambiando su l\u00ednea de defensa por una basada en hechos, no en rencores, envidias y dardos cargados de veneno contra una profesi\u00f3n tan digna como la suya: la de Graduado Social.<\/p>\n<p style=\"text-align: justify;\">P.D.: El Sr. Decano, que tanto le gusta las categor\u00edas, \u00a0no dice\u00a0 que el tratamiento de la Presidencia y del Colegio de Graduados Sociales de C\u00e1diz es de Excelent\u00edsimo \u00a0y que el Presidente de esta Corporaci\u00f3n tiene la consideraci\u00f3n honor\u00edfica de Presidente de Sala de la Audiencia Provincial, siendo una pena que el de abogados de Jerez sea Ilustr\u00edsimo, tanto como le gusta ser m\u00e1s que otros y que\u00a0 la consideraci\u00f3n de Presidente de Sala no aparezca en sus Estatutos.\u00bb<\/p>\n","protected":false},"excerpt":{"rendered":"<p>\u00a0\u00a0\u00a0\u00a0 Ante la respuesta p\u00fablica del Decano del Colegio de Abogados de Jerez, donde se ha mostrado beligerante con el logro de los Graduados Sociales de obtener el turno de oficio y como consecuencia de una Tribuna Libre publicada por el referido Decano en el Diario de Jerez el pasado domingo, d\u00eda 18 de este [&hellip;]<\/p>\n","protected":false},"author":1,"featured_media":0,"comment_status":"open","ping_status":"open","sticky":false,"template":"","format":"standard","meta":{"footnotes":""},"categories":[3],"tags":[],"class_list":["post-2006","post","type-post","status-publish","format-standard","hentry","category-vida-profesional"],"_links":{"self":[{"href":"https:\/\/elblogdejoseblasfernandez.com\/index.php?rest_route=\/wp\/v2\/posts\/2006","targetHints":{"allow":["GET"]}}],"collection":[{"href":"https:\/\/elblogdejoseblasfernandez.com\/index.php?rest_route=\/wp\/v2\/posts"}],"about":[{"href":"https:\/\/elblogdejoseblasfernandez.com\/index.php?rest_route=\/wp\/v2\/types\/post"}],"author":[{"embeddable":true,"href":"https:\/\/elblogdejoseblasfernandez.com\/index.php?rest_route=\/wp\/v2\/users\/1"}],"replies":[{"embeddable":true,"href":"https:\/\/elblogdejoseblasfernandez.com\/index.php?rest_route=%2Fwp%2Fv2%2Fcomments&post=2006"}],"version-history":[{"count":4,"href":"https:\/\/elblogdejoseblasfernandez.com\/index.php?rest_route=\/wp\/v2\/posts\/2006\/revisions"}],"predecessor-version":[{"id":2012,"href":"https:\/\/elblogdejoseblasfernandez.com\/index.php?rest_route=\/wp\/v2\/posts\/2006\/revisions\/2012"}],"wp:attachment":[{"href":"https:\/\/elblogdejoseblasfernandez.com\/index.php?rest_route=%2Fwp%2Fv2%2Fmedia&parent=2006"}],"wp:term":[{"taxonomy":"category","embeddable":true,"href":"https:\/\/elblogdejoseblasfernandez.com\/index.php?rest_route=%2Fwp%2Fv2%2Fcategories&post=2006"},{"taxonomy":"post_tag","embeddable":true,"href":"https:\/\/elblogdejoseblasfernandez.com\/index.php?rest_route=%2Fwp%2Fv2%2Ftags&post=2006"}],"curies":[{"name":"wp","href":"https:\/\/api.w.org\/{rel}","templated":true}]}}