{"id":2059,"date":"2015-11-27T17:59:12","date_gmt":"2015-11-27T16:59:12","guid":{"rendered":"http:\/\/elblogdejoseblasfernandez.com\/?p=2059"},"modified":"2015-11-27T18:03:29","modified_gmt":"2015-11-27T17:03:29","slug":"ni-ilegal-ni-ilegitima","status":"publish","type":"post","link":"https:\/\/elblogdejoseblasfernandez.com\/?p=2059","title":{"rendered":"\u00abNI ILEGAL NI ILEG\u00cdTIMA\u00bb"},"content":{"rendered":"<p style=\"text-align: justify;\">\u00a0\u00a0\u00a0\u00a0\u00a0\u00a0\u00a0\u00a0 En estos d\u00edas, el equipo de gobierno del Ayuntamiento de C\u00e1diz en un gesto\u00a0 de los muchos que hace para derivar la atenci\u00f3n de su nefasta gesti\u00f3n\u00a0 y de que el tiempo corre y est\u00e1 ya apremiado por las muchas deudas que venden a bombo y platillo, arremeten, por una parte contra las entidades financieras por su \u201cabuso\u201d en los intereses de los pr\u00e9stamos, con calificaciones propias de esa \u201ccasta\u201d ( porque ya han entrado en la criticada casta que menospreciaban),\u00a0 y por otra,\u00a0 como pedig\u00fce\u00f1os, \u00a0sacan la latita limosnera y a los mismos que insultan les piden y casi exigen les anticipen\u00a0 unos pocos de millones para ellos poder llevar a cabo su programa, \u00a0\u00a0que\u00a0 antes de gobernar\u00a0 lo vendieron\u00a0 como algo f\u00e1cil y simple de llevar a cabo, porque sus medidas eran totalmente\u00a0 \u201cviables\u201d entre gritos y alborotos que fue la m\u00fasica que le pusieron a sus peticiones.<\/p>\n<p style=\"text-align: justify;\">\u00a0\u00a0\u00a0\u00a0\u00a0\u00a0\u00a0\u00a0\u00a0 Hoy, en un alarde de desconocimiento absoluto califican la deuda del\u00a0 Ayuntamiento con los bancos de ileg\u00edtima e ilegal, habiendo anotado pinceladas de algunos portavoces del equipo de gobierno como la del Sr. Mart\u00edn Vila que habla \u201cde la liberaci\u00f3n de Sudam\u00e9rica\u201d o \u201cque la ley es injusta\u201d, tras una larga perolata de historia tendenciosa a favor de no pagar\u00a0 cuanto se debe, pero\u00a0 mirando para otro sitio para no herir mucho la sensibilidad de esas entidades.\u00a0\u00a0 Por otro lado el Delegado de Hacienda, Sr. \u00a0Navarro, tambi\u00e9n\u00a0 habla de \u201clegitimidad de los intereses,\u00a0 pero lo ileg\u00edtimo de su cuant\u00eda y que \u00e9stos atentan contra la poblaci\u00f3n en general\u201d, expresi\u00f3n sacada de wikipedia\u00a0 por que\u00a0 los conocimientos siguen siendo escasos y apuntando m\u00e1s, alardea de \u00a0que \u201cel Ministerio de Hacienda debe rebelarse contra los bancos\u201d y haciendo un cambio de palabras dice\u00a0 que \u201cla deuda ilegal se cambia por deuda ileg\u00edtima\u201d; \u00a0algo desafortunado y que\u00a0 quieren justificar por encima de todo c\u00f3mo ante una sociedad de gran\u00a0 incultura econ\u00f3mica,\u00a0 el \u00a0no pagar y no reconocer deudas los hace a ellos como h\u00e9roes de aqu\u00e9l hist\u00f3rico semanal \u201cel Capit\u00e1n Trueno\u201d.<\/p>\n<p style=\"text-align: justify;\">\u00a0\u00a0\u00a0\u00a0\u00a0\u00a0\u00a0\u00a0\u00a0 Pues bien,\u00a0 nuestro Ordenamiento Jur\u00eddico establece que los criterios para determinar el car\u00e1cter odioso o ileg\u00edtimo de una deuda tiene que estar definido en la Ley, extremo que no lo est\u00e1, pues esa ilegitimidad tiene que estar ligada al r\u00e9gimen del prestatario o bien reconocidas por la ONU como ocurri\u00f3 en los reg\u00edmenes de apartheid en \u00c1frica del Sur e Israel, por lo que no estamos, como algunos quieren vender o parecer, ante ni deudas coloniales ni deudas de los gobiernos bajo dominaci\u00f3n extranjera; estamos ante deudas contra\u00eddas en un Estado de Derecho y\u00a0 hay un claro consentimiento para\u00a0 contraerlas, pues se hizo en un ejercicio libre entre el deudor y el acreedor y no se ha violado ninguna de las reglas elementales de un Estado Democr\u00e1tico, olvidando al parecer estos \u201cchicos de Podemos\u201d que nuestro Estado Democr\u00e1tico en Espa\u00f1a se fundamenta en la divisi\u00f3n de poderes: Ejecutivo, Legislativo y Judicial y, como es normal,\u00a0 esta deuda que ellos llaman ileg\u00edtima no se ha\u00a0 contra\u00eddo ni bajo un r\u00e9gimen dictatorial ni bajo un Estado de Derecho inexistente y menos de deudas resultantes de hechos corruptos, por lo que la deuda contra\u00edda va totalmente en armon\u00eda con\u00a0 las condiciones de los\u00a0 prestamos, con clausulas legales y basadas\u00a0 en una legislaci\u00f3n formal, por lo que hablar de ilegalidad es totalmente temerario. Es decir, en el contrato de los pr\u00e9stamos\u00a0 concertados y concedidos existe un principio l\u00edcito y moral, por lo que invocar\u00a0 la doctrina de la deuda odiosa o ileg\u00edtima no conlleva m\u00e1s que a\u00a0 dar un brindis al sol y esconder la cabeza debajo del ala como el avestruz.<\/p>\n<p style=\"text-align: justify;\">\n<p style=\"text-align: justify;\">\u00a0\u00a0\u00a0\u00a0\u00a0\u00a0\u00a0\u00a0\u00a0 Se\u00f1ores del Equipo de Gobierno, os gustar\u00e1 menos o m\u00e1s, os parecer\u00e1 caro o barato, pero lo que no cabe duda es que\u00a0 calificar cualquier deuda municipal de ilegal o ileg\u00edtima es calificarla de dudosa y creo que la propia intervenci\u00f3n municipal, \u00a0que no\u00a0 valora vuestro concepto pol\u00edtico, sino vuestro concepto\u00a0 econ\u00f3mico, \u00a0hace pensar que\u00a0 no solamente est\u00e1is equivocados, sino que\u00a0 sois ignorantes en la\u00a0 materia.<\/p>\n<p style=\"text-align: justify;\">\u00a0\u00a0\u00a0\u00a0\u00a0\u00a0\u00a0\u00a0\u00a0\u00a0Cuando llegu\u00e9 al equipo de gobierno en 1995, pag\u00e1bamos en pesetas m\u00e1s de 1,5 millones diarios de intereses \u00a0y\u00a0\u00a0 nunca se calific\u00f3 de ilegal o de ileg\u00edtimo, porque nuestro estado de Derecho nos obligaba a hacer frente a los mismos, nos\u00a0 gustase o no, por lo que entiendo que hoy\u00a0 invocar vuestra doctrina como il\u00edcita o ilegal es autocalificaros de incapaces para llevar un gobierno de una ciudad. El tiempo ya os est\u00e1 poniendo en su sitio y\u00a0 por muchas reuniones\u00a0 y panfletos que tir\u00e9is\u00a0 con propaganda aparentemente venezolana y\u00a0 por mucho que comuniqu\u00e9is vuestros sentimientos sectarios, de malos y buenos y pobres y ricos, solo hay un perjudicado que es la ciudad de C\u00e1diz, que pasa el tiempo y est\u00e1 m\u00e1s sucia cada d\u00eda, vuestras promesas se incumplen por minutos y vuestras mentiras se ahogan\u00a0 en el fondo, mientras el sentido com\u00fan, la realidad y vuestra mala fe est\u00e1 subiendo hacia arriba como sube y permanece el aceite sobre el agua.<\/p>\n<p style=\"text-align: justify;\">\u00a0\u00a0\u00a0\u00a0\u00a0\u00a0\u00a0\u00a0\u00a0 Ya que sois proclives a los cambios de denominaci\u00f3n y ahora la Delegaci\u00f3n de Hacienda la denomin\u00e1is de \u201cEconom\u00eda, Hacienda, Deuda y Seguridad Ciudadana\u201d yo le agregar\u00eda al apartado de deuda, para que quede m\u00e1s llamativo y vaya de acorde con vosotros,\u00a0 la expresi\u00f3n de \u201cEconom\u00eda, Hacienda, DEUDA ILEGAL E ILEG\u00cdTIMA y Seguridad Ciudadana\u201d, as\u00ed os resultar\u00e1 mejor vuestro papel en esos discursos huecos que cada d\u00eda dais a la\u00a0 poblaci\u00f3n.<\/p>\n<p style=\"text-align: justify;\">\u00a0<\/p>\n","protected":false},"excerpt":{"rendered":"<p>\u00a0\u00a0\u00a0\u00a0\u00a0\u00a0\u00a0\u00a0 En estos d\u00edas, el equipo de gobierno del Ayuntamiento de C\u00e1diz en un gesto\u00a0 de los muchos que hace para derivar la atenci\u00f3n de su nefasta gesti\u00f3n\u00a0 y de que el tiempo corre y est\u00e1 ya apremiado por las muchas deudas que venden a bombo y platillo, arremeten, por una parte contra las entidades [&hellip;]<\/p>\n","protected":false},"author":1,"featured_media":0,"comment_status":"open","ping_status":"open","sticky":false,"template":"","format":"standard","meta":{"footnotes":""},"categories":[4],"tags":[],"class_list":["post-2059","post","type-post","status-publish","format-standard","hentry","category-vida-publica"],"_links":{"self":[{"href":"https:\/\/elblogdejoseblasfernandez.com\/index.php?rest_route=\/wp\/v2\/posts\/2059","targetHints":{"allow":["GET"]}}],"collection":[{"href":"https:\/\/elblogdejoseblasfernandez.com\/index.php?rest_route=\/wp\/v2\/posts"}],"about":[{"href":"https:\/\/elblogdejoseblasfernandez.com\/index.php?rest_route=\/wp\/v2\/types\/post"}],"author":[{"embeddable":true,"href":"https:\/\/elblogdejoseblasfernandez.com\/index.php?rest_route=\/wp\/v2\/users\/1"}],"replies":[{"embeddable":true,"href":"https:\/\/elblogdejoseblasfernandez.com\/index.php?rest_route=%2Fwp%2Fv2%2Fcomments&post=2059"}],"version-history":[{"count":2,"href":"https:\/\/elblogdejoseblasfernandez.com\/index.php?rest_route=\/wp\/v2\/posts\/2059\/revisions"}],"predecessor-version":[{"id":2072,"href":"https:\/\/elblogdejoseblasfernandez.com\/index.php?rest_route=\/wp\/v2\/posts\/2059\/revisions\/2072"}],"wp:attachment":[{"href":"https:\/\/elblogdejoseblasfernandez.com\/index.php?rest_route=%2Fwp%2Fv2%2Fmedia&parent=2059"}],"wp:term":[{"taxonomy":"category","embeddable":true,"href":"https:\/\/elblogdejoseblasfernandez.com\/index.php?rest_route=%2Fwp%2Fv2%2Fcategories&post=2059"},{"taxonomy":"post_tag","embeddable":true,"href":"https:\/\/elblogdejoseblasfernandez.com\/index.php?rest_route=%2Fwp%2Fv2%2Ftags&post=2059"}],"curies":[{"name":"wp","href":"https:\/\/api.w.org\/{rel}","templated":true}]}}