{"id":2080,"date":"2015-12-11T19:50:15","date_gmt":"2015-12-11T18:50:15","guid":{"rendered":"http:\/\/elblogdejoseblasfernandez.com\/?p=2080"},"modified":"2015-12-11T19:51:49","modified_gmt":"2015-12-11T18:51:49","slug":"tras-las-elecciones-el-pacto-de-toledo-es-necesario-convocarlo","status":"publish","type":"post","link":"https:\/\/elblogdejoseblasfernandez.com\/?p=2080","title":{"rendered":"TRAS LAS ELECCIONES, EL PACTO DE TOLEDO ES NECESARIO CONVOCARLO"},"content":{"rendered":"<p style=\"text-align: justify;\">\u00a0\u00a0\u00a0\u00a0\u00a0\u00a0\u00a0\u00a0 El aumento progresivo de los pensionistas en Espa\u00f1a y la longevidad de \u00e9stos es un fen\u00f3meno que, a medio plazo, puede traer consecuencias no deseadas, pues a nadie se le escapa que las pensiones llevan\u00a0 una carga de profundidad econ\u00f3mica que est\u00e1 alertando por su cuant\u00eda al producto interior bruto (PIB). No cabe duda que para que una \u201chucha de pensiones\u201d tenga solvencia tiene que ser\u00a0 aumentada al menos proporcionalmente en funci\u00f3n del coste general de las pensiones, pero las circunstancias del mercado de trabajo y la no estabilidad entre los contratos y afiliaciones y el n\u00famero de pensionistas, ponen la contabilidad de la Seguridad Social en una clara disminuci\u00f3n de su expansi\u00f3n, por lo que quienes a diario\u00a0 comprobamos, \u00a0por los contratos de trabajo, \u00a0cu\u00e1nto se cotiza, somos conscientes que \u00a0la reserva de pensiones hay que robustecerla y, para ello, es necesario una reuni\u00f3n del Pacto de Toledo, pues el actual sistema de financiaci\u00f3n de la Seguridad Social no es un problema solo del Gobierno, es de todos los que estamos involucrados en este sistema p\u00fablico de pensiones.<\/p>\n<p style=\"text-align: justify;\">\u00a0\u00a0\u00a0\u00a0\u00a0\u00a0\u00a0\u00a0 El Gobierno ya\u00a0 ha comunicado que se va a disponer de 7.700 millones de\u00a0 euros del Fondo de Reserva de la Seguridad Social para\u00a0 poder pagar la paga extra a los\u00a0 pensionistas en estas navidades, al menor que el pasado a\u00f1o que se dedicaron 8.000 millones, es decir, un 3,2% menos en este a\u00f1o, lo cual alivia, pero \u00a0lo que no cabe duda que aun cuando hayan \u00a0aportaciones mensuales\u00a0 para sostener el sistema, si miramos hacia atr\u00e1s, comprobaremos que la hucha se est\u00e1 reduciendo notablemente y que ya hay voces de expertos que vienen a estimar\u00a0 que en dos a\u00f1os y medio podr\u00eda agotarse dicho Fondo si no existe\u00a0 una inyecci\u00f3n\u00a0 importante para mantener y sostener las pensiones.\u00a0 <\/p>\n<p style=\"text-align: justify;\">\u00a0\u00a0\u00a0\u00a0\u00a0\u00a0\u00a0\u00a0 En estos momentos, en los que todos los partidos pol\u00edticos est\u00e1n proponiendo una bater\u00eda de medidas o un plan de choque contra la temporalidad laboral o la disminuci\u00f3n de costes por contrataci\u00f3n\u00a0 de la Seguridad Social a las empresas, hay que tener cautela, pues hablar de bonificaciones\u00a0 para aumentar el empleo, cosa en la que no creo, o las rebajas fiscales prometidas por todas las formaciones de cara al 20D es que ninguno\u00a0 tiene claro\u00a0 c\u00f3mo aumentar,\u00a0 para dar tranquilidad,\u00a0 este Fondo de Reserva, el cual se pone en\u00a0 34.221 millones de euros. Es decir,\u00a0 que desde el 2011, el Fondo se ha quedado en la mitad.<\/p>\n<p style=\"text-align: justify;\">\u00a0\u00a0\u00a0\u00a0\u00a0\u00a0\u00a0\u00a0 Criticar por criticar no tiene sentido y preocupar por preocupar a\u00fan menos, pues con las pensiones nadie debe jugar, m\u00e1xime\u00a0 cuando de ellas viven no solo los pensionistas, sino muchas familias que gracias al percibo de los mayores por esta condici\u00f3n han venido solventando y solventan\u00a0 la econom\u00eda familiar\u00a0 en una medida que hay que reconocer brillante y de tranquilidad, pero con eso\u00a0 no se puede sostener que se entre en una espiral de preocupaci\u00f3n para que el empleo que se cree aumente de verdad los ingresos por cotizaciones en la misma medida que aumenta la contrataci\u00f3n, ya que\u00a0 lo contrario provoca un d\u00e9ficit del sistema. Por lo tanto, \u00a0si de verdad se va a surtir el sistema para pagar pensiones contributivas, y el resto no contributivas van a cargo de los Presupuestos Generales del Estado, es necesario que tras las elecciones\u00a0 exista una reuni\u00f3n\u00a0 del Pacto de Toledo, donde todas las fuerzas pol\u00edticas y sindicales aborden con\u00a0 lucidez que la longevidad\u00a0 en Espa\u00f1a, algo ya\u00a0 estructural y que cada vez lleva un camino m\u00e1s ascendente,\u00a0 hay que\u00a0 negociarlo con un di\u00e1logo en la misma medida\u00a0 que se hizo con el Pacto de Toledo, donde aqu\u00ed tambi\u00e9n tiene mucho que decir los trabajadores aut\u00f3nomos que aportan serias cuotas puntualmente y sin olvidar\u00a0 a los\u00a0 profesionales \u00a0de esta materia que son los que verdaderamente conocen los flujos, \u00a0tanto de las pensiones como del empleo.<\/p>\n","protected":false},"excerpt":{"rendered":"<p>\u00a0\u00a0\u00a0\u00a0\u00a0\u00a0\u00a0\u00a0 El aumento progresivo de los pensionistas en Espa\u00f1a y la longevidad de \u00e9stos es un fen\u00f3meno que, a medio plazo, puede traer consecuencias no deseadas, pues a nadie se le escapa que las pensiones llevan\u00a0 una carga de profundidad econ\u00f3mica que est\u00e1 alertando por su cuant\u00eda al producto interior bruto (PIB). No cabe duda [&hellip;]<\/p>\n","protected":false},"author":1,"featured_media":0,"comment_status":"open","ping_status":"open","sticky":false,"template":"","format":"standard","meta":{"footnotes":""},"categories":[3],"tags":[],"class_list":["post-2080","post","type-post","status-publish","format-standard","hentry","category-vida-profesional"],"_links":{"self":[{"href":"https:\/\/elblogdejoseblasfernandez.com\/index.php?rest_route=\/wp\/v2\/posts\/2080","targetHints":{"allow":["GET"]}}],"collection":[{"href":"https:\/\/elblogdejoseblasfernandez.com\/index.php?rest_route=\/wp\/v2\/posts"}],"about":[{"href":"https:\/\/elblogdejoseblasfernandez.com\/index.php?rest_route=\/wp\/v2\/types\/post"}],"author":[{"embeddable":true,"href":"https:\/\/elblogdejoseblasfernandez.com\/index.php?rest_route=\/wp\/v2\/users\/1"}],"replies":[{"embeddable":true,"href":"https:\/\/elblogdejoseblasfernandez.com\/index.php?rest_route=%2Fwp%2Fv2%2Fcomments&post=2080"}],"version-history":[{"count":2,"href":"https:\/\/elblogdejoseblasfernandez.com\/index.php?rest_route=\/wp\/v2\/posts\/2080\/revisions"}],"predecessor-version":[{"id":2087,"href":"https:\/\/elblogdejoseblasfernandez.com\/index.php?rest_route=\/wp\/v2\/posts\/2080\/revisions\/2087"}],"wp:attachment":[{"href":"https:\/\/elblogdejoseblasfernandez.com\/index.php?rest_route=%2Fwp%2Fv2%2Fmedia&parent=2080"}],"wp:term":[{"taxonomy":"category","embeddable":true,"href":"https:\/\/elblogdejoseblasfernandez.com\/index.php?rest_route=%2Fwp%2Fv2%2Fcategories&post=2080"},{"taxonomy":"post_tag","embeddable":true,"href":"https:\/\/elblogdejoseblasfernandez.com\/index.php?rest_route=%2Fwp%2Fv2%2Ftags&post=2080"}],"curies":[{"name":"wp","href":"https:\/\/api.w.org\/{rel}","templated":true}]}}