{"id":2089,"date":"2016-01-05T14:20:57","date_gmt":"2016-01-05T13:20:57","guid":{"rendered":"http:\/\/elblogdejoseblasfernandez.com\/?p=2089"},"modified":"2016-01-05T14:20:57","modified_gmt":"2016-01-05T13:20:57","slug":"la-orden-de-la-cruz-de-san-raimundo-de-penafort","status":"publish","type":"post","link":"https:\/\/elblogdejoseblasfernandez.com\/?p=2089","title":{"rendered":"LA ORDEN DE LA CRUZ DE SAN RAIMUNDO DE PE\u00d1AFORT"},"content":{"rendered":"<p style=\"text-align: justify;\">\u00a0\u00a0\u00a0\u00a0\u00a0\u00a0\u00a0\u00a0 Recordando la efem\u00e9rides del 7 de enero, d\u00eda de San Raimundo de Pe\u00f1afort, quiero\u00a0 agradecer a mi Santo Patr\u00f3n cu\u00e1nto ha supuesto para quienes pertenecemos a la Orden las nuevas relaciones\u00a0 y los nuevos acontecimientos que han surgido desde que el 15 de Marzo de 1944, el entonces Ministro de Justicia, Eduardo Aun\u00f3s P\u00e9rez, fund\u00f3 la Orden y luego le han seguido decenas de Ministros que tambi\u00e9n han sabido continuar el rango y lo que significa\u00a0 para el mundo judicial y los profesionales del Derecho que seamos distinguidos con las diversas\u00a0 medallas o rangos que esta Orden establece.<\/p>\n<p style=\"text-align: justify;\">\u00a0\u00a0\u00a0\u00a0\u00a0\u00a0\u00a0\u00a0\u00a0\u00a0Precisamente, \u00a0<strong>yo ostento la Cruz Distinguida de Primera Clase que me fue concedida\u00a0 en el mandato del Ministro Mariano Fern\u00e1ndez Bermejo, por Orden de 11 de Octubre de 2007 \u00a0y la Cruz de Honor que lo hizo el Ministro Alberto Ruiz-Gallard\u00f3n Jim\u00e9nez, tambi\u00e9n por Orden de 23 de Junio de 2012, <\/strong>\u00a0por lo que en esta efem\u00e9rides quiero agradecer que como profesional del Derecho y con la apertura del a\u00f1o judicial, el cual \u00a0\u00a0est\u00e1 presidido por Su Majestad El Rey Felipe VI, tenga un recuerdo especial a los 70 a\u00f1os de la Orden de San Raimundo de Pe\u00f1afort, reconocida y apreciada en todos los \u00e1mbitos de la Justicia y del Derecho y que \u00a0viene acogiendo en su seno tanto a las \u00e9lites de la Magistratura, el Foro y la C\u00e1tedra, as\u00ed como al personal de la Administraci\u00f3n de Justicia y tambi\u00e9n a aquellos otros ciudadanos que han prestado relevantes servicios al Estado \u00a0en el \u00e1mbito judicial y jur\u00eddico, entre los que nos encontramos\u00a0 el colectivo de Graduados Sociales, siendo ya un gran n\u00famero de sus miembros los que ostentan algunas de estas distinciones.<\/p>\n<p style=\"text-align: justify;\">\n<p style=\"text-align: justify;\">\u00a0Felicidades a todos por el D\u00eda de San Raimundo de Pe\u00f1afort.<\/p>\n<p style=\"text-align: justify;\">\u00a0<\/p>\n<p style=\"text-align: justify;\">\u00a0<\/p>\n<p style=\"text-align: justify;\">\u00a0<\/p>\n<p style=\"text-align: justify;\">\u00a0<\/p>\n","protected":false},"excerpt":{"rendered":"<p>\u00a0\u00a0\u00a0\u00a0\u00a0\u00a0\u00a0\u00a0 Recordando la efem\u00e9rides del 7 de enero, d\u00eda de San Raimundo de Pe\u00f1afort, quiero\u00a0 agradecer a mi Santo Patr\u00f3n cu\u00e1nto ha supuesto para quienes pertenecemos a la Orden las nuevas relaciones\u00a0 y los nuevos acontecimientos que han surgido desde que el 15 de Marzo de 1944, el entonces Ministro de Justicia, Eduardo Aun\u00f3s P\u00e9rez, [&hellip;]<\/p>\n","protected":false},"author":1,"featured_media":0,"comment_status":"open","ping_status":"open","sticky":false,"template":"","format":"standard","meta":{"footnotes":""},"categories":[3],"tags":[],"class_list":["post-2089","post","type-post","status-publish","format-standard","hentry","category-vida-profesional"],"_links":{"self":[{"href":"https:\/\/elblogdejoseblasfernandez.com\/index.php?rest_route=\/wp\/v2\/posts\/2089","targetHints":{"allow":["GET"]}}],"collection":[{"href":"https:\/\/elblogdejoseblasfernandez.com\/index.php?rest_route=\/wp\/v2\/posts"}],"about":[{"href":"https:\/\/elblogdejoseblasfernandez.com\/index.php?rest_route=\/wp\/v2\/types\/post"}],"author":[{"embeddable":true,"href":"https:\/\/elblogdejoseblasfernandez.com\/index.php?rest_route=\/wp\/v2\/users\/1"}],"replies":[{"embeddable":true,"href":"https:\/\/elblogdejoseblasfernandez.com\/index.php?rest_route=%2Fwp%2Fv2%2Fcomments&post=2089"}],"version-history":[{"count":1,"href":"https:\/\/elblogdejoseblasfernandez.com\/index.php?rest_route=\/wp\/v2\/posts\/2089\/revisions"}],"predecessor-version":[{"id":2093,"href":"https:\/\/elblogdejoseblasfernandez.com\/index.php?rest_route=\/wp\/v2\/posts\/2089\/revisions\/2093"}],"wp:attachment":[{"href":"https:\/\/elblogdejoseblasfernandez.com\/index.php?rest_route=%2Fwp%2Fv2%2Fmedia&parent=2089"}],"wp:term":[{"taxonomy":"category","embeddable":true,"href":"https:\/\/elblogdejoseblasfernandez.com\/index.php?rest_route=%2Fwp%2Fv2%2Fcategories&post=2089"},{"taxonomy":"post_tag","embeddable":true,"href":"https:\/\/elblogdejoseblasfernandez.com\/index.php?rest_route=%2Fwp%2Fv2%2Ftags&post=2089"}],"curies":[{"name":"wp","href":"https:\/\/api.w.org\/{rel}","templated":true}]}}