{"id":2094,"date":"2016-01-07T09:56:35","date_gmt":"2016-01-07T08:56:35","guid":{"rendered":"http:\/\/elblogdejoseblasfernandez.com\/?p=2094"},"modified":"2016-01-07T09:57:26","modified_gmt":"2016-01-07T08:57:26","slug":"2094","status":"publish","type":"post","link":"https:\/\/elblogdejoseblasfernandez.com\/?p=2094","title":{"rendered":"NOVEDADES JURIDICO-LABORALES DICIEMBRE 2015"},"content":{"rendered":"<p>\u00a0 Como de costumbre, comparto la circular informativa que mensualmente se edita en mi Despacho<\/p>\n<p><strong>DECLARACIONES FISCALES:<\/strong><\/p>\n<p style=\"text-align: justify;\">\u00a0\u00a0\u00a0\u00a0\u00a0\u00a0\u00a0\u00a0\u00a0 <em>Le\/s recordamos que el <span style=\"text-decoration: underline;\">pr\u00f3ximo d\u00eda 20 de Enero de 2016\u00a0 finalizar\u00e1 el plazo<\/span><\/em><em>\u00a0 para\u00a0 la presentaci\u00f3n y abono, en su caso, del 4\u00ba Trimestre del <\/em><em><span style=\"text-decoration: underline;\">Modelo 111<\/span><\/em><em>, as\u00ed como a finales del mismo mes\u00a0 la presentaci\u00f3n del resumen anual de retenciones e ingresos a cuenta <\/em><em><span style=\"text-decoration: underline;\">(Modelo 190<\/span><\/em><em>), por lo que le\/s rogamos que, en la medida que sea posible y <span style=\"text-decoration: underline;\">a la mayor brevedad,\u00a0 nos comunique\/n<\/span>\u00a0 los profesionales que le\/s haya\/n\u00a0 minutado en este \u00faltimo trimestre del ejercicio para incluirlos en dichos modelos. <span style=\"text-decoration: underline;\">Todo ello durante los primeros d\u00edas del pr\u00f3ximo mes de Enero\/2016.<\/span><\/em><\/p>\n<p>&nbsp;<\/p>\n<p><strong><\/strong>\u00a0<\/p>\n<p><strong>NUEVO SISTEMA DE GESTI\u00d3N DEL IVA:<\/strong><\/p>\n<p style=\"text-align: justify;\"><strong>\u00a0<\/strong><em>\u00a0\u00a0\u00a0\u00a0\u00a0\u00a0\u00a0\u00a0 <span style=\"text-decoration: underline;\">La Agencia Tributaria ha lanzado una estrategia de modernizaci\u00f3n en la gesti\u00f3n del Impuesto sobre el Valor A\u00f1adido<\/span> que permitir\u00e1 agilizar las <strong>devoluciones<\/strong>, proporcionar al contribuyente los datos fiscales para su declaraci\u00f3n y practicar las actuaciones de comprobaci\u00f3n de manera m\u00e1s \u00e1gil y efectiva, todo ello gracias al <span style=\"text-decoration: underline;\">conocimiento pr\u00e1cticamente en tiempo real que tendr\u00e1 la Agencia de las transacciones comerciales en las que participen los adscritos al sistema.<\/span><\/em><\/p>\n<p style=\"text-align: justify;\"><em>\u00a0\u00a0\u00a0\u00a0\u00a0\u00a0\u00a0\u00a0 El nuevo sistema de <strong>Suministro Inmediato de Informaci\u00f3n (SII)<\/strong> <strong>entrar\u00e1 en vigor el 1 de enero de 2017<\/strong>, de manera que exista margen temporal suficiente para introducir los necesarios cambios normativos, adaptar los sistemas inform\u00e1ticos de la Agencia Tributaria y facilitar la adecuaci\u00f3n de los contribuyentes. <span style=\"text-decoration: underline;\">\u00danicamente ser\u00e1 obligatorio para un colectivo de unos 62.000 contribuyentes, formado por grandes empresas, grupos societarios a efectos de IVA e inscritos en el r\u00e9gimen de devoluci\u00f3n mensual del impuesto<\/span> (\u2018Redeme\u2019); colectivo que, sin embargo, representa el 80% de la facturaci\u00f3n total de los sujetos pasivos de IVA en Espa\u00f1a. <span style=\"text-decoration: underline;\">El resto podr\u00e1n acogerse voluntariamente y, si lo desean, renunciar al sistema al final de cada a\u00f1o.<\/span><\/em><\/p>\n<p style=\"text-align: justify;\"><em>\u00a0\u00a0\u00a0\u00a0\u00a0\u00a0\u00a0\u00a0 Siguiendo un esquema similar al tradicional en el IRPF<span style=\"text-decoration: underline;\">, el nuevo sistema permitir\u00e1 a la Agencia Tributaria crear unos datos fiscales que podr\u00e1 utilizar el contribuyente a la hora de presentar su declaraci\u00f3n de IVA<\/span>. <span style=\"text-decoration: underline;\">Adem\u00e1s<\/span>, y con el objetivo de que el sujeto pasivo pueda verificar el detalle de las operaciones que se le imputan y utilizar esta informaci\u00f3n de contraste en la elaboraci\u00f3n de su declaraci\u00f3n, <span style=\"text-decoration: underline;\">se ampl\u00eda el plazo de presentaci\u00f3n de las autoliquidaciones peri\u00f3dicas hasta los primeros treinta d\u00edas naturales del mes siguiente al correspondiente periodo de liquidaci\u00f3n mensual o trimestral,<\/span> seg\u00fan proceda, o hasta el final del mes de febrero, en el caso de la liquidaci\u00f3n mensual de enero.<\/em><\/p>\n<p><strong>CAMBIO DE BASE DE COTIZACI\u00d3N PARA TRABAJADORES AUT\u00d3NOMOS<\/strong>:\u00a0\u00a0\u00a0 <\/p>\n<p style=\"text-align: justify;\">\u00a0\u00a0\u00a0\u00a0\u00a0\u00a0\u00a0\u00a0\u00a0 <em>Le\/s recordamos que <span style=\"text-decoration: underline;\">a partir del d\u00eda 1 de Enero de 2016<\/span><\/em><em>, los trabajadores aut\u00f3nomos podr\u00e1n solicitar\u00a0 la modificaci\u00f3n de su base de cotizaci\u00f3n, bien increment\u00e1ndola\u00a0 o disminuy\u00e9ndola,\u00a0 si\u00a0 vienen cotizando\u00a0 por una base de cotizaci\u00f3n superior a la\u00a0 m\u00ednima establecida,\u00a0\u00a0 <span style=\"text-decoration: underline;\">para que tenga efectos dicha modificaci\u00f3n\u00a0\u00a0 a partir del d\u00eda 1 de Julio del mismo a\u00f1o 2016<\/span><\/em><em>, por lo que si desea\/n iniciar dicho tr\u00e1mite le\/s rogamos se ponga\/n en contacto con este despacho, a la mayor brevedad posible. <\/em><\/p>\n<p>\u00a0<strong>MODELO 145 DE COMUNICACI\u00d3N DE DATOS AL PAGADOR:<\/strong><\/p>\n<p style=\"text-align: justify;\"><strong>\u00a0\u00a0\u00a0\u00a0\u00a0\u00a0\u00a0\u00a0 <\/strong><em>Ha entrado en vigor un nuevo modelo 145 de comunicaci\u00f3n de datos al pagador, en el que se ha incluido un nuevo subapartado en el punto 1, por lo que a partir de esta fecha los trabajadores deber\u00e1n utilizar este nuevo impreso para comunicar cualquier variaci\u00f3n en su situaci\u00f3n familiar para la correcta aplicaci\u00f3n del IRPF de sus nominas. Dicho modelo le\/s ser\u00e1 facilitado por este Despacho, como es costumbre.<\/em><\/p>\n<p><strong>MODELO 347 DE DECLARACI\u00d3N ANUAL DE OPERACIONES CON TERCERAS PERSONAS.<\/strong><\/p>\n<p style=\"text-align: justify;\">\u00a0\u00a0\u00a0\u00a0\u00a0\u00a0\u00a0\u00a0\u00a0 <em>Le\/s recordamos que\u00a0 <\/em><em>el Modelo 347 (declaraci\u00f3n de operaciones\u00a0 con terceras personas) se presentar\u00e1 durante el mes de Febrero pr\u00f3ximo, finalizando el plazo el d\u00eda \u00a029.<\/em><em> <\/em><\/p>\n<p><strong>PRESUESTOS GENERALES DEL ESTADO PARA 2016-NOVEDADES<\/strong>:<\/p>\n<p style=\"text-align: justify;\">\u00a0\u00a0\u00a0\u00a0\u00a0\u00a0\u00a0\u00a0\u00a0 <em>Como todos los a\u00f1os, a primeros del mes de Enero entra en vigor la Ley de Presupuestos Generales del Estado y para el 2016, estas son las principales novedades, entre otras:<\/em><\/p>\n<p style=\"text-align: justify;\">&#8211;\u00a0\u00a0\u00a0\u00a0\u00a0\u00a0\u00a0\u00a0 <em><span style=\"text-decoration: underline;\">Las pensiones<\/span><\/em><em> del Sistema de la Seguridad Social y de Clases Pasivas <span style=\"text-decoration: underline;\">se incrementan\u00a0 con car\u00e1cter general en el\u00a0 0,25.<\/span><\/em><em><\/em><\/p>\n<p style=\"text-align: justify;\">&#8211;\u00a0\u00a0\u00a0\u00a0\u00a0\u00a0\u00a0\u00a0 <em>Para el reconocimiento de complementos por m\u00ednimos en las pensiones de la S.Social, los ingresos de\u00a0 los pensionistas\u00a0 por rendimientos del trabajo, del capital, o de actividades econ\u00f3micas y ganancias patrimoniales no deben superar los 7.116,18.- euros anuales.<\/em><em><\/em><\/p>\n<p style=\"text-align: justify;\">&#8211;\u00a0\u00a0\u00a0\u00a0\u00a0\u00a0\u00a0\u00a0 <em>Tendr\u00e1n la consideraci\u00f3n\u00a0 de <span style=\"text-decoration: underline;\">gasto deducible para la determinaci\u00f3n\u00a0 del rendimiento neto en estimaci\u00f3n directa<\/span>, <span style=\"text-decoration: underline;\">las primas de seguro de enfermedad satisfechas por el contribuyente en la parte correspondiente a su propia cobertura\u00a0 y a la de su c\u00f3nyuge e hijos menores de 25 a\u00f1os que convivan con \u00e9l<\/span>. El l\u00edmite m\u00e1ximo de deducci\u00f3n ser\u00e1 de 500 euros por cada una de las personas se\u00f1aladas o de 1.500 euros por cada una de ellas con discapacidad.<\/em><em><\/em><\/p>\n<p><strong><em>\u00a0<\/em><\/strong>&#8211;\u00a0\u00a0\u00a0\u00a0\u00a0\u00a0\u00a0\u00a0 <em>Para el a\u00f1o 2016, la Base de Cotizaci\u00f3n\u00a0 M\u00e1xima ser\u00e1 de 3.642,00.- euros mensuales.<\/em><em><\/em><\/p>\n<p style=\"text-align: justify;\"><strong><em>\u00a0<\/em><\/strong>&#8211;\u00a0\u00a0\u00a0\u00a0\u00a0\u00a0\u00a0\u00a0 <em><span style=\"text-decoration: underline;\">La Base M\u00ednima de cotizaci\u00f3n para el Trabajador Aut\u00f3nomo ser\u00e1 de 893,10.- euros mensuales<\/span><\/em><em> para el 2016. Para los Aut\u00f3nomos que a 1 de Enero de 2016 tengan 47 a\u00f1os de edad o m\u00e1s, su base m\u00e1xima de cotizaci\u00f3n (de no tener otra superior) no podr\u00e1 exceder de 1.964,70.- euros mensuales.<\/em><em><\/em><\/p>\n<p style=\"text-align: justify;\">&#8211;\u00a0\u00a0\u00a0\u00a0\u00a0\u00a0\u00a0\u00a0 <em><span style=\"text-decoration: underline;\">Los trabajadores aut\u00f3nomos que simultaneen\u00a0 su trabajo por cuenta propia con\u00a0 un trabajo por cuenta ajena<\/span><\/em><em> y hayan cotizado respecto de las contingencias comunes por\u00a0 \u00a0una cuant\u00eda\u00a0 igual o superior a 12.368,23.- euros, <span style=\"text-decoration: underline;\">tendr\u00e1n derecho a la devoluci\u00f3n\u00a0 del 50% del exceso. La devoluci\u00f3n\u00a0 se efectuar\u00e1 a instancias del\u00a0 interesado, dentro de los cuatro primeros meses del ejercicio siguiente.<\/span><\/em><em><\/em><\/p>\n<p style=\"text-align: justify;\">&#8211;\u00a0\u00a0\u00a0\u00a0\u00a0\u00a0\u00a0\u00a0 <em>Para los aut\u00f3nomos que en alg\u00fan momento del a\u00f1o 2015 y de manera simult\u00e1nea hayan tenido contratado a su servicio un n\u00ba de trabajadores igual o superior a 10, la base m\u00ednima de cotizaci\u00f3n para el a\u00f1o 2016 ser\u00e1\u00a0 igual a la cuant\u00eda que se establezca para los trabajadores por cuenta ajena del grupo 1 de cotizaci\u00f3n del R\u00e9gimen General.<\/em><\/p>\n<p>&#8211;\u00a0\u00a0\u00a0\u00a0\u00a0\u00a0\u00a0\u00a0 <em>El inter\u00e9s legal del dinero ser\u00e1 del 3,00% y el inter\u00e9s de demora del 3,75%.<\/em><\/p>\n<p>&#8211;\u00a0\u00a0\u00a0\u00a0\u00a0\u00a0\u00a0\u00a0 <em>El Indicador P\u00fablico de Renta (IPREM) para el 2016 ascender\u00e1 a 532,51.- euros mensuales.<\/em><\/p>\n<p style=\"text-align: justify;\"><strong><em>\u00a0<\/em><\/strong>&#8211;\u00a0\u00a0\u00a0\u00a0\u00a0\u00a0\u00a0\u00a0 <em><span style=\"text-decoration: underline;\">Durante el 2016 se prorroga las medias de apoyo a la prolongaci\u00f3n del periodo de actividad de los trabajadores con contratos fijos discontinuos en los sectores de turismo\u00a0 y hosteler\u00eda vinculados a la actividad tur\u00edstica<\/span><\/em><em> (50% de bonificaci\u00f3n\u00a0 de las cuotas por contingencias comunes, Desempleo, FOGASA y Formaci\u00f3n Profesional) durante los meses desde Febrero, Marzo y\u00a0 Noviembre.<\/em><\/p>\n<p style=\"text-align: justify;\">&#8211;\u00a0\u00a0\u00a0\u00a0\u00a0\u00a0\u00a0\u00a0 <em><span style=\"text-decoration: underline;\">Complemento por maternidad en las pensiones contributivas<\/span><\/em><em>: Se reconoce\u00a0 un complemento de pensi\u00f3n, por su aportaci\u00f3n demogr\u00e1fica a la Seguridad Social, a las mujeres que hayan tenido hijos naturales o adoptados y sean beneficiarias de\u00a0 pensiones contributivas de jubilaci\u00f3n, viudedad e incapacidad permanente, <span style=\"text-decoration: underline;\">aplic\u00e1ndose a la cuant\u00eda inicial de la pensi\u00f3n un determinado porcentaje seg\u00fan el n\u00ba de hijos,<\/span> siendo del 5% en el caso de 2 hijos; del 10% en el caso de 3 hijos y del 15% \u00a0en el caso de 4 o m\u00e1s hijos. <span style=\"text-decoration: underline;\">Todo ello, para las pensiones que se causen a partir del 1 de Enero de 2016<\/span>.<\/em><\/p>\n<p style=\"text-align: justify;\"><strong><em>\u00a0<\/em><\/strong>&#8211;\u00a0\u00a0\u00a0\u00a0\u00a0\u00a0\u00a0\u00a0 <em><span style=\"text-decoration: underline;\">Compatibilidad de las pensiones<\/span><\/em><em>: Las pensiones de invalidez, en su modalidad no contributiva, no impedir\u00e1n el ejercicio de aquellas actividades, sean o no lucrativas, compatibles con el estado del inv\u00e1lido y que no representen un cambio en su capacidad de trabajo.<\/em><\/p>\n<p style=\"text-align: justify;\">&#8211;\u00a0\u00a0\u00a0\u00a0\u00a0\u00a0\u00a0\u00a0 <em><span style=\"text-decoration: underline;\">Vacaciones y suspensi\u00f3n de contrato<\/span><\/em><em>: Cuando las situaciones de permiso de maternidad, incapacidad temporal, riesgo durante el embarazo o lactancia impidan iniciar el disfrute de las vacaciones dentro del a\u00f1o natural al que correspondan, o una vez iniciado el\u00a0 periodo vacaciones sobreviniera\u00a0 una de dichas situaciones, <span style=\"text-decoration: underline;\">el periodo vacacional se podr\u00e1 disfrutar\u00a0 aunque haya terminado el a\u00f1o natural a que correspondan y siempre que no hayan transcurrido\u00a0 m\u00e1s de 18 meses a partir del final del a\u00f1o en que se hayan originado.<\/span><\/em><\/p>\n<p><strong>CALENDARIO DE APERTURA DE COMERCIOS EN DOMINGOS Y FESTIVOS<\/strong>:\u00a0 <\/p>\n<p style=\"text-align: justify;\">\u00a0<em>\u00a0\u00a0\u00a0\u00a0\u00a0\u00a0\u00a0 Le\/s recordamos que el pr\u00f3ximo d\u00eda <\/em><em><span style=\"text-decoration: underline;\">3 de Enero de 2016 (Domingo<\/span><\/em><em>), los comercios podr\u00e1n abrir sus puertas al p\u00fablico, seg\u00fan\u00a0 Orden de 2 de Diciembre \u00a0\u00a0de la Consejer\u00eda de Empleo, Empresa y Comercio de la Junta de Andaluc\u00eda.<\/em><\/p>\n<p><strong>DIAS FESTIVOS.<\/strong><\/p>\n<p style=\"text-align: justify;\">\u00a0\u00a0\u00a0\u00a0\u00a0\u00a0\u00a0\u00a0\u00a0 <em>Los pr\u00f3ximos <span style=\"text-decoration: underline;\">d\u00edas <\/span><span style=\"text-decoration: underline;\">1 de enero, \u00a0A\u00f1o Nuevo<\/span><\/em><em><span style=\"text-decoration: underline;\">,\u00a0\u00a0 (viernes) y 6 de enero<\/span><\/em><em><span style=\"text-decoration: underline;\">, Epifan\u00eda del Se\u00f1or (mi\u00e9rcoles), son considerados d\u00edas festivos<\/span><\/em><em>, seg\u00fan Resoluci\u00f3n de 19 de Octubre de 2015, de la Direcci\u00f3n General de Empleo.<\/em><em><\/em><\/p>\n<p style=\"text-align: center;\">********************\u00a0<\/p>\n","protected":false},"excerpt":{"rendered":"<p>\u00a0 Como de costumbre, comparto la circular informativa que mensualmente se edita en mi Despacho DECLARACIONES FISCALES: \u00a0\u00a0\u00a0\u00a0\u00a0\u00a0\u00a0\u00a0\u00a0 Le\/s recordamos que el pr\u00f3ximo d\u00eda 20 de Enero de 2016\u00a0 finalizar\u00e1 el plazo\u00a0 para\u00a0 la presentaci\u00f3n y abono, en su caso, del 4\u00ba Trimestre del Modelo 111, as\u00ed como a finales del mismo mes\u00a0 la presentaci\u00f3n [&hellip;]<\/p>\n","protected":false},"author":1,"featured_media":0,"comment_status":"open","ping_status":"open","sticky":false,"template":"","format":"standard","meta":{"footnotes":""},"categories":[3],"tags":[],"class_list":["post-2094","post","type-post","status-publish","format-standard","hentry","category-vida-profesional"],"_links":{"self":[{"href":"https:\/\/elblogdejoseblasfernandez.com\/index.php?rest_route=\/wp\/v2\/posts\/2094","targetHints":{"allow":["GET"]}}],"collection":[{"href":"https:\/\/elblogdejoseblasfernandez.com\/index.php?rest_route=\/wp\/v2\/posts"}],"about":[{"href":"https:\/\/elblogdejoseblasfernandez.com\/index.php?rest_route=\/wp\/v2\/types\/post"}],"author":[{"embeddable":true,"href":"https:\/\/elblogdejoseblasfernandez.com\/index.php?rest_route=\/wp\/v2\/users\/1"}],"replies":[{"embeddable":true,"href":"https:\/\/elblogdejoseblasfernandez.com\/index.php?rest_route=%2Fwp%2Fv2%2Fcomments&post=2094"}],"version-history":[{"count":2,"href":"https:\/\/elblogdejoseblasfernandez.com\/index.php?rest_route=\/wp\/v2\/posts\/2094\/revisions"}],"predecessor-version":[{"id":2103,"href":"https:\/\/elblogdejoseblasfernandez.com\/index.php?rest_route=\/wp\/v2\/posts\/2094\/revisions\/2103"}],"wp:attachment":[{"href":"https:\/\/elblogdejoseblasfernandez.com\/index.php?rest_route=%2Fwp%2Fv2%2Fmedia&parent=2094"}],"wp:term":[{"taxonomy":"category","embeddable":true,"href":"https:\/\/elblogdejoseblasfernandez.com\/index.php?rest_route=%2Fwp%2Fv2%2Fcategories&post=2094"},{"taxonomy":"post_tag","embeddable":true,"href":"https:\/\/elblogdejoseblasfernandez.com\/index.php?rest_route=%2Fwp%2Fv2%2Ftags&post=2094"}],"curies":[{"name":"wp","href":"https:\/\/api.w.org\/{rel}","templated":true}]}}